{"id":20680,"date":"2019-08-28T17:04:54","date_gmt":"2019-08-28T17:04:54","guid":{"rendered":"https:\/\/www.uta.cl\/?p=20680"},"modified":"2019-08-28T18:52:29","modified_gmt":"2019-08-28T18:52:29","slug":"uta-titula-a-mas-de-160-estudiantes-de-la-facultad-de-ingenieria","status":"publish","type":"post","link":"https:\/\/www.uta.cl\/index.php\/2019\/08\/28\/uta-titula-a-mas-de-160-estudiantes-de-la-facultad-de-ingenieria\/","title":{"rendered":"UTA titula a m\u00e1s de 160 estudiantes de la Facultad de Ingenier\u00eda"},"content":{"rendered":"\n<p>La actividad realizada en el Gimnasio Mayor de la Universidad de Tarapac\u00e1 y participaron autoridades universitarias, directores de departamentos, jefes de carreras, acad\u00e9micos y familiares de los egresados.  <\/p>\n\n\n\n<figure class=\"wp-block-image\"><a href=\"https:\/\/www.uta.cl\/wp-content\/uploads\/2019\/08\/000_DSC_5492.jpg\"><img loading=\"lazy\" width=\"1000\" height=\"678\" src=\"https:\/\/www.uta.cl\/wp-content\/uploads\/2019\/08\/000_DSC_5492.jpg\" alt=\"\" class=\"wp-image-20688\" srcset=\"https:\/\/www.uta.cl\/wp-content\/uploads\/2019\/08\/000_DSC_5492.jpg 1000w, https:\/\/www.uta.cl\/wp-content\/uploads\/2019\/08\/000_DSC_5492-300x203.jpg 300w, https:\/\/www.uta.cl\/wp-content\/uploads\/2019\/08\/000_DSC_5492-768x521.jpg 768w\" sizes=\"(max-width: 1000px) 100vw, 1000px\" \/><\/a><\/figure>\n\n\n\n<p>Las\ncarreras de ingenier\u00eda que titularon a sus estudiantes fueron:\nIngenier\u00eda Civil Industrial, Ingenier\u00eda Civil en Computaci\u00f3n e\nInform\u00e1tica, Ingenier\u00eda Civil Mec\u00e1nica, Ingenier\u00eda de Ejecuci\u00f3n\nMec\u00e1nica, Ingenier\u00eda Mecatr\u00f3nica, Ingenier\u00eda Civil Electr\u00f3nica,\nIngenier\u00eda Civil El\u00e9ctrica, Ingenier\u00eda de Ejecuci\u00f3n Electr\u00f3nica,\nIngenier\u00eda de Ejecuci\u00f3n El\u00e9ctrica; Programa Acad\u00e9mico Especial de\nIngenier\u00eda El\u00e9ctrica y Electr\u00f3nica y T\u00e9cnico Universitario en\nMantenci\u00f3n de Maquinaria Industrial y Minera.<\/p>\n\n\n\n<p>El\nDecano de la Facultad de Ingenier\u00eda, Alejandro Rodr\u00edguez Estay,\nexpres\u00f3 su alegr\u00eda al ver cumplido el objetivo de la facultad al\ntitular a egresados de estas carreras. \u201cLa Universidad de Tarapac\u00e1\nen estos \u00faltimos a\u00f1os se ha ido consolidando dentro del grupo\nselecto de las mejores universidades del pa\u00eds y ello se debe al\naporte de cada uno de ustedes. Esta Universidad los vio llegar con\nsue\u00f1os y quiz\u00e1s temores, pero supieron enfrentar los desaf\u00edos y\nperseveraron en sus sue\u00f1os, y hoy se van como profesionales\u201d. \n<\/p>\n\n\n\n<p>\u201cLas\nnuevas tecnolog\u00edas nos ayudar\u00e1n a abordar algunas de las \u00e1reas\nproblem\u00e1ticas m\u00e1s acuciantes del siglo XXI, incluyendo la salud, la\neducaci\u00f3n, la energ\u00eda, la inclusi\u00f3n econ\u00f3mica y el medio\nambiente, pero tambi\u00e9n debemos identificar los nuevos riesgos que si\nno se abordan adecuadamente podr\u00edan amenazar nuestro bienestar.\nDebemos aprovechar las oportunidades y reducir los riesgos, es por\neso que el pa\u00eds, la sociedad requiere de ingenieros, necesita de\nvuestra creatividad y capacidades para enfrentar en pleno el siglo\nXXI. Ese ser\u00e1 vuestro trabajo y parte importante de sus vidas y\ndeben hacerlo bien, amando lo que hacen, pensando en las personas que\nmenos tienen, buscando la excelencia\u201d, agreg\u00f3 el decano. \n<\/p>\n\n\n\n<p>Y\nagreg\u00f3 que, \u201cpara estos grandes desaf\u00edos est\u00e1n preparados, han\nrecorrido un camino con esfuerzo y perseverancia, fueron sorteando \ncon \u00e9xito duras jornadas de estudio, asignaturas dif\u00edciles y\nprofesores exigentes. Sin embargo, el viaje que emprendieron hace\nalgunos a\u00f1os, a\u00fan continua\u201d, destac\u00f3 el decano. \n<\/p>\n\n\n\n<p>Posteriormente\nla ceremonia prosigui\u00f3 con la toma de juramento de honor cumpliendo\nesta relevante misi\u00f3n la Secretaria de la Universidad de Tarapac\u00e1,\nPaula Lepe Caiconte, para luego proceder a la entrega de los t\u00edtulos\ny grados acad\u00e9micos a los egresados que terminan esta etapa plena de\nexigencias personales y profesionales. \n<\/p>\n\n\n\n<p>El\nIngeniero Civil Mec\u00e1nico, Francisco Moraga Ram\u00edrez, fue el\nencargado de entregar sus palabras en representaci\u00f3n de los\ntitulados, expresando que, \u201csean mis palabras para agradecer a la\nUniversidad de Tarapac\u00e1, nuestra alma m\u00e1ter, por acogernos y\nformarnos como profesionales, a sus acad\u00e9micos y funcionarios, y a\ntodos quienes cada d\u00eda se esfuerzan por engrandecer a esta\nInstituci\u00f3n\u201d. \n<\/p>\n\n\n\n<p>\u201cEn\nestas formidables tareas que tenemos por delante, los ingenieros\nestamos llamados a desempe\u00f1ar un rol protag\u00f3nico. Nuestra funci\u00f3n\ny nuestra obligaci\u00f3n es la de poner todos nuestros conocimientos y\ntodos nuestros esfuerzos para tratar de conseguir que la poblaci\u00f3n\nmundial pueda satisfacer, a pesar de las dificultades de este nuevo\nescenario, todas sus necesidades b\u00e1sicas\u201d, agreg\u00f3 Francisco\nMoraga.<\/p>\n\n\n\n<p>Concluy\u00f3\nse\u00f1alando que, \u201cestimados graduados. Terminamos la carrera \u00a1S\u00ed,\nla terminamos! Ahora salgamos por esa puerta, a caminar confiados en\nnuestra formaci\u00f3n, a disfrutar cada peque\u00f1o logro, a brillar con\nluz propia, a construir un mejor pa\u00eds, m\u00e1s pr\u00f3spero, m\u00e1s sano,\nm\u00e1s justo y por sobre todo, m\u00e1s feliz\u201d. \n<\/p>\n\n\n\n<ul class=\"wp-block-gallery columns-3 is-cropped\"><li class=\"blocks-gallery-item\"><figure><a href=\"https:\/\/www.uta.cl\/wp-content\/uploads\/2019\/08\/000_DSC_5511-683x1024.jpg\"><img loading=\"lazy\" width=\"683\" height=\"1024\" src=\"https:\/\/www.uta.cl\/wp-content\/uploads\/2019\/08\/000_DSC_5511-683x1024.jpg\" alt=\"\" data-id=\"20692\" data-link=\"https:\/\/www.uta.cl\/?attachment_id=20692\" class=\"wp-image-20692\" srcset=\"https:\/\/www.uta.cl\/wp-content\/uploads\/2019\/08\/000_DSC_5511-683x1024.jpg 683w, https:\/\/www.uta.cl\/wp-content\/uploads\/2019\/08\/000_DSC_5511-200x300.jpg 200w, https:\/\/www.uta.cl\/wp-content\/uploads\/2019\/08\/000_DSC_5511-768x1152.jpg 768w, https:\/\/www.uta.cl\/wp-content\/uploads\/2019\/08\/000_DSC_5511.jpg 1000w\" sizes=\"(max-width: 683px) 100vw, 683px\" \/><\/a><\/figure><\/li><li class=\"blocks-gallery-item\"><figure><a href=\"https:\/\/www.uta.cl\/wp-content\/uploads\/2019\/08\/000_DSC_5506.jpg\"><img loading=\"lazy\" width=\"667\" height=\"1000\" src=\"https:\/\/www.uta.cl\/wp-content\/uploads\/2019\/08\/000_DSC_5506.jpg\" alt=\"\" data-id=\"20691\" data-link=\"https:\/\/www.uta.cl\/?attachment_id=20691\" class=\"wp-image-20691\" srcset=\"https:\/\/www.uta.cl\/wp-content\/uploads\/2019\/08\/000_DSC_5506.jpg 667w, https:\/\/www.uta.cl\/wp-content\/uploads\/2019\/08\/000_DSC_5506-200x300.jpg 200w\" sizes=\"(max-width: 667px) 100vw, 667px\" \/><\/a><\/figure><\/li><li class=\"blocks-gallery-item\"><figure><a href=\"https:\/\/www.uta.cl\/wp-content\/uploads\/2019\/08\/000_DSC_5498.jpg\"><img loading=\"lazy\" width=\"1000\" height=\"666\" src=\"https:\/\/www.uta.cl\/wp-content\/uploads\/2019\/08\/000_DSC_5498.jpg\" alt=\"\" data-id=\"20690\" data-link=\"https:\/\/www.uta.cl\/?attachment_id=20690\" class=\"wp-image-20690\" srcset=\"https:\/\/www.uta.cl\/wp-content\/uploads\/2019\/08\/000_DSC_5498.jpg 1000w, https:\/\/www.uta.cl\/wp-content\/uploads\/2019\/08\/000_DSC_5498-300x200.jpg 300w, https:\/\/www.uta.cl\/wp-content\/uploads\/2019\/08\/000_DSC_5498-768x511.jpg 768w\" sizes=\"(max-width: 1000px) 100vw, 1000px\" \/><\/a><\/figure><\/li><li class=\"blocks-gallery-item\"><figure><a href=\"https:\/\/www.uta.cl\/wp-content\/uploads\/2019\/08\/000_DSC_5497.jpg\"><img loading=\"lazy\" width=\"1000\" height=\"666\" src=\"https:\/\/www.uta.cl\/wp-content\/uploads\/2019\/08\/000_DSC_5497.jpg\" alt=\"\" data-id=\"20689\" data-link=\"https:\/\/www.uta.cl\/?attachment_id=20689\" class=\"wp-image-20689\" srcset=\"https:\/\/www.uta.cl\/wp-content\/uploads\/2019\/08\/000_DSC_5497.jpg 1000w, https:\/\/www.uta.cl\/wp-content\/uploads\/2019\/08\/000_DSC_5497-300x200.jpg 300w, https:\/\/www.uta.cl\/wp-content\/uploads\/2019\/08\/000_DSC_5497-768x511.jpg 768w\" sizes=\"(max-width: 1000px) 100vw, 1000px\" \/><\/a><\/figure><\/li><li class=\"blocks-gallery-item\"><figure><a href=\"https:\/\/www.uta.cl\/wp-content\/uploads\/2019\/08\/000_DSC_5483.jpg\"><img loading=\"lazy\" width=\"1000\" height=\"666\" src=\"https:\/\/www.uta.cl\/wp-content\/uploads\/2019\/08\/000_DSC_5483.jpg\" alt=\"\" data-id=\"20687\" data-link=\"https:\/\/www.uta.cl\/?attachment_id=20687\" class=\"wp-image-20687\" srcset=\"https:\/\/www.uta.cl\/wp-content\/uploads\/2019\/08\/000_DSC_5483.jpg 1000w, https:\/\/www.uta.cl\/wp-content\/uploads\/2019\/08\/000_DSC_5483-300x200.jpg 300w, https:\/\/www.uta.cl\/wp-content\/uploads\/2019\/08\/000_DSC_5483-768x511.jpg 768w\" sizes=\"(max-width: 1000px) 100vw, 1000px\" \/><\/a><\/figure><\/li><li class=\"blocks-gallery-item\"><figure><a href=\"https:\/\/www.uta.cl\/wp-content\/uploads\/2019\/08\/000_DSC_5480.jpg\"><img loading=\"lazy\" width=\"1000\" height=\"666\" src=\"https:\/\/www.uta.cl\/wp-content\/uploads\/2019\/08\/000_DSC_5480.jpg\" alt=\"\" data-id=\"20686\" data-link=\"https:\/\/www.uta.cl\/?attachment_id=20686\" class=\"wp-image-20686\" srcset=\"https:\/\/www.uta.cl\/wp-content\/uploads\/2019\/08\/000_DSC_5480.jpg 1000w, https:\/\/www.uta.cl\/wp-content\/uploads\/2019\/08\/000_DSC_5480-300x200.jpg 300w, https:\/\/www.uta.cl\/wp-content\/uploads\/2019\/08\/000_DSC_5480-768x511.jpg 768w\" sizes=\"(max-width: 1000px) 100vw, 1000px\" \/><\/a><\/figure><\/li><li class=\"blocks-gallery-item\"><figure><a href=\"https:\/\/www.uta.cl\/wp-content\/uploads\/2019\/08\/000_DSC_5476.jpg\"><img loading=\"lazy\" width=\"1000\" height=\"666\" src=\"https:\/\/www.uta.cl\/wp-content\/uploads\/2019\/08\/000_DSC_5476.jpg\" alt=\"\" data-id=\"20685\" data-link=\"https:\/\/www.uta.cl\/?attachment_id=20685\" class=\"wp-image-20685\" srcset=\"https:\/\/www.uta.cl\/wp-content\/uploads\/2019\/08\/000_DSC_5476.jpg 1000w, https:\/\/www.uta.cl\/wp-content\/uploads\/2019\/08\/000_DSC_5476-300x200.jpg 300w, https:\/\/www.uta.cl\/wp-content\/uploads\/2019\/08\/000_DSC_5476-768x511.jpg 768w\" sizes=\"(max-width: 1000px) 100vw, 1000px\" \/><\/a><\/figure><\/li><li class=\"blocks-gallery-item\"><figure><a href=\"https:\/\/www.uta.cl\/wp-content\/uploads\/2019\/08\/000_DSC_5462.jpg\"><img loading=\"lazy\" width=\"1000\" height=\"666\" src=\"https:\/\/www.uta.cl\/wp-content\/uploads\/2019\/08\/000_DSC_5462.jpg\" alt=\"\" data-id=\"20684\" data-link=\"https:\/\/www.uta.cl\/?attachment_id=20684\" class=\"wp-image-20684\" srcset=\"https:\/\/www.uta.cl\/wp-content\/uploads\/2019\/08\/000_DSC_5462.jpg 1000w, https:\/\/www.uta.cl\/wp-content\/uploads\/2019\/08\/000_DSC_5462-300x200.jpg 300w, https:\/\/www.uta.cl\/wp-content\/uploads\/2019\/08\/000_DSC_5462-768x511.jpg 768w\" sizes=\"(max-width: 1000px) 100vw, 1000px\" \/><\/a><\/figure><\/li><li class=\"blocks-gallery-item\"><figure><a href=\"https:\/\/www.uta.cl\/wp-content\/uploads\/2019\/08\/000_DSC_5438.jpg\"><img loading=\"lazy\" width=\"1000\" height=\"666\" src=\"https:\/\/www.uta.cl\/wp-content\/uploads\/2019\/08\/000_DSC_5438.jpg\" alt=\"\" data-id=\"20681\" data-link=\"https:\/\/www.uta.cl\/?attachment_id=20681\" class=\"wp-image-20681\" srcset=\"https:\/\/www.uta.cl\/wp-content\/uploads\/2019\/08\/000_DSC_5438.jpg 1000w, https:\/\/www.uta.cl\/wp-content\/uploads\/2019\/08\/000_DSC_5438-300x200.jpg 300w, https:\/\/www.uta.cl\/wp-content\/uploads\/2019\/08\/000_DSC_5438-768x511.jpg 768w\" sizes=\"(max-width: 1000px) 100vw, 1000px\" \/><\/a><\/figure><\/li><li class=\"blocks-gallery-item\"><figure><a href=\"https:\/\/www.uta.cl\/wp-content\/uploads\/2019\/08\/000_DSC_5451.jpg\"><img loading=\"lazy\" width=\"1000\" height=\"666\" src=\"https:\/\/www.uta.cl\/wp-content\/uploads\/2019\/08\/000_DSC_5451.jpg\" alt=\"\" data-id=\"20683\" data-link=\"https:\/\/www.uta.cl\/?attachment_id=20683\" class=\"wp-image-20683\" srcset=\"https:\/\/www.uta.cl\/wp-content\/uploads\/2019\/08\/000_DSC_5451.jpg 1000w, https:\/\/www.uta.cl\/wp-content\/uploads\/2019\/08\/000_DSC_5451-300x200.jpg 300w, https:\/\/www.uta.cl\/wp-content\/uploads\/2019\/08\/000_DSC_5451-768x511.jpg 768w\" sizes=\"(max-width: 1000px) 100vw, 1000px\" \/><\/a><\/figure><\/li><\/ul>\n","protected":false},"excerpt":{"rendered":"<p>En una masiva y emotiva ceremonia de titulaci\u00f3n efectu\u00f3 la Facultad de Ingenier\u00eda, tras entregar a m\u00e1s de 160 egresados de 14 carreras y programas que posee dicha Facultad. <\/p>\n","protected":false},"author":1,"featured_media":20688,"comment_status":"open","ping_status":"open","sticky":false,"template":"","format":"standard","meta":[],"categories":[],"tags":[],"_links":{"self":[{"href":"https:\/\/www.uta.cl\/index.php\/wp-json\/wp\/v2\/posts\/20680"}],"collection":[{"href":"https:\/\/www.uta.cl\/index.php\/wp-json\/wp\/v2\/posts"}],"about":[{"href":"https:\/\/www.uta.cl\/index.php\/wp-json\/wp\/v2\/types\/post"}],"author":[{"embeddable":true,"href":"https:\/\/www.uta.cl\/index.php\/wp-json\/wp\/v2\/users\/1"}],"replies":[{"embeddable":true,"href":"https:\/\/www.uta.cl\/index.php\/wp-json\/wp\/v2\/comments?post=20680"}],"version-history":[{"count":1,"href":"https:\/\/www.uta.cl\/index.php\/wp-json\/wp\/v2\/posts\/20680\/revisions"}],"predecessor-version":[{"id":20693,"href":"https:\/\/www.uta.cl\/index.php\/wp-json\/wp\/v2\/posts\/20680\/revisions\/20693"}],"wp:featuredmedia":[{"embeddable":true,"href":"https:\/\/www.uta.cl\/index.php\/wp-json\/wp\/v2\/media\/20688"}],"wp:attachment":[{"href":"https:\/\/www.uta.cl\/index.php\/wp-json\/wp\/v2\/media?parent=20680"}],"wp:term":[{"taxonomy":"category","embeddable":true,"href":"https:\/\/www.uta.cl\/index.php\/wp-json\/wp\/v2\/categories?post=20680"},{"taxonomy":"post_tag","embeddable":true,"href":"https:\/\/www.uta.cl\/index.php\/wp-json\/wp\/v2\/tags?post=20680"}],"curies":[{"name":"wp","href":"https:\/\/api.w.org\/{rel}","templated":true}]}}