{"id":20661,"date":"2019-08-27T22:13:24","date_gmt":"2019-08-27T22:13:24","guid":{"rendered":"https:\/\/www.uta.cl\/?p=20661"},"modified":"2019-09-02T17:38:41","modified_gmt":"2019-09-02T17:38:41","slug":"se-constituye-consejo-consultivo-de-la-direccion-de-equidad-de-genero-de-la-uta","status":"publish","type":"post","link":"https:\/\/www.uta.cl\/index.php\/2019\/08\/27\/se-constituye-consejo-consultivo-de-la-direccion-de-equidad-de-genero-de-la-uta\/","title":{"rendered":"Se constituye Consejo Consultivo de la Direcci\u00f3n de Equidad de G\u00e9nero de la UTA"},"content":{"rendered":"\n<p>La educaci\u00f3n superior hist\u00f3ricamente ha sido reconocida como uno de los espacios poco favorables para las mujeres, debido a que se mantienen las problem\u00e1ticas que perpet\u00faan las desigualdades, el poco acceso a cargos directivos, violencia de g\u00e9nero, carreras feminizadas, entre otros aspectos. Es en este contexto que el lunes 26 de agosto, se constituy\u00f3 el Consejo Consultivo de la Direcci\u00f3n de Equidad de G\u00e9nero de la Universidad de Tarapac\u00e1, instancia que tiene como principal tarea la elaboraci\u00f3n de un modelo institucional de incorporaci\u00f3n de la perspectiva de g\u00e9nero en los planes de estudio de las diferentes facultades de la Universidad de Tarapac\u00e1.<\/p>\n\n\n\n<ul class=\"wp-block-gallery columns-2 is-cropped\"><li class=\"blocks-gallery-item\"><figure><a href=\"https:\/\/www.uta.cl\/wp-content\/uploads\/2019\/08\/000_DSC_5561.jpg\"><img loading=\"lazy\" width=\"1000\" height=\"666\" src=\"https:\/\/www.uta.cl\/wp-content\/uploads\/2019\/08\/000_DSC_5561.jpg\" alt=\"\" data-id=\"20669\" data-link=\"https:\/\/www.uta.cl\/?attachment_id=20669\" class=\"wp-image-20669\" srcset=\"https:\/\/www.uta.cl\/wp-content\/uploads\/2019\/08\/000_DSC_5561.jpg 1000w, https:\/\/www.uta.cl\/wp-content\/uploads\/2019\/08\/000_DSC_5561-300x200.jpg 300w, https:\/\/www.uta.cl\/wp-content\/uploads\/2019\/08\/000_DSC_5561-768x511.jpg 768w\" sizes=\"(max-width: 1000px) 100vw, 1000px\" \/><\/a><\/figure><\/li><li class=\"blocks-gallery-item\"><figure><a href=\"https:\/\/www.uta.cl\/wp-content\/uploads\/2019\/08\/000_DSC_5555.jpg\"><img loading=\"lazy\" width=\"1000\" height=\"666\" src=\"https:\/\/www.uta.cl\/wp-content\/uploads\/2019\/08\/000_DSC_5555.jpg\" alt=\"\" data-id=\"20668\" data-link=\"https:\/\/www.uta.cl\/?attachment_id=20668\" class=\"wp-image-20668\" srcset=\"https:\/\/www.uta.cl\/wp-content\/uploads\/2019\/08\/000_DSC_5555.jpg 1000w, https:\/\/www.uta.cl\/wp-content\/uploads\/2019\/08\/000_DSC_5555-300x200.jpg 300w, https:\/\/www.uta.cl\/wp-content\/uploads\/2019\/08\/000_DSC_5555-768x511.jpg 768w\" sizes=\"(max-width: 1000px) 100vw, 1000px\" \/><\/a><\/figure><\/li><\/ul>\n\n\n\n<p>El\nencuentro se inici\u00f3 con la primera ceremonia ancestral\nafrodescendiente que se realiza en la Universidad de Tarapac\u00e1 por la\npresidenta de la ONG Oro Negro, dirigente y ex funcionaria de esta\nCasa de Estudios Superiores, Marta Salgado. En el acto participaron\nel Rector de la Universidad de Tarapac\u00e1, Dr. Emilio Rodr\u00edguez\nPonce, de la Vicerrectora de Desarrollo Estrat\u00e9gico, Dra. Jenniffer\nPeralta Montecinos, la Directora de Equidad de G\u00e9nero, Dra. Claudia\nMoraga Contreras, integrantes del equipo de gesti\u00f3n y acad\u00e9micas de\nlas diferentes facultades de esta Casa de Estudios Superiores. \n<\/p>\n\n\n\n<p>En\nsu primera sesi\u00f3n, el Consejo Consultivo de Equidad de G\u00e9nero\nencabezado por la Directora de Equidad de G\u00e9nero, Dra. Claudia\nMoraga, se hizo referencia al objetivo central del Consejo Consultivo\nque busca dise\u00f1ar y elaborar un modelo institucional que incorpore\nla perspectiva de g\u00e9nero en los planes de estudio de la UTA.<\/p>\n\n\n\n<p>Asimismo\nse inform\u00f3 respecto al Plan de Fortalecimiento de Universidades\nEstatales 2018, proyecto UTA1899, en el cual se informa sobres sus\nobjetivos y el marco normativo nacional e internacional para\ninstitucionalizar y transversalizar el enfoque de g\u00e9nero en la\nUniversidad de Tarapac\u00e1.  \n<\/p>\n\n\n\n<p><strong>BALANCE<\/strong><\/p>\n\n\n\n<p>En\neste contexto, la Directora de Equidad de G\u00e9nero, Dra. Claudia\nMoraga Contreras dio un balance de este encuentro se\u00f1alando que, \u201cen\nesta primera instancia se pudo configurar un Consejo en el cual est\u00e1n\npresentes la mayor\u00eda de las facultades. Es un consejo que tiene un\ndesaf\u00edo s\u00faper espec\u00edfico y que tiene que ver en c\u00f3mo incidir en\nlos planes de estudios y modelos de estudio con perspectiva de\ng\u00e9nero\u201d. \n<\/p>\n\n\n\n<p>Agreg\u00f3\nque, \u201csabemos que los procesos formativos est\u00e1n cruzados por una\nserie de cuestiones expl\u00edcitas e impl\u00edcitas que transmitimos cuando\nvamos formando a nuestras y nuestros estudiantes, y lo que queremos\nprecisamente es que ese tipo de cuestiones ya no se presenten m\u00e1s en\nt\u00e9rminos de alg\u00fan sesgo que podamos expresar a trav\u00e9s de nuestras\nclases, pero es m\u00e1s importante que en nuestra formaci\u00f3n\nincorporemos precisamente la visibilizaci\u00f3n de las desigualdades\nentre hombres y mujeres que hoy d\u00eda se mantienen en la sociedad,\npero tambi\u00e9n en c\u00f3mo podemos disminuirlas\u201d. \n<\/p>\n\n\n\n<p>\u201cA\npartir de los procesos formativos vamos a tener tambi\u00e9n a un y una\nprofesional mucho m\u00e1s enriquecida en su quehacer, que incorpore la\nperspectiva de g\u00e9nero es muy fundamental. Cada servicio p\u00fablico hoy\nen d\u00eda tiene a su encargado de g\u00e9nero, entonces si no nos hacemos\ncargo tambi\u00e9n hay un desajuste incluso con el medio externo. Hay un\ntema de responsabilidad, en t\u00e9rminos de c\u00f3mo nos vamos relacionando\nen la sociedad, pero tambi\u00e9n hay una responsabilidad en t\u00e9rminos de\nlo disciplinario y quienes estuvieron hoy presentes, lo entienden\nperfectamente, conocen la realidad desde dentro desde su rol de\nestudiantes y en su rol como profesora, con una mirada de mucha\nparticipaci\u00f3n de equidad entre hombres y mujeres\u201d. \n<\/p>\n\n\n\n<p>El\nConsejo Consultivo est\u00e1 compuesto por las facultades de: Ingenier\u00eda,\nCiencias Agron\u00f3micas, Administraci\u00f3n y Negocios, Ciencias, Ciencias\nSociales y Jur\u00eddicas, Ciencias de la Salud, Educaci\u00f3n y\nHumanidades, adem\u00e1s de un medio externo del Ministerio de Educaci\u00f3n\ny la Direcci\u00f3n de Equidad de G\u00e9nero de la UTA.<\/p>\n\n\n\n<ul class=\"wp-block-gallery columns-3 is-cropped\"><li class=\"blocks-gallery-item\"><figure><a href=\"https:\/\/www.uta.cl\/wp-content\/uploads\/2019\/08\/000_DSC_5586.jpg\"><img loading=\"lazy\" width=\"1000\" height=\"666\" src=\"https:\/\/www.uta.cl\/wp-content\/uploads\/2019\/08\/000_DSC_5586.jpg\" alt=\"\" data-id=\"20674\" data-link=\"https:\/\/www.uta.cl\/?attachment_id=20674\" class=\"wp-image-20674\" srcset=\"https:\/\/www.uta.cl\/wp-content\/uploads\/2019\/08\/000_DSC_5586.jpg 1000w, https:\/\/www.uta.cl\/wp-content\/uploads\/2019\/08\/000_DSC_5586-300x200.jpg 300w, https:\/\/www.uta.cl\/wp-content\/uploads\/2019\/08\/000_DSC_5586-768x511.jpg 768w\" sizes=\"(max-width: 1000px) 100vw, 1000px\" \/><\/a><\/figure><\/li><li class=\"blocks-gallery-item\"><figure><a href=\"https:\/\/www.uta.cl\/wp-content\/uploads\/2019\/08\/000_DSC_5581.jpg\"><img loading=\"lazy\" width=\"1000\" height=\"666\" src=\"https:\/\/www.uta.cl\/wp-content\/uploads\/2019\/08\/000_DSC_5581.jpg\" alt=\"\" data-id=\"20673\" data-link=\"https:\/\/www.uta.cl\/?attachment_id=20673\" class=\"wp-image-20673\" srcset=\"https:\/\/www.uta.cl\/wp-content\/uploads\/2019\/08\/000_DSC_5581.jpg 1000w, https:\/\/www.uta.cl\/wp-content\/uploads\/2019\/08\/000_DSC_5581-300x200.jpg 300w, https:\/\/www.uta.cl\/wp-content\/uploads\/2019\/08\/000_DSC_5581-768x511.jpg 768w\" sizes=\"(max-width: 1000px) 100vw, 1000px\" \/><\/a><\/figure><\/li><li class=\"blocks-gallery-item\"><figure><a href=\"https:\/\/www.uta.cl\/wp-content\/uploads\/2019\/08\/000_DSC_5580.jpg\"><img loading=\"lazy\" width=\"1000\" height=\"666\" src=\"https:\/\/www.uta.cl\/wp-content\/uploads\/2019\/08\/000_DSC_5580.jpg\" alt=\"\" data-id=\"20672\" data-link=\"https:\/\/www.uta.cl\/?attachment_id=20672\" class=\"wp-image-20672\" srcset=\"https:\/\/www.uta.cl\/wp-content\/uploads\/2019\/08\/000_DSC_5580.jpg 1000w, https:\/\/www.uta.cl\/wp-content\/uploads\/2019\/08\/000_DSC_5580-300x200.jpg 300w, https:\/\/www.uta.cl\/wp-content\/uploads\/2019\/08\/000_DSC_5580-768x511.jpg 768w\" sizes=\"(max-width: 1000px) 100vw, 1000px\" \/><\/a><\/figure><\/li><li class=\"blocks-gallery-item\"><figure><a href=\"https:\/\/www.uta.cl\/wp-content\/uploads\/2019\/08\/000_DSC_5571.jpg\"><img loading=\"lazy\" width=\"1000\" height=\"666\" src=\"https:\/\/www.uta.cl\/wp-content\/uploads\/2019\/08\/000_DSC_5571.jpg\" alt=\"\" data-id=\"20671\" data-link=\"https:\/\/www.uta.cl\/?attachment_id=20671\" class=\"wp-image-20671\" srcset=\"https:\/\/www.uta.cl\/wp-content\/uploads\/2019\/08\/000_DSC_5571.jpg 1000w, https:\/\/www.uta.cl\/wp-content\/uploads\/2019\/08\/000_DSC_5571-300x200.jpg 300w, https:\/\/www.uta.cl\/wp-content\/uploads\/2019\/08\/000_DSC_5571-768x511.jpg 768w\" sizes=\"(max-width: 1000px) 100vw, 1000px\" \/><\/a><\/figure><\/li><li class=\"blocks-gallery-item\"><figure><a href=\"https:\/\/www.uta.cl\/wp-content\/uploads\/2019\/08\/000_DSC_5567.jpg\"><img loading=\"lazy\" width=\"1000\" height=\"666\" src=\"https:\/\/www.uta.cl\/wp-content\/uploads\/2019\/08\/000_DSC_5567.jpg\" alt=\"\" data-id=\"20670\" data-link=\"https:\/\/www.uta.cl\/?attachment_id=20670\" class=\"wp-image-20670\" srcset=\"https:\/\/www.uta.cl\/wp-content\/uploads\/2019\/08\/000_DSC_5567.jpg 1000w, https:\/\/www.uta.cl\/wp-content\/uploads\/2019\/08\/000_DSC_5567-300x200.jpg 300w, https:\/\/www.uta.cl\/wp-content\/uploads\/2019\/08\/000_DSC_5567-768x511.jpg 768w\" sizes=\"(max-width: 1000px) 100vw, 1000px\" \/><\/a><\/figure><\/li><li class=\"blocks-gallery-item\"><figure><a href=\"https:\/\/www.uta.cl\/wp-content\/uploads\/2019\/08\/000_DSC_5553.jpg\"><img loading=\"lazy\" width=\"1000\" height=\"666\" src=\"https:\/\/www.uta.cl\/wp-content\/uploads\/2019\/08\/000_DSC_5553.jpg\" alt=\"\" data-id=\"20667\" data-link=\"https:\/\/www.uta.cl\/?attachment_id=20667\" class=\"wp-image-20667\" srcset=\"https:\/\/www.uta.cl\/wp-content\/uploads\/2019\/08\/000_DSC_5553.jpg 1000w, https:\/\/www.uta.cl\/wp-content\/uploads\/2019\/08\/000_DSC_5553-300x200.jpg 300w, https:\/\/www.uta.cl\/wp-content\/uploads\/2019\/08\/000_DSC_5553-768x511.jpg 768w\" sizes=\"(max-width: 1000px) 100vw, 1000px\" \/><\/a><\/figure><\/li><li class=\"blocks-gallery-item\"><figure><a href=\"https:\/\/www.uta.cl\/wp-content\/uploads\/2019\/08\/000_DSC_5546.jpg\"><img loading=\"lazy\" width=\"1000\" height=\"666\" src=\"https:\/\/www.uta.cl\/wp-content\/uploads\/2019\/08\/000_DSC_5546.jpg\" alt=\"\" data-id=\"20666\" data-link=\"https:\/\/www.uta.cl\/?attachment_id=20666\" class=\"wp-image-20666\" srcset=\"https:\/\/www.uta.cl\/wp-content\/uploads\/2019\/08\/000_DSC_5546.jpg 1000w, https:\/\/www.uta.cl\/wp-content\/uploads\/2019\/08\/000_DSC_5546-300x200.jpg 300w, https:\/\/www.uta.cl\/wp-content\/uploads\/2019\/08\/000_DSC_5546-768x511.jpg 768w\" sizes=\"(max-width: 1000px) 100vw, 1000px\" \/><\/a><\/figure><\/li><li class=\"blocks-gallery-item\"><figure><a href=\"https:\/\/www.uta.cl\/wp-content\/uploads\/2019\/08\/000_DSC_5536.jpg\"><img loading=\"lazy\" width=\"1000\" height=\"666\" src=\"https:\/\/www.uta.cl\/wp-content\/uploads\/2019\/08\/000_DSC_5536.jpg\" alt=\"\" data-id=\"20665\" data-link=\"https:\/\/www.uta.cl\/?attachment_id=20665\" class=\"wp-image-20665\" srcset=\"https:\/\/www.uta.cl\/wp-content\/uploads\/2019\/08\/000_DSC_5536.jpg 1000w, https:\/\/www.uta.cl\/wp-content\/uploads\/2019\/08\/000_DSC_5536-300x200.jpg 300w, https:\/\/www.uta.cl\/wp-content\/uploads\/2019\/08\/000_DSC_5536-768x511.jpg 768w\" sizes=\"(max-width: 1000px) 100vw, 1000px\" \/><\/a><\/figure><\/li><li class=\"blocks-gallery-item\"><figure><a href=\"https:\/\/www.uta.cl\/wp-content\/uploads\/2019\/08\/000_DSC_5525.jpg\"><img loading=\"lazy\" width=\"1000\" height=\"666\" src=\"https:\/\/www.uta.cl\/wp-content\/uploads\/2019\/08\/000_DSC_5525.jpg\" alt=\"\" data-id=\"20664\" data-link=\"https:\/\/www.uta.cl\/?attachment_id=20664\" class=\"wp-image-20664\" srcset=\"https:\/\/www.uta.cl\/wp-content\/uploads\/2019\/08\/000_DSC_5525.jpg 1000w, https:\/\/www.uta.cl\/wp-content\/uploads\/2019\/08\/000_DSC_5525-300x200.jpg 300w, https:\/\/www.uta.cl\/wp-content\/uploads\/2019\/08\/000_DSC_5525-768x511.jpg 768w\" sizes=\"(max-width: 1000px) 100vw, 1000px\" \/><\/a><\/figure><\/li><li class=\"blocks-gallery-item\"><figure><a href=\"https:\/\/www.uta.cl\/wp-content\/uploads\/2019\/08\/000_DSC_5518.jpg\"><img loading=\"lazy\" width=\"1000\" height=\"666\" src=\"https:\/\/www.uta.cl\/wp-content\/uploads\/2019\/08\/000_DSC_5518.jpg\" alt=\"\" data-id=\"20663\" data-link=\"https:\/\/www.uta.cl\/?attachment_id=20663\" class=\"wp-image-20663\" srcset=\"https:\/\/www.uta.cl\/wp-content\/uploads\/2019\/08\/000_DSC_5518.jpg 1000w, https:\/\/www.uta.cl\/wp-content\/uploads\/2019\/08\/000_DSC_5518-300x200.jpg 300w, https:\/\/www.uta.cl\/wp-content\/uploads\/2019\/08\/000_DSC_5518-768x511.jpg 768w\" sizes=\"(max-width: 1000px) 100vw, 1000px\" \/><\/a><\/figure><\/li><li class=\"blocks-gallery-item\"><figure><a href=\"https:\/\/www.uta.cl\/wp-content\/uploads\/2019\/08\/000_DSC_5517.jpg\"><img loading=\"lazy\" width=\"1000\" height=\"666\" src=\"https:\/\/www.uta.cl\/wp-content\/uploads\/2019\/08\/000_DSC_5517.jpg\" alt=\"\" data-id=\"20662\" data-link=\"https:\/\/www.uta.cl\/?attachment_id=20662\" class=\"wp-image-20662\" srcset=\"https:\/\/www.uta.cl\/wp-content\/uploads\/2019\/08\/000_DSC_5517.jpg 1000w, https:\/\/www.uta.cl\/wp-content\/uploads\/2019\/08\/000_DSC_5517-300x200.jpg 300w, https:\/\/www.uta.cl\/wp-content\/uploads\/2019\/08\/000_DSC_5517-768x511.jpg 768w\" sizes=\"(max-width: 1000px) 100vw, 1000px\" \/><\/a><\/figure><\/li><\/ul>\n","protected":false},"excerpt":{"rendered":"<p>El Consejo Consultivo tiene como objetivo liderar el trabajo en el \u00e1mbito de la perspectiva de g\u00e9nero en los planes de estudio y cuya composici\u00f3n considera a representantes de las facultades y del medio externo para favorecer la mirada del medio social, sumando un hito m\u00e1s a las tareas que realiza la Direcci\u00f3n de Equidad de G\u00e9nero de la Universidad de Tarapac\u00e1. <\/p>\n","protected":false},"author":1,"featured_media":20669,"comment_status":"open","ping_status":"open","sticky":false,"template":"","format":"standard","meta":[],"categories":[],"tags":[],"_links":{"self":[{"href":"https:\/\/www.uta.cl\/index.php\/wp-json\/wp\/v2\/posts\/20661"}],"collection":[{"href":"https:\/\/www.uta.cl\/index.php\/wp-json\/wp\/v2\/posts"}],"about":[{"href":"https:\/\/www.uta.cl\/index.php\/wp-json\/wp\/v2\/types\/post"}],"author":[{"embeddable":true,"href":"https:\/\/www.uta.cl\/index.php\/wp-json\/wp\/v2\/users\/1"}],"replies":[{"embeddable":true,"href":"https:\/\/www.uta.cl\/index.php\/wp-json\/wp\/v2\/comments?post=20661"}],"version-history":[{"count":1,"href":"https:\/\/www.uta.cl\/index.php\/wp-json\/wp\/v2\/posts\/20661\/revisions"}],"predecessor-version":[{"id":20675,"href":"https:\/\/www.uta.cl\/index.php\/wp-json\/wp\/v2\/posts\/20661\/revisions\/20675"}],"wp:featuredmedia":[{"embeddable":true,"href":"https:\/\/www.uta.cl\/index.php\/wp-json\/wp\/v2\/media\/20669"}],"wp:attachment":[{"href":"https:\/\/www.uta.cl\/index.php\/wp-json\/wp\/v2\/media?parent=20661"}],"wp:term":[{"taxonomy":"category","embeddable":true,"href":"https:\/\/www.uta.cl\/index.php\/wp-json\/wp\/v2\/categories?post=20661"},{"taxonomy":"post_tag","embeddable":true,"href":"https:\/\/www.uta.cl\/index.php\/wp-json\/wp\/v2\/tags?post=20661"}],"curies":[{"name":"wp","href":"https:\/\/api.w.org\/{rel}","templated":true}]}}