{"id":20632,"date":"2019-08-27T22:00:09","date_gmt":"2019-08-27T22:00:09","guid":{"rendered":"https:\/\/www.uta.cl\/?p=20632"},"modified":"2019-08-27T22:00:15","modified_gmt":"2019-08-27T22:00:15","slug":"doctorado-publicaciones-y-titulacion-oportuna-fueron-los-ejes-centrales-de-charla-sostenida-entre-rector-y-academicos-del-departamento-de-educacion","status":"publish","type":"post","link":"https:\/\/www.uta.cl\/index.php\/2019\/08\/27\/doctorado-publicaciones-y-titulacion-oportuna-fueron-los-ejes-centrales-de-charla-sostenida-entre-rector-y-academicos-del-departamento-de-educacion\/","title":{"rendered":"Doctorado, publicaciones y titulaci\u00f3n oportuna fueron los ejes centrales de charla sostenida entre Rector y acad\u00e9micos del Departamento de Educaci\u00f3n"},"content":{"rendered":"\n<p>\nCon\nla finalidad de entregar datos certeros respecto al escenario al cual\nse enfrenta la Universidad de Tarapac\u00e1, el Rector de la Universidad\nde Tarapac\u00e1, Dr. Emilio Rodr\u00edguez Ponce, sostuvo este lunes 26 de\nagosto una reuni\u00f3n de trabajo con los acad\u00e9micos del Departamento\nde Educaci\u00f3n de la Facultad de Educaci\u00f3n y Humanidades de esta Casa\nde Estudios Superiores.<\/p>\n\n\n\n<figure class=\"wp-block-image\"><a href=\"https:\/\/www.uta.cl\/wp-content\/uploads\/2019\/08\/000_foto-principal-nota.jpg\"><img loading=\"lazy\" width=\"1000\" height=\"666\" src=\"https:\/\/www.uta.cl\/wp-content\/uploads\/2019\/08\/000_foto-principal-nota.jpg\" alt=\"\" class=\"wp-image-20638\" srcset=\"https:\/\/www.uta.cl\/wp-content\/uploads\/2019\/08\/000_foto-principal-nota.jpg 1000w, https:\/\/www.uta.cl\/wp-content\/uploads\/2019\/08\/000_foto-principal-nota-300x200.jpg 300w, https:\/\/www.uta.cl\/wp-content\/uploads\/2019\/08\/000_foto-principal-nota-768x511.jpg 768w\" sizes=\"(max-width: 1000px) 100vw, 1000px\" \/><\/a><\/figure>\n\n\n\n<p>En\nel encuentro, realizado en la Sala de Consejo de Rector\u00eda del Campus\nVel\u00e1squez, la m\u00e1xima autoridad universitaria realiz\u00f3 un an\u00e1lisis\ny entreg\u00f3 las perspectivas para el alineamiento estrat\u00e9gico de la\nUTA, centr\u00e1ndose en temas como la admisi\u00f3n en zonas extremas y el\nPlan de Fortalecimiento de Distribuci\u00f3n de Recursos destacando que\nse debe focalizar el trabajo en la investigaci\u00f3n, el los postgrados,\nconsolidar la acreditaci\u00f3n y qu\u00e9 estrategias llevar a cabo para\naumentar la retenci\u00f3n de tercer a\u00f1o y aumentar as\u00ed la titulaci\u00f3n\noportuna. \n<\/p>\n\n\n\n<p>Igualmente,\ninform\u00f3 respecto a los indicadores entregados por el Banco Mundial a\ntrav\u00e9s de un an\u00e1lisis de base. En ese sentido, el Rector de la\nUniversidad de Tarapac\u00e1 se\u00f1al\u00f3 que, \u201choy en d\u00eda las exigencias\nhan cambiado, el Departamento de Educaci\u00f3n debe contar con al menos\nun doctorado y tener publicaciones y para ello se requiere de apoyo y\nla Universidad de Tarapac\u00e1 est\u00e1 dispuesta a hacerlo\u201d. \n<\/p>\n\n\n\n<p>Para\nel acad\u00e9mico y Director (S) del Departamento de Educaci\u00f3n, Rub\u00e9n\nCapetillo Vel\u00e1squez, este encuentro es \u201caltamente positivo porque\nse focaliz\u00f3 en temas atingentes a nuestro desarrollo como\ndepartamento, pero adem\u00e1s, el Rector nos entreg\u00f3 una clara visi\u00f3n\nde la direcci\u00f3n a seguir principalmente de cara a futuras\nacreditaciones y al desarrollo de los acad\u00e9micos pertenecientes al\nDepartamento de Educaci\u00f3n. Nos entregaron indicadores claros,\ndefinidos, metas, el camino a seguir que debemos tener todos los\nacad\u00e9micos pertenecientes a este departamento\u201d. \n<\/p>\n\n\n\n<p>\nAl\nfinalizar el encuentro, el Rector Dr. Emilio Rodr\u00edguez Ponce realiz\u00f3\nun resumen del encuentro: \u201cEl Departamento de Educaci\u00f3n tiene una\nserie de desaf\u00edos que son tremendamente importantes. Este\ndepartamento es la unidad principal en la prestaci\u00f3n de servicios\npara carreras que son de acreditaci\u00f3n obligatoria. En consecuencia,\nuno de los primeros temas tratados dice relaci\u00f3n con la acreditaci\u00f3n\nde tales carreras en los per\u00edodos m\u00e1s pr\u00f3ximos y cercanos. En\nsegundo lugar, el Departamento de Educaci\u00f3n tiene desaf\u00edos\nestrat\u00e9gicos que son importante no solo en el pregrado sino tambi\u00e9n\nen el postgrado y all\u00ed ellos han asumido con mucha energ\u00eda el\ndesarrollo del mag\u00edster en educaci\u00f3n y est\u00e1n trabajando tambi\u00e9n\nun doctorado en educaci\u00f3n con miembros del claustro de toda la\ncomunidad universitaria. Asimismo, se a\u00f1ade proyectos de\ninvestigaci\u00f3n y publicaciones relevantes en la disciplina\u201d. \n<\/p>\n\n\n\n<p>Agreg\u00f3\nque, \u201cpor lo tanto, el Departamento de Educaci\u00f3n est\u00e1 asumiendo\ntodos estos desaf\u00edos con mucha energ\u00eda, hay una serie de desaf\u00edos\nde compromisos de llegar a una dotaci\u00f3n de doctores que supere el\n50% en el plazo m\u00e1s cercano, pero adem\u00e1s desarrollar el magister y\nel doctorado, generar publicaciones y acreditar las carreras. Todo\nello, requiere de un apoyo de la Instituci\u00f3n y en ese sentido, se ha\nsolicitado una intervenci\u00f3n sistem\u00e1tica a los tres vicerrectores\npara apoyar los procesos de desarrollo estrat\u00e9gico de esta\nUniversidad\u201d. \n<\/p>\n\n\n\n<ul class=\"wp-block-gallery columns-3 is-cropped\"><li class=\"blocks-gallery-item\"><figure><a href=\"https:\/\/www.uta.cl\/wp-content\/uploads\/2019\/08\/000_DSC_5596.jpg\"><img loading=\"lazy\" width=\"1000\" height=\"666\" src=\"https:\/\/www.uta.cl\/wp-content\/uploads\/2019\/08\/000_DSC_5596.jpg\" alt=\"\" data-id=\"20637\" data-link=\"https:\/\/www.uta.cl\/?attachment_id=20637\" class=\"wp-image-20637\" srcset=\"https:\/\/www.uta.cl\/wp-content\/uploads\/2019\/08\/000_DSC_5596.jpg 1000w, https:\/\/www.uta.cl\/wp-content\/uploads\/2019\/08\/000_DSC_5596-300x200.jpg 300w, https:\/\/www.uta.cl\/wp-content\/uploads\/2019\/08\/000_DSC_5596-768x511.jpg 768w\" sizes=\"(max-width: 1000px) 100vw, 1000px\" \/><\/a><\/figure><\/li><li class=\"blocks-gallery-item\"><figure><a href=\"https:\/\/www.uta.cl\/wp-content\/uploads\/2019\/08\/000_DSC_5594.jpg\"><img loading=\"lazy\" width=\"1000\" height=\"666\" src=\"https:\/\/www.uta.cl\/wp-content\/uploads\/2019\/08\/000_DSC_5594.jpg\" alt=\"\" data-id=\"20636\" data-link=\"https:\/\/www.uta.cl\/?attachment_id=20636\" class=\"wp-image-20636\" srcset=\"https:\/\/www.uta.cl\/wp-content\/uploads\/2019\/08\/000_DSC_5594.jpg 1000w, https:\/\/www.uta.cl\/wp-content\/uploads\/2019\/08\/000_DSC_5594-300x200.jpg 300w, https:\/\/www.uta.cl\/wp-content\/uploads\/2019\/08\/000_DSC_5594-768x511.jpg 768w\" sizes=\"(max-width: 1000px) 100vw, 1000px\" \/><\/a><\/figure><\/li><li class=\"blocks-gallery-item\"><figure><a href=\"https:\/\/www.uta.cl\/wp-content\/uploads\/2019\/08\/000_DSC_5591.jpg\"><img loading=\"lazy\" width=\"1000\" height=\"666\" src=\"https:\/\/www.uta.cl\/wp-content\/uploads\/2019\/08\/000_DSC_5591.jpg\" alt=\"\" data-id=\"20635\" data-link=\"https:\/\/www.uta.cl\/?attachment_id=20635\" class=\"wp-image-20635\" srcset=\"https:\/\/www.uta.cl\/wp-content\/uploads\/2019\/08\/000_DSC_5591.jpg 1000w, https:\/\/www.uta.cl\/wp-content\/uploads\/2019\/08\/000_DSC_5591-300x200.jpg 300w, https:\/\/www.uta.cl\/wp-content\/uploads\/2019\/08\/000_DSC_5591-768x511.jpg 768w\" sizes=\"(max-width: 1000px) 100vw, 1000px\" \/><\/a><\/figure><\/li><li class=\"blocks-gallery-item\"><figure><a href=\"https:\/\/www.uta.cl\/wp-content\/uploads\/2019\/08\/000_DSC_5590.jpg\"><img loading=\"lazy\" width=\"1000\" height=\"666\" src=\"https:\/\/www.uta.cl\/wp-content\/uploads\/2019\/08\/000_DSC_5590.jpg\" alt=\"\" data-id=\"20634\" data-link=\"https:\/\/www.uta.cl\/?attachment_id=20634\" class=\"wp-image-20634\" srcset=\"https:\/\/www.uta.cl\/wp-content\/uploads\/2019\/08\/000_DSC_5590.jpg 1000w, https:\/\/www.uta.cl\/wp-content\/uploads\/2019\/08\/000_DSC_5590-300x200.jpg 300w, https:\/\/www.uta.cl\/wp-content\/uploads\/2019\/08\/000_DSC_5590-768x511.jpg 768w\" sizes=\"(max-width: 1000px) 100vw, 1000px\" \/><\/a><\/figure><\/li><li class=\"blocks-gallery-item\"><figure><a href=\"https:\/\/www.uta.cl\/wp-content\/uploads\/2019\/08\/000_DSC_5589.jpg\"><img loading=\"lazy\" width=\"1000\" height=\"666\" src=\"https:\/\/www.uta.cl\/wp-content\/uploads\/2019\/08\/000_DSC_5589.jpg\" alt=\"\" data-id=\"20633\" data-link=\"https:\/\/www.uta.cl\/?attachment_id=20633\" class=\"wp-image-20633\" srcset=\"https:\/\/www.uta.cl\/wp-content\/uploads\/2019\/08\/000_DSC_5589.jpg 1000w, https:\/\/www.uta.cl\/wp-content\/uploads\/2019\/08\/000_DSC_5589-300x200.jpg 300w, https:\/\/www.uta.cl\/wp-content\/uploads\/2019\/08\/000_DSC_5589-768x511.jpg 768w\" sizes=\"(max-width: 1000px) 100vw, 1000px\" \/><\/a><\/figure><\/li><\/ul>\n","protected":false},"excerpt":{"rendered":"<p>Los temas tratados por la m\u00e1xima autoridad universitaria se centraron en la acreditaci\u00f3n de las carreras en los pr\u00f3ximos per\u00edodos; desaf\u00edos estrat\u00e9gicos como el desarrollo del mag\u00edster en educaci\u00f3n, la creaci\u00f3n de un doctorado en educaci\u00f3n, proyectos de investigaci\u00f3n y publicaciones relevantes en la disciplina. <\/p>\n","protected":false},"author":1,"featured_media":20638,"comment_status":"open","ping_status":"open","sticky":false,"template":"","format":"standard","meta":[],"categories":[],"tags":[],"_links":{"self":[{"href":"https:\/\/www.uta.cl\/index.php\/wp-json\/wp\/v2\/posts\/20632"}],"collection":[{"href":"https:\/\/www.uta.cl\/index.php\/wp-json\/wp\/v2\/posts"}],"about":[{"href":"https:\/\/www.uta.cl\/index.php\/wp-json\/wp\/v2\/types\/post"}],"author":[{"embeddable":true,"href":"https:\/\/www.uta.cl\/index.php\/wp-json\/wp\/v2\/users\/1"}],"replies":[{"embeddable":true,"href":"https:\/\/www.uta.cl\/index.php\/wp-json\/wp\/v2\/comments?post=20632"}],"version-history":[{"count":1,"href":"https:\/\/www.uta.cl\/index.php\/wp-json\/wp\/v2\/posts\/20632\/revisions"}],"predecessor-version":[{"id":20639,"href":"https:\/\/www.uta.cl\/index.php\/wp-json\/wp\/v2\/posts\/20632\/revisions\/20639"}],"wp:featuredmedia":[{"embeddable":true,"href":"https:\/\/www.uta.cl\/index.php\/wp-json\/wp\/v2\/media\/20638"}],"wp:attachment":[{"href":"https:\/\/www.uta.cl\/index.php\/wp-json\/wp\/v2\/media?parent=20632"}],"wp:term":[{"taxonomy":"category","embeddable":true,"href":"https:\/\/www.uta.cl\/index.php\/wp-json\/wp\/v2\/categories?post=20632"},{"taxonomy":"post_tag","embeddable":true,"href":"https:\/\/www.uta.cl\/index.php\/wp-json\/wp\/v2\/tags?post=20632"}],"curies":[{"name":"wp","href":"https:\/\/api.w.org\/{rel}","templated":true}]}}