{"id":20579,"date":"2019-08-26T13:18:20","date_gmt":"2019-08-26T13:18:20","guid":{"rendered":"https:\/\/www.uta.cl\/?p=20579"},"modified":"2019-09-02T17:38:15","modified_gmt":"2019-09-02T17:38:15","slug":"uta-recibe-campeonato-de-tenis-itf-seniors-copa-arica","status":"publish","type":"post","link":"https:\/\/www.uta.cl\/index.php\/2019\/08\/26\/uta-recibe-campeonato-de-tenis-itf-seniors-copa-arica\/","title":{"rendered":"UTA recibe Campeonato de Tenis ITF Seniors Copa Arica"},"content":{"rendered":"\n<figure class=\"wp-block-image\"><a href=\"https:\/\/www.uta.cl\/wp-content\/uploads\/2019\/08\/0000_DSC_4889.jpg\"><img loading=\"lazy\" width=\"1000\" height=\"666\" src=\"https:\/\/www.uta.cl\/wp-content\/uploads\/2019\/08\/0000_DSC_4889.jpg\" alt=\"\" class=\"wp-image-20581\" srcset=\"https:\/\/www.uta.cl\/wp-content\/uploads\/2019\/08\/0000_DSC_4889.jpg 1000w, https:\/\/www.uta.cl\/wp-content\/uploads\/2019\/08\/0000_DSC_4889-300x200.jpg 300w, https:\/\/www.uta.cl\/wp-content\/uploads\/2019\/08\/0000_DSC_4889-768x511.jpg 768w\" sizes=\"(max-width: 1000px) 100vw, 1000px\" \/><\/a><\/figure>\n\n\n\n<p>Por primera vez en la ciudad de Arica, se realiza desde el 19 al 25 de agosto, el primer Campeonato ITF Seniors Copa Arica, que se realiza en las canchas de arcilla de la Universidad de Tarapac\u00e1 especialmente renovadas para este torneo, contando con la presencia de Leyla Musalem, tenista nacional que alcanz\u00f3 el primer lugar en el ranking mundial de tenis seniors en febrero del 2019.<\/p>\n\n\n\n<div class=\"wp-block-image\"><figure class=\"alignright is-resized\"><a href=\"https:\/\/www.uta.cl\/wp-content\/uploads\/2019\/08\/0000_DSC_5028.jpg\"><img loading=\"lazy\" src=\"https:\/\/www.uta.cl\/wp-content\/uploads\/2019\/08\/0000_DSC_5028.jpg\" alt=\"\" class=\"wp-image-20590\" width=\"268\" height=\"178\" srcset=\"https:\/\/www.uta.cl\/wp-content\/uploads\/2019\/08\/0000_DSC_5028.jpg 1000w, https:\/\/www.uta.cl\/wp-content\/uploads\/2019\/08\/0000_DSC_5028-300x200.jpg 300w, https:\/\/www.uta.cl\/wp-content\/uploads\/2019\/08\/0000_DSC_5028-768x511.jpg 768w\" sizes=\"(max-width: 268px) 100vw, 268px\" \/><\/a><\/figure><\/div>\n\n\n\n<p>Durante\nla jornada de la ma\u00f1ana del martes 20 de agosto, la deportista\nnacional realiz\u00f3 una cl\u00ednica de tenis para ni\u00f1os y j\u00f3venes de\nArica para aprender y practicar sobre la t\u00e9cnica y trayectoria de la\ndeportista, para luego realizar un punto de prensa donde la tenista\nnacional estuvo acompa\u00f1ada de la intendenta regional, Mar\u00eda Loreto\nLetelier, la presidenta de la C\u00e1mara de Turismo de Arica y\norganizadora del torneo, Daniela Beltr\u00e1n, y el Director de Extensi\u00f3n\ny Vinculaci\u00f3n con el Medio de la UTA, Sergio Medina, quien resalt\u00f3\nque, \u201cen nombre de nuestro Rector Dr. Emilio Rodr\u00edguez Ponce damos\nla bienvenida a este espacio que es para todos, En esta competencia\ninternacional queremos entregar un espacio con nuevos aires para\nArica, que engalanan a la Universidad y por supuesto reafirma el\ncompromiso que tenemos con el desarrollo del deporte en nuestra\nregi\u00f3n\u201d, concluy\u00f3. \n<\/p>\n\n\n\n<p>Por\nla tarde se realiz\u00f3 la ceremonia oficial de inauguraci\u00f3n del\nCampeonato ITF Seniors Copa Arica, donde la tenista nacional recibi\u00f3\nreconocimientos por su trayectoria. En la oportunidad, Leyla Musalem\nse\u00f1al\u00f3 que, \u201csoy de una generaci\u00f3n de mujeres casi invisibles,\nque queremos potenciar el deporte, reafirmar que hay vida despu\u00e9s de\nlos 70 a\u00f1os, que podemos ser un ejemplo para los j\u00f3venes y que\nellos pueden llegar a mi edad no s\u00f3lo en buen estado, sino que\nsiendo fuertes haciendo deporte y lograr cualquier meta. Fue una gran\nemoci\u00f3n para mi recibir esta invitaci\u00f3n de la intendenta, y no lo\ndude un segundo, porque quiero devolver la mano por todo lo que he\nlogrado y as\u00ed dar las gracias por quien soy hoy. \n<\/p>\n\n\n\n<div class=\"wp-block-image\"><figure class=\"alignright is-resized\"><a href=\"https:\/\/www.uta.cl\/wp-content\/uploads\/2019\/08\/0000_DSC_4947.jpg\"><img loading=\"lazy\" src=\"https:\/\/www.uta.cl\/wp-content\/uploads\/2019\/08\/0000_DSC_4947.jpg\" alt=\"\" class=\"wp-image-20587\" width=\"279\" height=\"186\" srcset=\"https:\/\/www.uta.cl\/wp-content\/uploads\/2019\/08\/0000_DSC_4947.jpg 1000w, https:\/\/www.uta.cl\/wp-content\/uploads\/2019\/08\/0000_DSC_4947-300x200.jpg 300w, https:\/\/www.uta.cl\/wp-content\/uploads\/2019\/08\/0000_DSC_4947-768x511.jpg 768w\" sizes=\"(max-width: 279px) 100vw, 279px\" \/><\/a><\/figure><\/div>\n\n\n\n<p>En\ntanto, la intendenta de la Regi\u00f3n de Arica y Parinacota, Mar\u00eda\nLoreto Letelier, destac\u00f3 la importancia de realizar este tipo de\ncampeonatos en la regi\u00f3n. \u201cEn esta semana tenemos este Campeonato\nInternacional con la grata visita de Leyla Musalem, una tenista de\ntrayectoria, de nivel mundial, que nos acompa\u00f1ar\u00e1 y trabajara con\nni\u00f1os tenistas. Es un placer poder contar con ella para seguir\navanzando en actividades deportivas que visibilicen a Arica y\nParinacota como regi\u00f3n deportiva\u201d. \n<\/p>\n\n\n\n<div class=\"wp-block-image\"><figure class=\"alignright is-resized\"><a href=\"https:\/\/www.uta.cl\/wp-content\/uploads\/2019\/08\/0000_DSC_5071.jpg\"><img loading=\"lazy\" src=\"https:\/\/www.uta.cl\/wp-content\/uploads\/2019\/08\/0000_DSC_5071.jpg\" alt=\"\" class=\"wp-image-20592\" width=\"277\" height=\"184\" srcset=\"https:\/\/www.uta.cl\/wp-content\/uploads\/2019\/08\/0000_DSC_5071.jpg 1000w, https:\/\/www.uta.cl\/wp-content\/uploads\/2019\/08\/0000_DSC_5071-300x200.jpg 300w, https:\/\/www.uta.cl\/wp-content\/uploads\/2019\/08\/0000_DSC_5071-768x511.jpg 768w\" sizes=\"(max-width: 277px) 100vw, 277px\" \/><\/a><\/figure><\/div>\n\n\n\n<p>Por\nsu parte, el Rector (S) de la Universidad de Tarapac\u00e1, \u00c1lvaro Palma\nQuiroz, indic\u00f3 que, \u201cpara la UTA es una tremenda alegr\u00eda el poder\ninaugurar este campeonato gracias a una iniciativa propiciada por\nDaniela Beltr\u00e1n, quien se acerc\u00f3 a nuestra instituci\u00f3n para ver la\nposibilidad de hacer una alianza y poder trabajar en pos de ejecutar\nesta Copa Arica, como primer torneo oficial internacional de tenis.\nEstas canchas eran recintos de tenis que se segu\u00edan ocupando, pero\nrequer\u00edan de una reparaci\u00f3n y restauraci\u00f3n mayor y es lo que se\nlogra con esta iniciativa, permitiendo que este recinto quede a\ndisposici\u00f3n no solo de la comunidad universitaria si tambi\u00e9n de\ntoda la comunidad de Arica\u201d. \n<\/p>\n\n\n\n<p>El\ntorneo internacional de grado 4 ha convocado a tenistas desde los 35\na\u00f1os de edad en adelante, siendo un torneo oficial de la Federaci\u00f3n\nInternacional de Tenis, en su categor\u00eda seniors, adem\u00e1s de contar\ncon el financiamiento del Gobierno Regional de Arica y Parinacota, la\ninfraestructura de la Universidad de Tarapac\u00e1 y de la organizaci\u00f3n\nde Corfo, siguiendo el programa Transforma Turismo \u201cArica Siempre\nActiva\u201d. \n<\/p>\n\n\n\n<p><strong>Charla\nMotivacional con alumnos de Educaci\u00f3n F\u00edsica<\/strong><\/p>\n\n\n\n<p>Previamente\na la ceremonia de inauguraci\u00f3n del Campeonato Copa Arica, el lunes\n19 de agosto, la tenista nacional Leyla Musalem, realiz\u00f3 una charla\nmotivacional con alumnos de la carrera de Educaci\u00f3n F\u00edsica de la\nUniversidad de Tarapac\u00e1, quienes conocieron sobre su historia de\nvida, su carrera deportiva y sus proyectos, como la tenista nacional\nque en la d\u00e9cada de los 70 demostr\u00f3 a todo Chile que las raquetas\nno eran s\u00f3lo para hombres y que hoy es la N\u00b01 del ranking mundial\nITF seniors, demostrando que el deporte es para toda la vida. \n<\/p>\n\n\n\n<figure class=\"wp-block-image\"><a href=\"https:\/\/www.uta.cl\/wp-content\/uploads\/2019\/08\/0000_DSC_4913.jpg\"><img loading=\"lazy\" width=\"1000\" height=\"666\" src=\"https:\/\/www.uta.cl\/wp-content\/uploads\/2019\/08\/0000_DSC_4913.jpg\" alt=\"\" class=\"wp-image-20584\" srcset=\"https:\/\/www.uta.cl\/wp-content\/uploads\/2019\/08\/0000_DSC_4913.jpg 1000w, https:\/\/www.uta.cl\/wp-content\/uploads\/2019\/08\/0000_DSC_4913-300x200.jpg 300w, https:\/\/www.uta.cl\/wp-content\/uploads\/2019\/08\/0000_DSC_4913-768x511.jpg 768w\" sizes=\"(max-width: 1000px) 100vw, 1000px\" \/><\/a><\/figure>\n\n\n\n<p>\nEn\ndicha oportunidad, Leyla Musalem expres\u00f3: \u201cPara\nm\u00ed es una tremenda experiencia el poder estar aqu\u00ed. Creo que puedo\ndar mi experiencia de vida para estar activa en el deporte, no es\nf\u00e1cil, pero es la pasi\u00f3n lo que te lleva a ser mejor, es lo que\nquiero transmitir a los j\u00f3venes, que hay vida despu\u00e9s de los 70. Me\ninteresa mucho dar mi testimonio a las mujeres, no solo de como jugar\ntenis, sino que c\u00f3mo a trav\u00e9s del tenis yo pude llevar mi vida\u201d,\ncoment\u00f3 la tenista.<\/p>\n\n\n\n<ul class=\"wp-block-gallery columns-3 is-cropped\"><li class=\"blocks-gallery-item\"><figure><a href=\"https:\/\/www.uta.cl\/wp-content\/uploads\/2019\/08\/DSC_4894.jpg\"><img loading=\"lazy\" width=\"667\" height=\"1000\" src=\"https:\/\/www.uta.cl\/wp-content\/uploads\/2019\/08\/DSC_4894.jpg\" alt=\"\" data-id=\"20602\" data-link=\"https:\/\/www.uta.cl\/?attachment_id=20602\" class=\"wp-image-20602\" srcset=\"https:\/\/www.uta.cl\/wp-content\/uploads\/2019\/08\/DSC_4894.jpg 667w, https:\/\/www.uta.cl\/wp-content\/uploads\/2019\/08\/DSC_4894-200x300.jpg 200w\" sizes=\"(max-width: 667px) 100vw, 667px\" \/><\/a><\/figure><\/li><li class=\"blocks-gallery-item\"><figure><a href=\"https:\/\/www.uta.cl\/wp-content\/uploads\/2019\/08\/base-6.jpg\"><img loading=\"lazy\" width=\"1000\" height=\"667\" src=\"https:\/\/www.uta.cl\/wp-content\/uploads\/2019\/08\/base-6.jpg\" alt=\"\" data-id=\"20601\" data-link=\"https:\/\/www.uta.cl\/?attachment_id=20601\" class=\"wp-image-20601\" srcset=\"https:\/\/www.uta.cl\/wp-content\/uploads\/2019\/08\/base-6.jpg 1000w, https:\/\/www.uta.cl\/wp-content\/uploads\/2019\/08\/base-6-300x200.jpg 300w, https:\/\/www.uta.cl\/wp-content\/uploads\/2019\/08\/base-6-768x512.jpg 768w\" sizes=\"(max-width: 1000px) 100vw, 1000px\" \/><\/a><\/figure><\/li><li class=\"blocks-gallery-item\"><figure><a href=\"https:\/\/www.uta.cl\/wp-content\/uploads\/2019\/08\/0000_foto-principal-nota.jpg\"><img loading=\"lazy\" width=\"1000\" height=\"666\" src=\"https:\/\/www.uta.cl\/wp-content\/uploads\/2019\/08\/0000_foto-principal-nota.jpg\" alt=\"\" data-id=\"20600\" data-link=\"https:\/\/www.uta.cl\/?attachment_id=20600\" class=\"wp-image-20600\" srcset=\"https:\/\/www.uta.cl\/wp-content\/uploads\/2019\/08\/0000_foto-principal-nota.jpg 1000w, https:\/\/www.uta.cl\/wp-content\/uploads\/2019\/08\/0000_foto-principal-nota-300x200.jpg 300w, https:\/\/www.uta.cl\/wp-content\/uploads\/2019\/08\/0000_foto-principal-nota-768x511.jpg 768w\" sizes=\"(max-width: 1000px) 100vw, 1000px\" \/><\/a><\/figure><\/li><li class=\"blocks-gallery-item\"><figure><a href=\"https:\/\/www.uta.cl\/wp-content\/uploads\/2019\/08\/0000_DSC_5148.jpg\"><img loading=\"lazy\" width=\"1000\" height=\"666\" src=\"https:\/\/www.uta.cl\/wp-content\/uploads\/2019\/08\/0000_DSC_5148.jpg\" alt=\"\" data-id=\"20599\" data-link=\"https:\/\/www.uta.cl\/?attachment_id=20599\" class=\"wp-image-20599\" srcset=\"https:\/\/www.uta.cl\/wp-content\/uploads\/2019\/08\/0000_DSC_5148.jpg 1000w, https:\/\/www.uta.cl\/wp-content\/uploads\/2019\/08\/0000_DSC_5148-300x200.jpg 300w, https:\/\/www.uta.cl\/wp-content\/uploads\/2019\/08\/0000_DSC_5148-768x511.jpg 768w\" sizes=\"(max-width: 1000px) 100vw, 1000px\" \/><\/a><\/figure><\/li><li class=\"blocks-gallery-item\"><figure><a href=\"https:\/\/www.uta.cl\/wp-content\/uploads\/2019\/08\/0000_DSC_5131.jpg\"><img loading=\"lazy\" width=\"1000\" height=\"666\" src=\"https:\/\/www.uta.cl\/wp-content\/uploads\/2019\/08\/0000_DSC_5131.jpg\" alt=\"\" data-id=\"20598\" data-link=\"https:\/\/www.uta.cl\/?attachment_id=20598\" class=\"wp-image-20598\" srcset=\"https:\/\/www.uta.cl\/wp-content\/uploads\/2019\/08\/0000_DSC_5131.jpg 1000w, https:\/\/www.uta.cl\/wp-content\/uploads\/2019\/08\/0000_DSC_5131-300x200.jpg 300w, https:\/\/www.uta.cl\/wp-content\/uploads\/2019\/08\/0000_DSC_5131-768x511.jpg 768w\" sizes=\"(max-width: 1000px) 100vw, 1000px\" \/><\/a><\/figure><\/li><li class=\"blocks-gallery-item\"><figure><a href=\"https:\/\/www.uta.cl\/wp-content\/uploads\/2019\/08\/0000_DSC_5124.jpg\"><img loading=\"lazy\" width=\"1000\" height=\"666\" src=\"https:\/\/www.uta.cl\/wp-content\/uploads\/2019\/08\/0000_DSC_5124.jpg\" alt=\"\" data-id=\"20597\" data-link=\"https:\/\/www.uta.cl\/?attachment_id=20597\" class=\"wp-image-20597\" srcset=\"https:\/\/www.uta.cl\/wp-content\/uploads\/2019\/08\/0000_DSC_5124.jpg 1000w, https:\/\/www.uta.cl\/wp-content\/uploads\/2019\/08\/0000_DSC_5124-300x200.jpg 300w, https:\/\/www.uta.cl\/wp-content\/uploads\/2019\/08\/0000_DSC_5124-768x511.jpg 768w\" sizes=\"(max-width: 1000px) 100vw, 1000px\" \/><\/a><\/figure><\/li><li class=\"blocks-gallery-item\"><figure><a href=\"https:\/\/www.uta.cl\/wp-content\/uploads\/2019\/08\/0000_DSC_5111.jpg\"><img loading=\"lazy\" width=\"1000\" height=\"666\" src=\"https:\/\/www.uta.cl\/wp-content\/uploads\/2019\/08\/0000_DSC_5111.jpg\" alt=\"\" data-id=\"20596\" data-link=\"https:\/\/www.uta.cl\/?attachment_id=20596\" class=\"wp-image-20596\" srcset=\"https:\/\/www.uta.cl\/wp-content\/uploads\/2019\/08\/0000_DSC_5111.jpg 1000w, https:\/\/www.uta.cl\/wp-content\/uploads\/2019\/08\/0000_DSC_5111-300x200.jpg 300w, https:\/\/www.uta.cl\/wp-content\/uploads\/2019\/08\/0000_DSC_5111-768x511.jpg 768w\" sizes=\"(max-width: 1000px) 100vw, 1000px\" \/><\/a><\/figure><\/li><li class=\"blocks-gallery-item\"><figure><a href=\"https:\/\/www.uta.cl\/wp-content\/uploads\/2019\/08\/0000_DSC_5101.jpg\"><img loading=\"lazy\" width=\"1000\" height=\"666\" src=\"https:\/\/www.uta.cl\/wp-content\/uploads\/2019\/08\/0000_DSC_5101.jpg\" alt=\"\" data-id=\"20595\" data-link=\"https:\/\/www.uta.cl\/?attachment_id=20595\" class=\"wp-image-20595\" srcset=\"https:\/\/www.uta.cl\/wp-content\/uploads\/2019\/08\/0000_DSC_5101.jpg 1000w, https:\/\/www.uta.cl\/wp-content\/uploads\/2019\/08\/0000_DSC_5101-300x200.jpg 300w, https:\/\/www.uta.cl\/wp-content\/uploads\/2019\/08\/0000_DSC_5101-768x511.jpg 768w\" sizes=\"(max-width: 1000px) 100vw, 1000px\" \/><\/a><\/figure><\/li><li class=\"blocks-gallery-item\"><figure><a href=\"https:\/\/www.uta.cl\/wp-content\/uploads\/2019\/08\/0000_DSC_5093.jpg\"><img loading=\"lazy\" width=\"1000\" height=\"666\" src=\"https:\/\/www.uta.cl\/wp-content\/uploads\/2019\/08\/0000_DSC_5093.jpg\" alt=\"\" data-id=\"20594\" data-link=\"https:\/\/www.uta.cl\/?attachment_id=20594\" class=\"wp-image-20594\" srcset=\"https:\/\/www.uta.cl\/wp-content\/uploads\/2019\/08\/0000_DSC_5093.jpg 1000w, https:\/\/www.uta.cl\/wp-content\/uploads\/2019\/08\/0000_DSC_5093-300x200.jpg 300w, https:\/\/www.uta.cl\/wp-content\/uploads\/2019\/08\/0000_DSC_5093-768x511.jpg 768w\" sizes=\"(max-width: 1000px) 100vw, 1000px\" \/><\/a><\/figure><\/li><li class=\"blocks-gallery-item\"><figure><a href=\"https:\/\/www.uta.cl\/wp-content\/uploads\/2019\/08\/0000_DSC_5084.jpg\"><img loading=\"lazy\" width=\"1000\" height=\"666\" src=\"https:\/\/www.uta.cl\/wp-content\/uploads\/2019\/08\/0000_DSC_5084.jpg\" alt=\"\" data-id=\"20593\" data-link=\"https:\/\/www.uta.cl\/?attachment_id=20593\" class=\"wp-image-20593\" srcset=\"https:\/\/www.uta.cl\/wp-content\/uploads\/2019\/08\/0000_DSC_5084.jpg 1000w, https:\/\/www.uta.cl\/wp-content\/uploads\/2019\/08\/0000_DSC_5084-300x200.jpg 300w, https:\/\/www.uta.cl\/wp-content\/uploads\/2019\/08\/0000_DSC_5084-768x511.jpg 768w\" sizes=\"(max-width: 1000px) 100vw, 1000px\" \/><\/a><\/figure><\/li><li class=\"blocks-gallery-item\"><figure><a href=\"https:\/\/www.uta.cl\/wp-content\/uploads\/2019\/08\/0000_DSC_5071.jpg\"><img loading=\"lazy\" width=\"1000\" height=\"666\" src=\"https:\/\/www.uta.cl\/wp-content\/uploads\/2019\/08\/0000_DSC_5071.jpg\" alt=\"\" data-id=\"20592\" data-link=\"https:\/\/www.uta.cl\/?attachment_id=20592\" class=\"wp-image-20592\" srcset=\"https:\/\/www.uta.cl\/wp-content\/uploads\/2019\/08\/0000_DSC_5071.jpg 1000w, https:\/\/www.uta.cl\/wp-content\/uploads\/2019\/08\/0000_DSC_5071-300x200.jpg 300w, https:\/\/www.uta.cl\/wp-content\/uploads\/2019\/08\/0000_DSC_5071-768x511.jpg 768w\" sizes=\"(max-width: 1000px) 100vw, 1000px\" \/><\/a><\/figure><\/li><li class=\"blocks-gallery-item\"><figure><a href=\"https:\/\/www.uta.cl\/wp-content\/uploads\/2019\/08\/0000_DSC_5068.jpg\"><img loading=\"lazy\" width=\"1000\" height=\"666\" src=\"https:\/\/www.uta.cl\/wp-content\/uploads\/2019\/08\/0000_DSC_5068.jpg\" alt=\"\" data-id=\"20591\" data-link=\"https:\/\/www.uta.cl\/?attachment_id=20591\" class=\"wp-image-20591\" srcset=\"https:\/\/www.uta.cl\/wp-content\/uploads\/2019\/08\/0000_DSC_5068.jpg 1000w, https:\/\/www.uta.cl\/wp-content\/uploads\/2019\/08\/0000_DSC_5068-300x200.jpg 300w, https:\/\/www.uta.cl\/wp-content\/uploads\/2019\/08\/0000_DSC_5068-768x511.jpg 768w\" sizes=\"(max-width: 1000px) 100vw, 1000px\" \/><\/a><\/figure><\/li><li class=\"blocks-gallery-item\"><figure><a href=\"https:\/\/www.uta.cl\/wp-content\/uploads\/2019\/08\/0000_DSC_5028.jpg\"><img loading=\"lazy\" width=\"1000\" height=\"666\" src=\"https:\/\/www.uta.cl\/wp-content\/uploads\/2019\/08\/0000_DSC_5028.jpg\" alt=\"\" data-id=\"20590\" data-link=\"https:\/\/www.uta.cl\/?attachment_id=20590\" class=\"wp-image-20590\" srcset=\"https:\/\/www.uta.cl\/wp-content\/uploads\/2019\/08\/0000_DSC_5028.jpg 1000w, https:\/\/www.uta.cl\/wp-content\/uploads\/2019\/08\/0000_DSC_5028-300x200.jpg 300w, https:\/\/www.uta.cl\/wp-content\/uploads\/2019\/08\/0000_DSC_5028-768x511.jpg 768w\" sizes=\"(max-width: 1000px) 100vw, 1000px\" \/><\/a><\/figure><\/li><li class=\"blocks-gallery-item\"><figure><a href=\"https:\/\/www.uta.cl\/wp-content\/uploads\/2019\/08\/0000_DSC_5000.jpg\"><img loading=\"lazy\" width=\"1000\" height=\"666\" src=\"https:\/\/www.uta.cl\/wp-content\/uploads\/2019\/08\/0000_DSC_5000.jpg\" alt=\"\" data-id=\"20589\" data-link=\"https:\/\/www.uta.cl\/?attachment_id=20589\" class=\"wp-image-20589\" srcset=\"https:\/\/www.uta.cl\/wp-content\/uploads\/2019\/08\/0000_DSC_5000.jpg 1000w, https:\/\/www.uta.cl\/wp-content\/uploads\/2019\/08\/0000_DSC_5000-300x200.jpg 300w, https:\/\/www.uta.cl\/wp-content\/uploads\/2019\/08\/0000_DSC_5000-768x511.jpg 768w\" sizes=\"(max-width: 1000px) 100vw, 1000px\" \/><\/a><\/figure><\/li><li class=\"blocks-gallery-item\"><figure><a href=\"https:\/\/www.uta.cl\/wp-content\/uploads\/2019\/08\/0000_DSC_4995.jpg\"><img loading=\"lazy\" width=\"1000\" height=\"666\" src=\"https:\/\/www.uta.cl\/wp-content\/uploads\/2019\/08\/0000_DSC_4995.jpg\" alt=\"\" data-id=\"20588\" data-link=\"https:\/\/www.uta.cl\/?attachment_id=20588\" class=\"wp-image-20588\" srcset=\"https:\/\/www.uta.cl\/wp-content\/uploads\/2019\/08\/0000_DSC_4995.jpg 1000w, https:\/\/www.uta.cl\/wp-content\/uploads\/2019\/08\/0000_DSC_4995-300x200.jpg 300w, https:\/\/www.uta.cl\/wp-content\/uploads\/2019\/08\/0000_DSC_4995-768x511.jpg 768w\" sizes=\"(max-width: 1000px) 100vw, 1000px\" \/><\/a><\/figure><\/li><li class=\"blocks-gallery-item\"><figure><a href=\"https:\/\/www.uta.cl\/wp-content\/uploads\/2019\/08\/0000_DSC_4947.jpg\"><img loading=\"lazy\" width=\"1000\" height=\"666\" src=\"https:\/\/www.uta.cl\/wp-content\/uploads\/2019\/08\/0000_DSC_4947.jpg\" alt=\"\" data-id=\"20587\" data-link=\"https:\/\/www.uta.cl\/?attachment_id=20587\" class=\"wp-image-20587\" srcset=\"https:\/\/www.uta.cl\/wp-content\/uploads\/2019\/08\/0000_DSC_4947.jpg 1000w, https:\/\/www.uta.cl\/wp-content\/uploads\/2019\/08\/0000_DSC_4947-300x200.jpg 300w, https:\/\/www.uta.cl\/wp-content\/uploads\/2019\/08\/0000_DSC_4947-768x511.jpg 768w\" sizes=\"(max-width: 1000px) 100vw, 1000px\" \/><\/a><\/figure><\/li><li class=\"blocks-gallery-item\"><figure><a href=\"https:\/\/www.uta.cl\/wp-content\/uploads\/2019\/08\/0000_DSC_4923.jpg\"><img loading=\"lazy\" width=\"1000\" height=\"666\" src=\"https:\/\/www.uta.cl\/wp-content\/uploads\/2019\/08\/0000_DSC_4923.jpg\" alt=\"\" data-id=\"20586\" data-link=\"https:\/\/www.uta.cl\/?attachment_id=20586\" class=\"wp-image-20586\" srcset=\"https:\/\/www.uta.cl\/wp-content\/uploads\/2019\/08\/0000_DSC_4923.jpg 1000w, https:\/\/www.uta.cl\/wp-content\/uploads\/2019\/08\/0000_DSC_4923-300x200.jpg 300w, https:\/\/www.uta.cl\/wp-content\/uploads\/2019\/08\/0000_DSC_4923-768x511.jpg 768w\" sizes=\"(max-width: 1000px) 100vw, 1000px\" \/><\/a><\/figure><\/li><li class=\"blocks-gallery-item\"><figure><a href=\"https:\/\/www.uta.cl\/wp-content\/uploads\/2019\/08\/0000_DSC_4919.jpg\"><img loading=\"lazy\" width=\"1000\" height=\"666\" src=\"https:\/\/www.uta.cl\/wp-content\/uploads\/2019\/08\/0000_DSC_4919.jpg\" alt=\"\" data-id=\"20585\" data-link=\"https:\/\/www.uta.cl\/?attachment_id=20585\" class=\"wp-image-20585\" srcset=\"https:\/\/www.uta.cl\/wp-content\/uploads\/2019\/08\/0000_DSC_4919.jpg 1000w, https:\/\/www.uta.cl\/wp-content\/uploads\/2019\/08\/0000_DSC_4919-300x200.jpg 300w, https:\/\/www.uta.cl\/wp-content\/uploads\/2019\/08\/0000_DSC_4919-768x511.jpg 768w\" sizes=\"(max-width: 1000px) 100vw, 1000px\" \/><\/a><\/figure><\/li><li class=\"blocks-gallery-item\"><figure><a href=\"https:\/\/www.uta.cl\/wp-content\/uploads\/2019\/08\/0000_DSC_4913.jpg\"><img loading=\"lazy\" width=\"1000\" height=\"666\" src=\"https:\/\/www.uta.cl\/wp-content\/uploads\/2019\/08\/0000_DSC_4913.jpg\" alt=\"\" data-id=\"20584\" data-link=\"https:\/\/www.uta.cl\/?attachment_id=20584\" class=\"wp-image-20584\" srcset=\"https:\/\/www.uta.cl\/wp-content\/uploads\/2019\/08\/0000_DSC_4913.jpg 1000w, https:\/\/www.uta.cl\/wp-content\/uploads\/2019\/08\/0000_DSC_4913-300x200.jpg 300w, https:\/\/www.uta.cl\/wp-content\/uploads\/2019\/08\/0000_DSC_4913-768x511.jpg 768w\" sizes=\"(max-width: 1000px) 100vw, 1000px\" \/><\/a><\/figure><\/li><li class=\"blocks-gallery-item\"><figure><a href=\"https:\/\/www.uta.cl\/wp-content\/uploads\/2019\/08\/0000_DSC_4905.jpg\"><img loading=\"lazy\" width=\"1000\" height=\"666\" src=\"https:\/\/www.uta.cl\/wp-content\/uploads\/2019\/08\/0000_DSC_4905.jpg\" alt=\"\" data-id=\"20583\" data-link=\"https:\/\/www.uta.cl\/?attachment_id=20583\" class=\"wp-image-20583\" srcset=\"https:\/\/www.uta.cl\/wp-content\/uploads\/2019\/08\/0000_DSC_4905.jpg 1000w, https:\/\/www.uta.cl\/wp-content\/uploads\/2019\/08\/0000_DSC_4905-300x200.jpg 300w, https:\/\/www.uta.cl\/wp-content\/uploads\/2019\/08\/0000_DSC_4905-768x511.jpg 768w\" sizes=\"(max-width: 1000px) 100vw, 1000px\" \/><\/a><\/figure><\/li><li class=\"blocks-gallery-item\"><figure><a href=\"https:\/\/www.uta.cl\/wp-content\/uploads\/2019\/08\/0000_DSC_4891.jpg\"><img loading=\"lazy\" width=\"1000\" height=\"666\" src=\"https:\/\/www.uta.cl\/wp-content\/uploads\/2019\/08\/0000_DSC_4891.jpg\" alt=\"\" data-id=\"20582\" data-link=\"https:\/\/www.uta.cl\/?attachment_id=20582\" class=\"wp-image-20582\" srcset=\"https:\/\/www.uta.cl\/wp-content\/uploads\/2019\/08\/0000_DSC_4891.jpg 1000w, https:\/\/www.uta.cl\/wp-content\/uploads\/2019\/08\/0000_DSC_4891-300x200.jpg 300w, https:\/\/www.uta.cl\/wp-content\/uploads\/2019\/08\/0000_DSC_4891-768x511.jpg 768w\" sizes=\"(max-width: 1000px) 100vw, 1000px\" \/><\/a><\/figure><\/li><li class=\"blocks-gallery-item\"><figure><a href=\"https:\/\/www.uta.cl\/wp-content\/uploads\/2019\/08\/0000_DSC_4885.jpg\"><img loading=\"lazy\" width=\"1000\" height=\"666\" src=\"https:\/\/www.uta.cl\/wp-content\/uploads\/2019\/08\/0000_DSC_4885.jpg\" alt=\"\" data-id=\"20580\" data-link=\"https:\/\/www.uta.cl\/?attachment_id=20580\" class=\"wp-image-20580\" srcset=\"https:\/\/www.uta.cl\/wp-content\/uploads\/2019\/08\/0000_DSC_4885.jpg 1000w, https:\/\/www.uta.cl\/wp-content\/uploads\/2019\/08\/0000_DSC_4885-300x200.jpg 300w, https:\/\/www.uta.cl\/wp-content\/uploads\/2019\/08\/0000_DSC_4885-768x511.jpg 768w\" sizes=\"(max-width: 1000px) 100vw, 1000px\" \/><\/a><\/figure><\/li><\/ul>\n","protected":false},"excerpt":{"rendered":"<p>Con la presencia de la destacada tenista nacional Leyla Musalem, se dio por iniciado el primer Campeonato ITF Seniors en Arica, instancia que fue inaugurada por autoridades regionales, universitarias e invitados especiales y que finalizar\u00e1 el s\u00e1bado 24 de agosto.<\/p>\n","protected":false},"author":1,"featured_media":20601,"comment_status":"open","ping_status":"open","sticky":false,"template":"","format":"standard","meta":[],"categories":[],"tags":[],"_links":{"self":[{"href":"https:\/\/www.uta.cl\/index.php\/wp-json\/wp\/v2\/posts\/20579"}],"collection":[{"href":"https:\/\/www.uta.cl\/index.php\/wp-json\/wp\/v2\/posts"}],"about":[{"href":"https:\/\/www.uta.cl\/index.php\/wp-json\/wp\/v2\/types\/post"}],"author":[{"embeddable":true,"href":"https:\/\/www.uta.cl\/index.php\/wp-json\/wp\/v2\/users\/1"}],"replies":[{"embeddable":true,"href":"https:\/\/www.uta.cl\/index.php\/wp-json\/wp\/v2\/comments?post=20579"}],"version-history":[{"count":2,"href":"https:\/\/www.uta.cl\/index.php\/wp-json\/wp\/v2\/posts\/20579\/revisions"}],"predecessor-version":[{"id":20604,"href":"https:\/\/www.uta.cl\/index.php\/wp-json\/wp\/v2\/posts\/20579\/revisions\/20604"}],"wp:featuredmedia":[{"embeddable":true,"href":"https:\/\/www.uta.cl\/index.php\/wp-json\/wp\/v2\/media\/20601"}],"wp:attachment":[{"href":"https:\/\/www.uta.cl\/index.php\/wp-json\/wp\/v2\/media?parent=20579"}],"wp:term":[{"taxonomy":"category","embeddable":true,"href":"https:\/\/www.uta.cl\/index.php\/wp-json\/wp\/v2\/categories?post=20579"},{"taxonomy":"post_tag","embeddable":true,"href":"https:\/\/www.uta.cl\/index.php\/wp-json\/wp\/v2\/tags?post=20579"}],"curies":[{"name":"wp","href":"https:\/\/api.w.org\/{rel}","templated":true}]}}