{"id":20558,"date":"2019-08-23T14:34:40","date_gmt":"2019-08-23T14:34:40","guid":{"rendered":"https:\/\/www.uta.cl\/?p=20558"},"modified":"2019-08-23T14:34:47","modified_gmt":"2019-08-23T14:34:47","slug":"frente-al-nuevo-escenario-de-la-educacion-superior-chilena-rector-de-la-uta-sostiene-importante-reunion-con-decanos-y-decanas","status":"publish","type":"post","link":"https:\/\/www.uta.cl\/index.php\/2019\/08\/23\/frente-al-nuevo-escenario-de-la-educacion-superior-chilena-rector-de-la-uta-sostiene-importante-reunion-con-decanos-y-decanas\/","title":{"rendered":"Frente al nuevo escenario de la educaci\u00f3n superior chilena, Rector de la UTA sostiene importante reuni\u00f3n con decanos y decanas"},"content":{"rendered":"\n<p>En el marco de la implementaci\u00f3n del proyecto de Fortalecimiento de las Universidades del Estado que busca mejorar la calidad y equidad, y fortalecer su capacidad institucional para abordar desaf\u00edos de desarrollo regionales y nacionales, este jueves 21 de agosto, el Rector de la Universidad de Tarapac\u00e1, Dr. Emilio Rodr\u00edguez Ponce, sostuvo una reuni\u00f3n con los decanos de esta Casa de Estudios Superiores.<\/p>\n\n\n\n<figure class=\"wp-block-image\"><a href=\"https:\/\/www.uta.cl\/wp-content\/uploads\/2019\/08\/DSC_5160.jpg\"><img loading=\"lazy\" width=\"1000\" height=\"667\" src=\"https:\/\/www.uta.cl\/wp-content\/uploads\/2019\/08\/DSC_5160.jpg\" alt=\"\" class=\"wp-image-20559\" srcset=\"https:\/\/www.uta.cl\/wp-content\/uploads\/2019\/08\/DSC_5160.jpg 1000w, https:\/\/www.uta.cl\/wp-content\/uploads\/2019\/08\/DSC_5160-300x200.jpg 300w, https:\/\/www.uta.cl\/wp-content\/uploads\/2019\/08\/DSC_5160-768x512.jpg 768w\" sizes=\"(max-width: 1000px) 100vw, 1000px\" \/><\/a><\/figure>\n\n\n\n<p>En la reuni\u00f3n la m\u00e1xima autoridad universitaria se\u00f1al\u00f3 que ante el escenario que est\u00e1 asumiendo la Universidad de Tarapac\u00e1, hay desaf\u00edos mayores donde muchas de las decisiones que se toman actualmente afectar\u00e1n los pr\u00f3ximos 10 y 15 a\u00f1os el desarrollo estrat\u00e9gico institucional. En consecuencia, este trabajo debe realizarse de manera colectiva y de forma articulada con un trabajo de equipo.  <\/p>\n\n\n\n<p>En\neste contexto, el Rector Rodr\u00edguez Ponce destac\u00f3 el rol que han\ndesempe\u00f1ado los decanos de las diferentes facultades de esta Casa de\nEstudios Superiores. \u201cEl\nrol de los decanos que ha sido muy positivo en cada una de las\ndecisiones m\u00e1s importantes que toma la Instituci\u00f3n. En\nconsecuencia, hoy debemos definir cu\u00e1les son los doctorados y los\nmag\u00edster que vamos a trabajar, pero tambi\u00e9n aquellas \u00e1reas\nadicionales en las cuales vamos a generar todo el esfuerzo de la\ninvestigaci\u00f3n o parte importante del esfuerzo adicional de\ninvestigaci\u00f3n en \u00e1reas que tengan alto nivel de impacto, tanto en\nla consecuci\u00f3n de recursos del tipo Fondecyt o equivalente, pero\ntambi\u00e9n en la generaci\u00f3n de publicaciones de alto impacto\u201d. \n<\/p>\n\n\n\n<p>Agreg\u00f3\nque, \u201cnuestro gran desaf\u00edo como Universidad estatal y regional hoy\nd\u00eda, est\u00e1 en lograr que una proporci\u00f3n importante del cuerpo\nacad\u00e9mico tenga el grado de doctor, que tengamos publicaciones como\nlas que tenemos en cantidad que son muy buenas e importantes, pero\nque podamos sumar un \u00edndice de impacto mayor. Que tengamos una\ntitulaci\u00f3n oportuna de nuestros profesionales y que mantengamos los\nest\u00e1ndares de acreditaci\u00f3n que hemos ido logrando, junto con tener\nun impacto en los estudiantes de los primeros seis quintiles que\npuedan tener una retenci\u00f3n mucho mayor al tercer a\u00f1o\u201d.<\/p>\n\n\n\n<p>Concluy\u00f3\nse\u00f1alando que la conjunci\u00f3n de todos estos elementos son los\naspectos que van evaluando actualmente el Fondo de Reforzamiento y\nFortalecimiento de las Universidades del Estado en un trabajo\nconjunto, realizado el 2016, con el Banco Mundial y que hoy se est\u00e1\nimplementando. \u201cEste es un tema mayor porque va definiendo el\n\u2018derrotero estrat\u00e9gico\u2019 de la Instituci\u00f3n, es decir, en qu\u00e9\n\u00e1reas se focaliza la investigaci\u00f3n, qu\u00e9 postgrado sacar adelante,\nqu\u00e9 estrategias llevar a cabo para aumentar la retenci\u00f3n de tercer\na\u00f1o y aumentar la titulaci\u00f3n oportuna, c\u00f3mo consolidar la\nacreditaci\u00f3n, aspectos fundamentales del desarrollo estrat\u00e9gico de\nnuestra Universidad\u201d. \n<\/p>\n\n\n\n<p>Por\nsu parte, el Decano de la Facultad de Ingenier\u00eda, Alejandro\nRodr\u00edguez Estay, agradeci\u00f3 este tipo de instancias, \u201cporque\nentrega informaci\u00f3n muy relevante para el futuro de nuestra\nUniversidad y ver c\u00f3mo podemos enfrentar el futuro es muy\nbeneficioso\u201d. \n<\/p>\n\n\n\n<p>Asimismo\nagreg\u00f3 que, \u201cen esta reuni\u00f3n se han ido afinando las estrategias\npara enfrentar lo que el Ministerio de Educaci\u00f3n y los organismos\nrelacionados con la educaci\u00f3n universitaria est\u00e1n exigiendo. En\neste mundo globalizado la Universidad no puede estar quieta sino que\ndebe desarrollarse y para ello, debe generar estrategias en base a lo\nque los organismos internacionales como el Banco Mundial est\u00e1n\nexigiendo\u201d, concluy\u00f3 el Decano de la Facultad de Ingenier\u00eda. \n<\/p>\n\n\n\n<p>\n<strong>Banco\nMundial apoya a universidades estatales en Chile<\/strong><\/p>\n\n\n\n<p>M\u00e1s de 382.000 estudiantes y 17.000 profesores de universidades estatales chilenas se beneficiar\u00e1n de un proyecto parcialmente financiado por un pr\u00e9stamo de US$50 millones aprobado hoy por el Directorio Ejecutivo del Banco Mundial. El&nbsp;<em><strong>Proyecto de Fortalecimiento de las Universidades Estatales en Chile<\/strong><\/em>busca mejorar la calidad y la equidad dentro de estas universidades y fortalecer su capacidad institucional para abordar desaf\u00edos de desarrollo subregionales y nacionales.<\/p>\n\n\n\n<p>La implementaci\u00f3n de esta iniciativa respecto al Plan de Fortalecimiento de Universidades Estatales, busca generar mecanismos de acceso que garanticen la inclusi\u00f3n, la integraci\u00f3n social, y la entrada, permanencia y titulaci\u00f3n de estudiantes provenientes de los sectores sociales m\u00e1s vulnerables; junto con apoyar la creaci\u00f3n y\/o funcionamiento de centros de investigaci\u00f3n de alto nivel, destinados a profundizar el desarrollo de conocimiento en torno a materias de relevancia estrat\u00e9gica para el pa\u00eds.<\/p>\n\n\n\n<p>Otros objetivos son aumentar la matr\u00edcula de primer a\u00f1o en las universidades estatales, en forma coherente con sus proyectos de desarrollo institucional, as\u00ed como tambi\u00e9n con los requerimientos del desarrollo del pa\u00eds y\/o sus regiones; renovar la infraestructura deteriorada o insuficiente, en el marco de los proyectos de desarrollo institucional; y propender a la coordinaci\u00f3n y funcionamiento en red de las instituciones estatales. (Fuente: Banco Mundial).<\/p>\n\n\n\n<ul class=\"wp-block-gallery columns-3 is-cropped\"><li class=\"blocks-gallery-item\"><figure><a href=\"https:\/\/www.uta.cl\/wp-content\/uploads\/2019\/08\/DSC_5190.jpg\"><img loading=\"lazy\" width=\"1000\" height=\"667\" src=\"https:\/\/www.uta.cl\/wp-content\/uploads\/2019\/08\/DSC_5190.jpg\" alt=\"\" data-id=\"20562\" data-link=\"https:\/\/www.uta.cl\/?attachment_id=20562\" class=\"wp-image-20562\" srcset=\"https:\/\/www.uta.cl\/wp-content\/uploads\/2019\/08\/DSC_5190.jpg 1000w, https:\/\/www.uta.cl\/wp-content\/uploads\/2019\/08\/DSC_5190-300x200.jpg 300w, https:\/\/www.uta.cl\/wp-content\/uploads\/2019\/08\/DSC_5190-768x512.jpg 768w\" sizes=\"(max-width: 1000px) 100vw, 1000px\" \/><\/a><\/figure><\/li><li class=\"blocks-gallery-item\"><figure><a href=\"https:\/\/www.uta.cl\/wp-content\/uploads\/2019\/08\/DSC_5175.jpg\"><img loading=\"lazy\" width=\"1000\" height=\"667\" src=\"https:\/\/www.uta.cl\/wp-content\/uploads\/2019\/08\/DSC_5175.jpg\" alt=\"\" data-id=\"20561\" data-link=\"https:\/\/www.uta.cl\/?attachment_id=20561\" class=\"wp-image-20561\" srcset=\"https:\/\/www.uta.cl\/wp-content\/uploads\/2019\/08\/DSC_5175.jpg 1000w, https:\/\/www.uta.cl\/wp-content\/uploads\/2019\/08\/DSC_5175-300x200.jpg 300w, https:\/\/www.uta.cl\/wp-content\/uploads\/2019\/08\/DSC_5175-768x512.jpg 768w\" sizes=\"(max-width: 1000px) 100vw, 1000px\" \/><\/a><\/figure><\/li><li class=\"blocks-gallery-item\"><figure><a href=\"https:\/\/www.uta.cl\/wp-content\/uploads\/2019\/08\/DSC_5162.jpg\"><img loading=\"lazy\" width=\"1000\" height=\"667\" src=\"https:\/\/www.uta.cl\/wp-content\/uploads\/2019\/08\/DSC_5162.jpg\" alt=\"\" data-id=\"20560\" data-link=\"https:\/\/www.uta.cl\/?attachment_id=20560\" class=\"wp-image-20560\" srcset=\"https:\/\/www.uta.cl\/wp-content\/uploads\/2019\/08\/DSC_5162.jpg 1000w, https:\/\/www.uta.cl\/wp-content\/uploads\/2019\/08\/DSC_5162-300x200.jpg 300w, https:\/\/www.uta.cl\/wp-content\/uploads\/2019\/08\/DSC_5162-768x512.jpg 768w\" sizes=\"(max-width: 1000px) 100vw, 1000px\" \/><\/a><\/figure><\/li><\/ul>\n","protected":false},"excerpt":{"rendered":"<p>Encuentro sostenido con las decanas y decanos de las diferentes facultades de esta Casa de Estudios Superiores e integrantes del Equipo de Gesti\u00f3n, la m\u00e1xima autoridad universitaria inform\u00f3 sobre los desaf\u00edos y estrategias que deben trabajarse de manera colectiva y articulada para enfrentar los nuevos desaf\u00edos que est\u00e1 asumiendo la UTA.<\/p>\n","protected":false},"author":1,"featured_media":20563,"comment_status":"open","ping_status":"open","sticky":false,"template":"","format":"standard","meta":[],"categories":[],"tags":[],"_links":{"self":[{"href":"https:\/\/www.uta.cl\/index.php\/wp-json\/wp\/v2\/posts\/20558"}],"collection":[{"href":"https:\/\/www.uta.cl\/index.php\/wp-json\/wp\/v2\/posts"}],"about":[{"href":"https:\/\/www.uta.cl\/index.php\/wp-json\/wp\/v2\/types\/post"}],"author":[{"embeddable":true,"href":"https:\/\/www.uta.cl\/index.php\/wp-json\/wp\/v2\/users\/1"}],"replies":[{"embeddable":true,"href":"https:\/\/www.uta.cl\/index.php\/wp-json\/wp\/v2\/comments?post=20558"}],"version-history":[{"count":2,"href":"https:\/\/www.uta.cl\/index.php\/wp-json\/wp\/v2\/posts\/20558\/revisions"}],"predecessor-version":[{"id":20565,"href":"https:\/\/www.uta.cl\/index.php\/wp-json\/wp\/v2\/posts\/20558\/revisions\/20565"}],"wp:featuredmedia":[{"embeddable":true,"href":"https:\/\/www.uta.cl\/index.php\/wp-json\/wp\/v2\/media\/20563"}],"wp:attachment":[{"href":"https:\/\/www.uta.cl\/index.php\/wp-json\/wp\/v2\/media?parent=20558"}],"wp:term":[{"taxonomy":"category","embeddable":true,"href":"https:\/\/www.uta.cl\/index.php\/wp-json\/wp\/v2\/categories?post=20558"},{"taxonomy":"post_tag","embeddable":true,"href":"https:\/\/www.uta.cl\/index.php\/wp-json\/wp\/v2\/tags?post=20558"}],"curies":[{"name":"wp","href":"https:\/\/api.w.org\/{rel}","templated":true}]}}