{"id":20553,"date":"2019-08-23T12:37:17","date_gmt":"2019-08-23T12:37:17","guid":{"rendered":"https:\/\/www.uta.cl\/?p=20553"},"modified":"2019-08-23T12:37:23","modified_gmt":"2019-08-23T12:37:23","slug":"facultad-de-educacion-y-humanidades-dio-la-bienvenida-a-estudiantes-de-magister-en-educacion","status":"publish","type":"post","link":"https:\/\/www.uta.cl\/index.php\/2019\/08\/23\/facultad-de-educacion-y-humanidades-dio-la-bienvenida-a-estudiantes-de-magister-en-educacion\/","title":{"rendered":"Facultad de Educaci\u00f3n y Humanidades, dio la bienvenida a estudiantes de Mag\u00edster en Educaci\u00f3n"},"content":{"rendered":"\n<p>Con la presencia del Director del Programa de Mag\u00edster en Educaci\u00f3n, Mg. Rub\u00e9n Capetillo Vel\u00e1squez, se dio la bienvenida e inicio de a\u00f1o acad\u00e9mico a los estudiantes del Mag\u00edster en Educaci\u00f3n, de los cuales el 73% son ex alumnos de esta Universidad.<\/p>\n\n\n\n<figure class=\"wp-block-image\"><a href=\"https:\/\/www.uta.cl\/wp-content\/uploads\/2019\/08\/2-2.jpg\"><img loading=\"lazy\" width=\"1000\" height=\"665\" src=\"https:\/\/www.uta.cl\/wp-content\/uploads\/2019\/08\/2-2.jpg\" alt=\"\" class=\"wp-image-20555\" srcset=\"https:\/\/www.uta.cl\/wp-content\/uploads\/2019\/08\/2-2.jpg 1000w, https:\/\/www.uta.cl\/wp-content\/uploads\/2019\/08\/2-2-300x200.jpg 300w, https:\/\/www.uta.cl\/wp-content\/uploads\/2019\/08\/2-2-768x511.jpg 768w\" sizes=\"(max-width: 1000px) 100vw, 1000px\" \/><\/a><\/figure>\n\n\n\n<p>El Director en sus palabras de bienvenida, coment\u00f3 los principales desaf\u00edos que tiene la Facultad de Educaci\u00f3n y Humanidades, <em> entre ellos, el acreditar el Magister en educaci\u00f3n  y consolidar el postgrado, con el claro objetivo de contribuir a la regi\u00f3n de Arica y Parinacota y a nuestro pa\u00eds<\/em>, se\u00f1al\u00f3 el Director.<\/p>\n\n\n\n<p>El Mag\u00edster en Educaci\u00f3n, es un programa basado en competencias de car\u00e1cter profesional que entrega una formaci\u00f3n en tres L\u00edneas: Gesti\u00f3n e Innovaci\u00f3n; Did\u00e1ctica y Evaluaci\u00f3n; Diversidad e Interculturalidad en Educaci\u00f3n.   <\/p>\n\n\n\n<p>\u201c<em>Nuestro Mag\u00edster busca formar l\u00edderes que sean capaces de analizar, examinar e interpretar la realidad educativa utilizando criterios de investigaci\u00f3n profesional, profundizando el conocimiento disciplinar para proponer innovaci\u00f3n en sus pr\u00e1cticas Educativas y consolidar competencias en gesti\u00f3n educativa, curr\u00edculo y metodolog\u00eda de ense\u00f1anza-aprendizaje\u201d<\/em>, enfatiz\u00f3 el Director, Rub\u00e9n Capetillo.<\/p>\n\n\n\n<ul class=\"wp-block-gallery columns-2 is-cropped\"><li class=\"blocks-gallery-item\"><figure><a href=\"https:\/\/www.uta.cl\/wp-content\/uploads\/2019\/08\/3-2.jpg\"><img loading=\"lazy\" width=\"1000\" height=\"665\" src=\"https:\/\/www.uta.cl\/wp-content\/uploads\/2019\/08\/3-2.jpg\" alt=\"\" data-id=\"20556\" data-link=\"https:\/\/www.uta.cl\/?attachment_id=20556\" class=\"wp-image-20556\" srcset=\"https:\/\/www.uta.cl\/wp-content\/uploads\/2019\/08\/3-2.jpg 1000w, https:\/\/www.uta.cl\/wp-content\/uploads\/2019\/08\/3-2-300x200.jpg 300w, https:\/\/www.uta.cl\/wp-content\/uploads\/2019\/08\/3-2-768x511.jpg 768w\" sizes=\"(max-width: 1000px) 100vw, 1000px\" \/><\/a><\/figure><\/li><li class=\"blocks-gallery-item\"><figure><a href=\"https:\/\/www.uta.cl\/wp-content\/uploads\/2019\/08\/1-2.jpg\"><img loading=\"lazy\" width=\"1000\" height=\"665\" src=\"https:\/\/www.uta.cl\/wp-content\/uploads\/2019\/08\/1-2.jpg\" alt=\"\" data-id=\"20554\" data-link=\"https:\/\/www.uta.cl\/?attachment_id=20554\" class=\"wp-image-20554\" srcset=\"https:\/\/www.uta.cl\/wp-content\/uploads\/2019\/08\/1-2.jpg 1000w, https:\/\/www.uta.cl\/wp-content\/uploads\/2019\/08\/1-2-300x200.jpg 300w, https:\/\/www.uta.cl\/wp-content\/uploads\/2019\/08\/1-2-768x511.jpg 768w\" sizes=\"(max-width: 1000px) 100vw, 1000px\" \/><\/a><\/figure><\/li><\/ul>\n\n\n\n<p>Junto con la bienvenida, se realiz\u00f3 la primera clase del Mag\u00edster que estuvo a cargo del Dr. Alex Espinoza Verdejo, Acad\u00e9mico del Departamento Psicolog\u00eda y Filosof\u00eda de esta Casa de Estudios Superiores, quien expuso sobre los principales contenidos a abordar en el marco de la asignatura \u201c\u00c9tica y Sociolog\u00eda Educativa\u201d, tales como analizar las principales corrientes contempor\u00e1neas de la \u00e9tica filos\u00f3fica y sus consecuencias en la sociedad actual.<\/p>\n\n\n\n<p>Los estudiantes se mostraron entusiasmados ante los nuevos desaf\u00edos que les ofrece este Mag\u00edster y valoraron el equipamiento de la Sala de Clases Innovadora N\u00ba 314, ubicada en el Edificio de la Facultad de Educaci\u00f3n y Humanidades, la cual fue destinada para la dictaci\u00f3n de clases del programa con el claro prop\u00f3sito de optimizar los recursos pedag\u00f3gicos, en miras de mejorar la eficiencia acad\u00e9mica de los programas de postgrado.<\/p>\n\n\n\n<p>La implementaci\u00f3n de este espacio pedag\u00f3gico, fue financiada en el marco del Plan de Implementaci\u00f3n del Proyecto FID UTA 1756, consistente en la adquisici\u00f3n de tecnolog\u00eda y mobiliario acorde a los requerimientos y exigencias de la educaci\u00f3n actual.<\/p>\n","protected":false},"excerpt":{"rendered":"<p>Con la presencia del Director del Programa de Mag\u00edster en Educaci\u00f3n, Mg. Rub\u00e9n Capetillo Vel\u00e1squez, se dio la bienvenida e inicio de a\u00f1o acad\u00e9mico a los estudiantes del Mag\u00edster en Educaci\u00f3n, de los cuales el 73% son ex alumnos de esta Universidad. El Director en sus palabras de bienvenida, coment\u00f3 los principales desaf\u00edos que tiene [&hellip;]<\/p>\n","protected":false},"author":1,"featured_media":20555,"comment_status":"open","ping_status":"open","sticky":false,"template":"","format":"standard","meta":[],"categories":[32,51],"tags":[],"_links":{"self":[{"href":"https:\/\/www.uta.cl\/index.php\/wp-json\/wp\/v2\/posts\/20553"}],"collection":[{"href":"https:\/\/www.uta.cl\/index.php\/wp-json\/wp\/v2\/posts"}],"about":[{"href":"https:\/\/www.uta.cl\/index.php\/wp-json\/wp\/v2\/types\/post"}],"author":[{"embeddable":true,"href":"https:\/\/www.uta.cl\/index.php\/wp-json\/wp\/v2\/users\/1"}],"replies":[{"embeddable":true,"href":"https:\/\/www.uta.cl\/index.php\/wp-json\/wp\/v2\/comments?post=20553"}],"version-history":[{"count":1,"href":"https:\/\/www.uta.cl\/index.php\/wp-json\/wp\/v2\/posts\/20553\/revisions"}],"predecessor-version":[{"id":20557,"href":"https:\/\/www.uta.cl\/index.php\/wp-json\/wp\/v2\/posts\/20553\/revisions\/20557"}],"wp:featuredmedia":[{"embeddable":true,"href":"https:\/\/www.uta.cl\/index.php\/wp-json\/wp\/v2\/media\/20555"}],"wp:attachment":[{"href":"https:\/\/www.uta.cl\/index.php\/wp-json\/wp\/v2\/media?parent=20553"}],"wp:term":[{"taxonomy":"category","embeddable":true,"href":"https:\/\/www.uta.cl\/index.php\/wp-json\/wp\/v2\/categories?post=20553"},{"taxonomy":"post_tag","embeddable":true,"href":"https:\/\/www.uta.cl\/index.php\/wp-json\/wp\/v2\/tags?post=20553"}],"curies":[{"name":"wp","href":"https:\/\/api.w.org\/{rel}","templated":true}]}}