{"id":20539,"date":"2019-08-22T19:32:24","date_gmt":"2019-08-22T19:32:24","guid":{"rendered":"https:\/\/www.uta.cl\/?p=20539"},"modified":"2019-08-22T19:32:29","modified_gmt":"2019-08-22T19:32:29","slug":"importante-protocolo-de-acuerdo-para-aunar-esfuerzos-de-colaboracion-suscribio-la-universidad-de-tarapaca-y-el-colegio-chuquicamata","status":"publish","type":"post","link":"https:\/\/www.uta.cl\/index.php\/2019\/08\/22\/importante-protocolo-de-acuerdo-para-aunar-esfuerzos-de-colaboracion-suscribio-la-universidad-de-tarapaca-y-el-colegio-chuquicamata\/","title":{"rendered":"Importante protocolo de acuerdo para aunar esfuerzos de colaboraci\u00f3n suscribi\u00f3 la Universidad de Tarapac\u00e1 y el Colegio Chuquicamata"},"content":{"rendered":"\n<p>Un importante acercamiento realiz\u00f3 la Universidad de Tarapac\u00e1 y el Colegio de Chuquicamata, el mi\u00e9rcoles 14 de agosto, al firmar el Convenio de Colaboraci\u00f3n para potenciar el desarrollo estrat\u00e9gico entre ambas instituciones y afianzar su aporte concreto hacia la comunidad, acuerdo que ser\u00e1 canalizado a trav\u00e9s de la Oficina de Admisi\u00f3n de la Direcci\u00f3n de Extensi\u00f3n y Vinculaci\u00f3n con el Medio de esta Casa de Estudios Superiores<\/p>\n\n\n\n<figure class=\"wp-block-image\"><a href=\"https:\/\/www.uta.cl\/wp-content\/uploads\/2019\/08\/foto-principal-nota-3.jpg\"><img loading=\"lazy\" width=\"1000\" height=\"667\" src=\"https:\/\/www.uta.cl\/wp-content\/uploads\/2019\/08\/foto-principal-nota-3.jpg\" alt=\"\" class=\"wp-image-20543\" srcset=\"https:\/\/www.uta.cl\/wp-content\/uploads\/2019\/08\/foto-principal-nota-3.jpg 1000w, https:\/\/www.uta.cl\/wp-content\/uploads\/2019\/08\/foto-principal-nota-3-300x200.jpg 300w, https:\/\/www.uta.cl\/wp-content\/uploads\/2019\/08\/foto-principal-nota-3-768x512.jpg 768w\" sizes=\"(max-width: 1000px) 100vw, 1000px\" \/><\/a><\/figure>\n\n\n\n<p>La instancia establece el compromiso de colaboraci\u00f3n mutua entre la Universidad de Tarapac\u00e1 y el Colegio Chuquicamata que contempla capacitaciones, pr\u00e1cticas profesionales en carreras tales como pedagog\u00edas, psicolog\u00eda y otras, adem\u00e1s del desarrollo de investigaciones acad\u00e9micas, diagn\u00f3sticos sociales, realizaci\u00f3n de estudios, seminarios, actividades de extensi\u00f3n, entre otras, que sean relevantes para optimizar la calidad de vida y desarrollo de los habitantes de Arica y Calama.  <\/p>\n\n\n\n<p>La firma de convenio, realizada en la sala de Consejo de Rector\u00eda del Campus Vel\u00e1squez de la Universidad de Tarapac\u00e1, cont\u00f3 con la participaci\u00f3n de los dos m\u00e1ximos representantes de cada instituci\u00f3n, el Rector (S) de la Universidad de Tarapac\u00e1, Dr. Alfonso D\u00edaz Aguad y la Rectora del Colegio Chuquicamata, Sandra Samuel S\u00e1nchez, quienes estuvieron acompa\u00f1ados por la Secretaria de la UTA, Paula Lepe Caiconte quien actu\u00f3 como ministro de fe, autoridades universitarias e invitados especiales.  <\/p>\n\n\n\n<p>\u201cEs muy importante la firma de convenio con este establecimiento educacional emblem\u00e1tico de la ciudad de Calama, un colegio que fue fundado en 1927 y que es parte de la historia de Chile. Un colegio que surge en el contexto de la explotaci\u00f3n del cobre y que ha formado parte de esa historia y que hoy en d\u00eda se ha convertido en los nuevos par\u00e1metros educacionales como colegio privado pero sigue siendo uno de los mejores colegios de Calama, del cual nosotros tenemos estudiantes y cuyos objetivos son entre otros, incrementar el n\u00famero de alumnos egresados de dicho colegio en nuestra Universidad y por otro lado, colaborar con futuros profesores egresados de la UTA que puedan trabajar en este colegio, debido a la carencia de profesores que ellos tienen\u201d, explic\u00f3 el Rector (S) Dr. Alfonso D\u00edaz Aguad. <\/p>\n\n\n\n<p>Por su parte, la Rectora del Colegio Chuquicamata, Sandra Samuel S\u00e1nchez, expres\u00f3 que, \u201cnuestro colegio cumple 92 a\u00f1os y que se est\u00e1 abriendo a la comunidad donde queremos que nuestros ni\u00f1os tengan m\u00e1s opciones para elegir y se queden en la zona, desarrollando sus estudios en instituciones que sean de calidad y se queden trabajando posteriormente en nuestra zona. Estamos empe\u00f1ados en que las universidades nos entregue el mejor material humano, para contribuir a los establecimientos de educaci\u00f3n y estemos vinculados con el perfil de egresado de nuestras instituciones con el perfil que las instituciones de educaci\u00f3n superior necesitan en los primeros a\u00f1os. Por lo tanto, esa articulaci\u00f3n es necesaria realizarla desde adentro, por eso este convenio es muy importante\u201d.  <\/p>\n\n\n\n<p>Finalmente, el Rector (S) de la Universidad de Tarapac\u00e1 y la Rectora del Colegio Chuquicamata, procedieron a poner las r\u00fabricas correspondientes que sell\u00f3 el compromiso entre ambas instituciones.  <\/p>\n\n\n\n<ul class=\"wp-block-gallery columns-3 is-cropped\"><li class=\"blocks-gallery-item\"><figure><a href=\"https:\/\/www.uta.cl\/wp-content\/uploads\/2019\/08\/DSC_4831.jpg\"><img loading=\"lazy\" width=\"1000\" height=\"667\" src=\"https:\/\/www.uta.cl\/wp-content\/uploads\/2019\/08\/DSC_4831.jpg\" alt=\"\" data-id=\"20542\" data-link=\"https:\/\/www.uta.cl\/?attachment_id=20542\" class=\"wp-image-20542\" srcset=\"https:\/\/www.uta.cl\/wp-content\/uploads\/2019\/08\/DSC_4831.jpg 1000w, https:\/\/www.uta.cl\/wp-content\/uploads\/2019\/08\/DSC_4831-300x200.jpg 300w, https:\/\/www.uta.cl\/wp-content\/uploads\/2019\/08\/DSC_4831-768x512.jpg 768w\" sizes=\"(max-width: 1000px) 100vw, 1000px\" \/><\/a><\/figure><\/li><li class=\"blocks-gallery-item\"><figure><a href=\"https:\/\/www.uta.cl\/wp-content\/uploads\/2019\/08\/DSC_4819.jpg\"><img loading=\"lazy\" width=\"1000\" height=\"667\" src=\"https:\/\/www.uta.cl\/wp-content\/uploads\/2019\/08\/DSC_4819.jpg\" alt=\"\" data-id=\"20541\" data-link=\"https:\/\/www.uta.cl\/?attachment_id=20541\" class=\"wp-image-20541\" srcset=\"https:\/\/www.uta.cl\/wp-content\/uploads\/2019\/08\/DSC_4819.jpg 1000w, https:\/\/www.uta.cl\/wp-content\/uploads\/2019\/08\/DSC_4819-300x200.jpg 300w, https:\/\/www.uta.cl\/wp-content\/uploads\/2019\/08\/DSC_4819-768x512.jpg 768w\" sizes=\"(max-width: 1000px) 100vw, 1000px\" \/><\/a><\/figure><\/li><li class=\"blocks-gallery-item\"><figure><a href=\"https:\/\/www.uta.cl\/wp-content\/uploads\/2019\/08\/DSC_4818.jpg\"><img loading=\"lazy\" width=\"1000\" height=\"667\" src=\"https:\/\/www.uta.cl\/wp-content\/uploads\/2019\/08\/DSC_4818.jpg\" alt=\"\" data-id=\"20540\" data-link=\"https:\/\/www.uta.cl\/?attachment_id=20540\" class=\"wp-image-20540\" srcset=\"https:\/\/www.uta.cl\/wp-content\/uploads\/2019\/08\/DSC_4818.jpg 1000w, https:\/\/www.uta.cl\/wp-content\/uploads\/2019\/08\/DSC_4818-300x200.jpg 300w, https:\/\/www.uta.cl\/wp-content\/uploads\/2019\/08\/DSC_4818-768x512.jpg 768w\" sizes=\"(max-width: 1000px) 100vw, 1000px\" \/><\/a><\/figure><\/li><\/ul>\n","protected":false},"excerpt":{"rendered":"<p>Durante el acto, el Rector (S) de la UTA, Dr. Alfonso D\u00edaz Aguad destac\u00f3 que dicho acuerdo busca potenciar el desarrollo estrat\u00e9gico entre ambas instituciones y afianzar su aporte concreto hacia la comunidad. <\/p>\n","protected":false},"author":1,"featured_media":20543,"comment_status":"open","ping_status":"open","sticky":false,"template":"","format":"standard","meta":[],"categories":[51,53],"tags":[],"_links":{"self":[{"href":"https:\/\/www.uta.cl\/index.php\/wp-json\/wp\/v2\/posts\/20539"}],"collection":[{"href":"https:\/\/www.uta.cl\/index.php\/wp-json\/wp\/v2\/posts"}],"about":[{"href":"https:\/\/www.uta.cl\/index.php\/wp-json\/wp\/v2\/types\/post"}],"author":[{"embeddable":true,"href":"https:\/\/www.uta.cl\/index.php\/wp-json\/wp\/v2\/users\/1"}],"replies":[{"embeddable":true,"href":"https:\/\/www.uta.cl\/index.php\/wp-json\/wp\/v2\/comments?post=20539"}],"version-history":[{"count":1,"href":"https:\/\/www.uta.cl\/index.php\/wp-json\/wp\/v2\/posts\/20539\/revisions"}],"predecessor-version":[{"id":20544,"href":"https:\/\/www.uta.cl\/index.php\/wp-json\/wp\/v2\/posts\/20539\/revisions\/20544"}],"wp:featuredmedia":[{"embeddable":true,"href":"https:\/\/www.uta.cl\/index.php\/wp-json\/wp\/v2\/media\/20543"}],"wp:attachment":[{"href":"https:\/\/www.uta.cl\/index.php\/wp-json\/wp\/v2\/media?parent=20539"}],"wp:term":[{"taxonomy":"category","embeddable":true,"href":"https:\/\/www.uta.cl\/index.php\/wp-json\/wp\/v2\/categories?post=20539"},{"taxonomy":"post_tag","embeddable":true,"href":"https:\/\/www.uta.cl\/index.php\/wp-json\/wp\/v2\/tags?post=20539"}],"curies":[{"name":"wp","href":"https:\/\/api.w.org\/{rel}","templated":true}]}}