{"id":20533,"date":"2019-08-22T16:18:39","date_gmt":"2019-08-22T16:18:39","guid":{"rendered":"https:\/\/www.uta.cl\/?p=20533"},"modified":"2019-08-26T15:21:46","modified_gmt":"2019-08-26T15:21:46","slug":"consejo-consultivo-de-vinculacion-con-el-medio-de-la-uta-sesiona-para-fortalecer-el-trabajo-en-pro-del-desarrollo-de-la-region","status":"publish","type":"post","link":"https:\/\/www.uta.cl\/index.php\/2019\/08\/22\/consejo-consultivo-de-vinculacion-con-el-medio-de-la-uta-sesiona-para-fortalecer-el-trabajo-en-pro-del-desarrollo-de-la-region\/","title":{"rendered":"Consejo Consultivo de Vinculaci\u00f3n con el Medio de la UTA sesiona para fortalecer el trabajo en pro del desarrollo de la regi\u00f3n"},"content":{"rendered":"\n<p>El pasado mi\u00e9rcoles 14 de agosto, se realiz\u00f3 la primera Sesi\u00f3n Ordinaria del Consejo Consultivo Regional de Vinculaci\u00f3n con el Medio del a\u00f1o 2019, instancia que fue presidida por el Rector de la Universidad de Tarapac\u00e1, Dr. Emilio Rodr\u00edguez Ponce, quien estuvo acompa\u00f1ado del Vicerrector Acad\u00e9mico, Dr. Alfonso D\u00edaz Aguad, el Vicerrector de Administraci\u00f3n y Finanzas, \u00c1lvaro Palma Quiroz, la Vicerrectora de Desarrollo Estrat\u00e9gico, Dra. Jenniffer Peralta Montecinos, el Director de Extensi\u00f3n y Vinculaci\u00f3n con el Medio, Sergio Medina Parra y de la Directora de Equidad y G\u00e9nero, Dra. Claudia Moraga Contreras.<\/p>\n\n\n\n<figure class=\"wp-block-image\"><a href=\"https:\/\/www.uta.cl\/wp-content\/uploads\/2019\/08\/1-1.jpg\"><img loading=\"lazy\" width=\"1000\" height=\"563\" src=\"https:\/\/www.uta.cl\/wp-content\/uploads\/2019\/08\/1-1.jpg\" alt=\"\" class=\"wp-image-20534\" srcset=\"https:\/\/www.uta.cl\/wp-content\/uploads\/2019\/08\/1-1.jpg 1000w, https:\/\/www.uta.cl\/wp-content\/uploads\/2019\/08\/1-1-300x169.jpg 300w, https:\/\/www.uta.cl\/wp-content\/uploads\/2019\/08\/1-1-768x432.jpg 768w\" sizes=\"(max-width: 1000px) 100vw, 1000px\" \/><\/a><\/figure>\n\n\n\n<p>En\nrepresentaci\u00f3n del sector p\u00fablico\ny privado estuvieron presentes el alcalde de Camarones, Iv\u00e1n Romero,\nel presidente del Consejo Regional, Alejandro D\u00edaz; el\npresidente de la Asociaci\u00f3n de Industriales de Arica (Asinda),\nEdward Gallardo;\nel\npresidente de la C\u00e1mara de Comercio Arica, Aldo Gonz\u00e1lez; el\nrepresentante de la C\u00e1mara de Turismo, Ricardo Jorquera;\ndel\nServicio Local de Educaci\u00f3n, Constanza Carre\u00f1o; la presidenta ONG\nOro Negro, Marta Salgado; el representante de la Municipalidad de\nArica y jefe de gabinete, Patricio Figueroa; el representante de\nestablecimientos educacionales Red Yaticha\u00f1a, Jorge Y\u00e1\u00f1ez;\nel\nrepresentante del DAEM, Paulo Orellana, y\nla\nrepresentante de la Municipalidad de Putre, Mar\u00eda Arias Santos.<\/p>\n\n\n\n<ul class=\"wp-block-gallery columns-2 is-cropped\"><li class=\"blocks-gallery-item\"><figure><a href=\"https:\/\/www.uta.cl\/wp-content\/uploads\/2019\/08\/8bb554bb-90a2-4415-a2a8-bdebadcfc865.jpg\"><img loading=\"lazy\" width=\"1000\" height=\"750\" src=\"https:\/\/www.uta.cl\/wp-content\/uploads\/2019\/08\/8bb554bb-90a2-4415-a2a8-bdebadcfc865.jpg\" alt=\"\" data-id=\"20535\" data-link=\"https:\/\/www.uta.cl\/?attachment_id=20535\" class=\"wp-image-20535\" srcset=\"https:\/\/www.uta.cl\/wp-content\/uploads\/2019\/08\/8bb554bb-90a2-4415-a2a8-bdebadcfc865.jpg 1000w, https:\/\/www.uta.cl\/wp-content\/uploads\/2019\/08\/8bb554bb-90a2-4415-a2a8-bdebadcfc865-300x225.jpg 300w, https:\/\/www.uta.cl\/wp-content\/uploads\/2019\/08\/8bb554bb-90a2-4415-a2a8-bdebadcfc865-768x576.jpg 768w\" sizes=\"(max-width: 1000px) 100vw, 1000px\" \/><\/a><\/figure><\/li><li class=\"blocks-gallery-item\"><figure><a href=\"https:\/\/www.uta.cl\/wp-content\/uploads\/2019\/08\/233.jpg\"><img loading=\"lazy\" width=\"1000\" height=\"557\" src=\"https:\/\/www.uta.cl\/wp-content\/uploads\/2019\/08\/233.jpg\" alt=\"\" data-id=\"20536\" data-link=\"https:\/\/www.uta.cl\/?attachment_id=20536\" class=\"wp-image-20536\" srcset=\"https:\/\/www.uta.cl\/wp-content\/uploads\/2019\/08\/233.jpg 1000w, https:\/\/www.uta.cl\/wp-content\/uploads\/2019\/08\/233-300x167.jpg 300w, https:\/\/www.uta.cl\/wp-content\/uploads\/2019\/08\/233-768x428.jpg 768w\" sizes=\"(max-width: 1000px) 100vw, 1000px\" \/><\/a><\/figure><\/li><\/ul>\n\n\n\n<p>La\nsesi\u00f3n se abri\u00f3 con las palabras de bienvenida del Rector de la\nUniversidad de Tarapac\u00e1, Dr. Emilio Rodr\u00edguez Ponce, quien expuso\nel contexto en el cual se encuentra actualmente esta Casa de Estudios\nSuperiores, para luego conversar y escuchar a los miembros del\nConsejo respecto a las expectativas sobre c\u00f3mo vincular sus\nrespectivas entidades con la Universidad de Tarapac\u00e1 a trav\u00e9s del\nConsejo, invitando a trabajar en proyectos y programas para el\nfortalecimiento del desarrollo de la regi\u00f3n, en l\u00f3gica\nbidireccional. \n<\/p>\n\n\n\n<p>\u201cNosotros\ncomo Universidad tenemos hoy d\u00eda un trabajo muy intenso a partir de\nla aplicaci\u00f3n de dos leyes que se promulgaron en junio del a\u00f1o\npasado y que de alguna manera van a tener un tremendo impacto en las\nuniversidades porque hay algunos errores de dise\u00f1o. La Universidad\nde Tarapac\u00e1 va a ser afectada por estas leyes pero tenemos una\nfortaleza interna que nos permite seguir enfrentando los desaf\u00edos\ndel desarrollo estrat\u00e9gico de la Instituci\u00f3n con posibilidades de\n\u00e9xito y con una solvencia acad\u00e9mica y econ\u00f3mica importante\u201d. \n<\/p>\n\n\n\n<p>Agreg\u00f3\nque, \u201cesta posibilidad de di\u00e1logo que tenemos con este Consejo\nConsultivo, es importante, pues la presencia de todos ustedes nos\npermite recoger la mirada desde donde trabajan nuestros estudiantes y\nque pudi\u00e9semos en los pr\u00f3ximos meses establecer un programa de\nvinculaci\u00f3n con el medio que nos permita acciones reales y concretas\ndonde ustedes opinen cu\u00e1les tienen mayor impacto para la sociedad\u201d,\nse\u00f1al\u00f3 la m\u00e1xima autoridad universitaria.<\/p>\n\n\n\n<p>La Vicerrectora de Desarrollo Estrat\u00e9gico, Dra. Jenniffer Peralta Montecinos, se refiri\u00f3 al proceso de construcci\u00f3n de los nuevos estatutos de la Universidad de Tarapac\u00e1 de forma participativa, que permitan la vinculaci\u00f3n con la comunidad de forma pertinente. \u201cUno de los aspectos importantes de este trabajo est\u00e1 referida a nuestra Misi\u00f3n Institucional y es importante que el Consejo Consultivo la retroalimente\u201d, indic\u00f3.<\/p>\n\n\n\n<p>Asimismo se\u00f1al\u00f3 que actualmente la construcci\u00f3n de los nuevos estatutos de la Universidad de Tarapac\u00e1, se encuentra en su primera etapa de difusi\u00f3n a la comunidad universitaria dando a conocer la normativa de la ley, instancia en la cual invit\u00f3 a los miembros del Consejo a participar de dicho proceso con aportes desde una mirada externa y complementaria. \u201cEsperamos que las demandas y solicitudes permitan consolidar esta red para el desarrollo regional. Como Universidad de Tarapac\u00e1 la importancia de establecer una red p\u00fablica y privada tiene un tremendo impacto para tener una comunidad armoniosa\u201d.  <\/p>\n","protected":false},"excerpt":{"rendered":"<p>Consejo de Vinculaci\u00f3n con el Medio de la UTA sesion\u00f3 con la presencia de autoridades universitarias y regionales junto con representantes de los sectores p\u00fablico y privado de la Regi\u00f3n de Arica y Parinacota.<\/p>\n","protected":false},"author":1,"featured_media":20534,"comment_status":"open","ping_status":"open","sticky":false,"template":"","format":"standard","meta":[],"categories":[53],"tags":[],"_links":{"self":[{"href":"https:\/\/www.uta.cl\/index.php\/wp-json\/wp\/v2\/posts\/20533"}],"collection":[{"href":"https:\/\/www.uta.cl\/index.php\/wp-json\/wp\/v2\/posts"}],"about":[{"href":"https:\/\/www.uta.cl\/index.php\/wp-json\/wp\/v2\/types\/post"}],"author":[{"embeddable":true,"href":"https:\/\/www.uta.cl\/index.php\/wp-json\/wp\/v2\/users\/1"}],"replies":[{"embeddable":true,"href":"https:\/\/www.uta.cl\/index.php\/wp-json\/wp\/v2\/comments?post=20533"}],"version-history":[{"count":3,"href":"https:\/\/www.uta.cl\/index.php\/wp-json\/wp\/v2\/posts\/20533\/revisions"}],"predecessor-version":[{"id":20606,"href":"https:\/\/www.uta.cl\/index.php\/wp-json\/wp\/v2\/posts\/20533\/revisions\/20606"}],"wp:featuredmedia":[{"embeddable":true,"href":"https:\/\/www.uta.cl\/index.php\/wp-json\/wp\/v2\/media\/20534"}],"wp:attachment":[{"href":"https:\/\/www.uta.cl\/index.php\/wp-json\/wp\/v2\/media?parent=20533"}],"wp:term":[{"taxonomy":"category","embeddable":true,"href":"https:\/\/www.uta.cl\/index.php\/wp-json\/wp\/v2\/categories?post=20533"},{"taxonomy":"post_tag","embeddable":true,"href":"https:\/\/www.uta.cl\/index.php\/wp-json\/wp\/v2\/tags?post=20533"}],"curies":[{"name":"wp","href":"https:\/\/api.w.org\/{rel}","templated":true}]}}