{"id":20522,"date":"2019-08-22T16:09:04","date_gmt":"2019-08-22T16:09:04","guid":{"rendered":"https:\/\/www.uta.cl\/?p=20522"},"modified":"2019-08-22T16:09:09","modified_gmt":"2019-08-22T16:09:09","slug":"con-destacados-expositores-uta-realiza-seminario-sobre-proyecciones-de-la-mineria-en-arica-y-parinacota","status":"publish","type":"post","link":"https:\/\/www.uta.cl\/index.php\/2019\/08\/22\/con-destacados-expositores-uta-realiza-seminario-sobre-proyecciones-de-la-mineria-en-arica-y-parinacota\/","title":{"rendered":"Con destacados expositores UTA realiza Seminario sobre proyecciones de la miner\u00eda en Arica y Parinacota"},"content":{"rendered":"\n<p>Con el objetivo de difundir antecedentes del desarrollo sustentable de la miner\u00eda en la regi\u00f3n, se realiz\u00f3 en el Auditorio Jorge Benavides de la Facultad de Ingenier\u00eda de la Universidad de Tarapac\u00e1, el seminario titulado \u201cProyecciones de la miner\u00eda en la Regi\u00f3n de Arica y Parinacota\u201d.<\/p>\n\n\n\n<figure class=\"wp-block-image\"><a href=\"https:\/\/www.uta.cl\/wp-content\/uploads\/2019\/08\/DSC_4512.jpg\"><img loading=\"lazy\" width=\"1000\" height=\"466\" src=\"https:\/\/www.uta.cl\/wp-content\/uploads\/2019\/08\/DSC_4512.jpg\" alt=\"\" class=\"wp-image-20530\" srcset=\"https:\/\/www.uta.cl\/wp-content\/uploads\/2019\/08\/DSC_4512.jpg 1000w, https:\/\/www.uta.cl\/wp-content\/uploads\/2019\/08\/DSC_4512-300x140.jpg 300w, https:\/\/www.uta.cl\/wp-content\/uploads\/2019\/08\/DSC_4512-768x358.jpg 768w\" sizes=\"(max-width: 1000px) 100vw, 1000px\" \/><\/a><\/figure>\n\n\n\n<p>El encuentro, organizado en alianza por el Servicio Nacional de Geolog\u00eda y Miner\u00eda, Sernageomin, la Secretar\u00eda Regional Ministerial de Miner\u00eda y el Departamento de Mec\u00e1nica de la Facultad de Ingenier\u00eda de la Universidad de Tarapac\u00e1, cont\u00f3 con la presencia de autoridades regionales, universitarias, estudiantes, acad\u00e9micos y destacados expositores.<\/p>\n\n\n\n<p>Las palabras de bienvenida estuvieron a cargo del Decano de la Facultad de Ingenier\u00eda, Alejandro Rodr\u00edguez Estay, quien expres\u00f3 que, \u201cla miner\u00eda de Chile es una actividad importante en el desarrollo de pa\u00eds. En los \u00faltimos 20 a\u00f1os aporta aproximadamente el 10% del PIB del pa\u00eds y el 7,8% en los ingresos fiscales. Sin embargo estamos en un per\u00edodo de muchas incertidumbres, por un lado el pa\u00eds ha avanzado con un modelo de desarrollo en base a la extracci\u00f3n de productos fundamentales, pero el pa\u00eds debe ir un paso m\u00e1s all\u00e1 generando valores agregados. En este sentido hay para la miner\u00eda grandes desaf\u00edos a enfrentar como el mejoramiento de la productividad de las empresas mineras y tambi\u00e9n, ser muy responsables con la sustentabilidad del medio ambiente, junto con afrontar la crisis h\u00eddrica que se est\u00e1 volviendo una de las principales problem\u00e1ticas de la industria minera\u201d.  <\/p>\n\n\n\n<p>\u201cEn este contexto, espero que este seminario nos permita reflexionar, mejorar y apuntar en la direcci\u00f3n correcta. Agradezco que nos hayan considerado como Universidad para realizar este seminario. Como Facultad de Ingenier\u00eda estamos muy contentos de recibirlos y espero que esta jornada sea de mucho provecho para cada uno de ustedes\u201d, se\u00f1al\u00f3 el Decano Alejandro Rodr\u00edguez Estay.<\/p>\n\n\n\n<p>Luego se dio paso a las palabras del seremi de miner\u00eda Mauricio Valencia Molina donde diferentes expositores entregaron antecedentes del desarrollo sustentable e inclusivo de la miner\u00eda en la regi\u00f3n.  <\/p>\n\n\n\n<p>\n<strong>EXPOSICIONES<\/strong><\/p>\n\n\n\n<p>El ciclo de exposiciones se inici\u00f3 con el tema \u201c\u00c1reas silvestres protegidas y los alcances de la miner\u00eda\u201d, a cargo del seremi de Medioambiente, Pablo Bernar Vargas, para proseguir con la ponencia del director regional de Sernageomin, Alfredo Arriagada Guital.  <\/p>\n\n\n\n<p>Posteriormente expuso el Director del Departamento de Ingenier\u00eda Mec\u00e1nica, Dr. Edgar Estupi\u00f1an Pulido quien present\u00f3 el tema \u201cAvances y desaf\u00edos del mantenimiento minero en Chile. Romina Blanco Nahuelqueo present\u00f3 la ponencia titulada \u201cEl rol de la mujer en la actividad minera de la regi\u00f3n\u201d, para finalizar con la presentaci\u00f3n del tema \u201cNueva Pampa Camarones miner\u00eda responsable y sustentable\u201d expuesto por el gerente general de la Empresa Minara Pampa Camarones SpA, Fernando \u00c1lvarez Castro.<\/p>\n\n\n\n<ul class=\"wp-block-gallery columns-3 is-cropped\"><li class=\"blocks-gallery-item\"><figure><a href=\"https:\/\/www.uta.cl\/wp-content\/uploads\/2019\/08\/DSC_4513-1024x683.jpg\"><img loading=\"lazy\" width=\"1024\" height=\"683\" src=\"https:\/\/www.uta.cl\/wp-content\/uploads\/2019\/08\/DSC_4513-1024x683.jpg\" alt=\"\" data-id=\"20531\" data-link=\"https:\/\/www.uta.cl\/?attachment_id=20531\" class=\"wp-image-20531\" srcset=\"https:\/\/www.uta.cl\/wp-content\/uploads\/2019\/08\/DSC_4513-1024x683.jpg 1024w, https:\/\/www.uta.cl\/wp-content\/uploads\/2019\/08\/DSC_4513-300x200.jpg 300w, https:\/\/www.uta.cl\/wp-content\/uploads\/2019\/08\/DSC_4513-768x512.jpg 768w\" sizes=\"(max-width: 1024px) 100vw, 1024px\" \/><\/a><\/figure><\/li><li class=\"blocks-gallery-item\"><figure><a href=\"https:\/\/www.uta.cl\/wp-content\/uploads\/2019\/08\/DSC_4510.jpg\"><img loading=\"lazy\" width=\"751\" height=\"1000\" src=\"https:\/\/www.uta.cl\/wp-content\/uploads\/2019\/08\/DSC_4510.jpg\" alt=\"\" data-id=\"20529\" data-link=\"https:\/\/www.uta.cl\/?attachment_id=20529\" class=\"wp-image-20529\" srcset=\"https:\/\/www.uta.cl\/wp-content\/uploads\/2019\/08\/DSC_4510.jpg 751w, https:\/\/www.uta.cl\/wp-content\/uploads\/2019\/08\/DSC_4510-225x300.jpg 225w\" sizes=\"(max-width: 751px) 100vw, 751px\" \/><\/a><\/figure><\/li><li class=\"blocks-gallery-item\"><figure><a href=\"https:\/\/www.uta.cl\/wp-content\/uploads\/2019\/08\/DSC_4503.jpg\"><img loading=\"lazy\" width=\"1000\" height=\"667\" src=\"https:\/\/www.uta.cl\/wp-content\/uploads\/2019\/08\/DSC_4503.jpg\" alt=\"\" data-id=\"20528\" data-link=\"https:\/\/www.uta.cl\/?attachment_id=20528\" class=\"wp-image-20528\" srcset=\"https:\/\/www.uta.cl\/wp-content\/uploads\/2019\/08\/DSC_4503.jpg 1000w, https:\/\/www.uta.cl\/wp-content\/uploads\/2019\/08\/DSC_4503-300x200.jpg 300w, https:\/\/www.uta.cl\/wp-content\/uploads\/2019\/08\/DSC_4503-768x512.jpg 768w\" sizes=\"(max-width: 1000px) 100vw, 1000px\" \/><\/a><\/figure><\/li><li class=\"blocks-gallery-item\"><figure><a href=\"https:\/\/www.uta.cl\/wp-content\/uploads\/2019\/08\/DSC_4497.jpg\"><img loading=\"lazy\" width=\"1000\" height=\"667\" src=\"https:\/\/www.uta.cl\/wp-content\/uploads\/2019\/08\/DSC_4497.jpg\" alt=\"\" data-id=\"20527\" data-link=\"https:\/\/www.uta.cl\/?attachment_id=20527\" class=\"wp-image-20527\" srcset=\"https:\/\/www.uta.cl\/wp-content\/uploads\/2019\/08\/DSC_4497.jpg 1000w, https:\/\/www.uta.cl\/wp-content\/uploads\/2019\/08\/DSC_4497-300x200.jpg 300w, https:\/\/www.uta.cl\/wp-content\/uploads\/2019\/08\/DSC_4497-768x512.jpg 768w\" sizes=\"(max-width: 1000px) 100vw, 1000px\" \/><\/a><\/figure><\/li><li class=\"blocks-gallery-item\"><figure><a href=\"https:\/\/www.uta.cl\/wp-content\/uploads\/2019\/08\/ddddd.jpg\"><img loading=\"lazy\" width=\"837\" height=\"603\" src=\"https:\/\/www.uta.cl\/wp-content\/uploads\/2019\/08\/ddddd.jpg\" alt=\"\" data-id=\"20526\" data-link=\"https:\/\/www.uta.cl\/?attachment_id=20526\" class=\"wp-image-20526\" srcset=\"https:\/\/www.uta.cl\/wp-content\/uploads\/2019\/08\/ddddd.jpg 837w, https:\/\/www.uta.cl\/wp-content\/uploads\/2019\/08\/ddddd-300x216.jpg 300w, https:\/\/www.uta.cl\/wp-content\/uploads\/2019\/08\/ddddd-768x553.jpg 768w\" sizes=\"(max-width: 837px) 100vw, 837px\" \/><\/a><\/figure><\/li><li class=\"blocks-gallery-item\"><figure><a href=\"https:\/\/www.uta.cl\/wp-content\/uploads\/2019\/08\/4-1.jpg\"><img loading=\"lazy\" width=\"553\" height=\"466\" src=\"https:\/\/www.uta.cl\/wp-content\/uploads\/2019\/08\/4-1.jpg\" alt=\"\" data-id=\"20525\" data-link=\"https:\/\/www.uta.cl\/?attachment_id=20525\" class=\"wp-image-20525\" srcset=\"https:\/\/www.uta.cl\/wp-content\/uploads\/2019\/08\/4-1.jpg 553w, https:\/\/www.uta.cl\/wp-content\/uploads\/2019\/08\/4-1-300x253.jpg 300w\" sizes=\"(max-width: 553px) 100vw, 553px\" \/><\/a><\/figure><\/li><li class=\"blocks-gallery-item\"><figure><a href=\"https:\/\/www.uta.cl\/wp-content\/uploads\/2019\/08\/3-1.jpg\"><img loading=\"lazy\" width=\"907\" height=\"685\" src=\"https:\/\/www.uta.cl\/wp-content\/uploads\/2019\/08\/3-1.jpg\" alt=\"\" data-id=\"20524\" data-link=\"https:\/\/www.uta.cl\/?attachment_id=20524\" class=\"wp-image-20524\" srcset=\"https:\/\/www.uta.cl\/wp-content\/uploads\/2019\/08\/3-1.jpg 907w, https:\/\/www.uta.cl\/wp-content\/uploads\/2019\/08\/3-1-300x227.jpg 300w, https:\/\/www.uta.cl\/wp-content\/uploads\/2019\/08\/3-1-768x580.jpg 768w\" sizes=\"(max-width: 907px) 100vw, 907px\" \/><\/a><\/figure><\/li><li class=\"blocks-gallery-item\"><figure><a href=\"https:\/\/www.uta.cl\/wp-content\/uploads\/2019\/08\/2-1.jpg\"><img loading=\"lazy\" width=\"917\" height=\"681\" src=\"https:\/\/www.uta.cl\/wp-content\/uploads\/2019\/08\/2-1.jpg\" alt=\"\" data-id=\"20523\" data-link=\"https:\/\/www.uta.cl\/?attachment_id=20523\" class=\"wp-image-20523\" srcset=\"https:\/\/www.uta.cl\/wp-content\/uploads\/2019\/08\/2-1.jpg 917w, https:\/\/www.uta.cl\/wp-content\/uploads\/2019\/08\/2-1-300x223.jpg 300w, https:\/\/www.uta.cl\/wp-content\/uploads\/2019\/08\/2-1-768x570.jpg 768w\" sizes=\"(max-width: 917px) 100vw, 917px\" \/><\/a><\/figure><\/li><\/ul>\n","protected":false},"excerpt":{"rendered":"<p>Actividad cont\u00f3 con la presencia de autoridades regionales como los secretarios regionales ministeriales de miner\u00eda, de la Mujer y Equidad de G\u00e9nero, de Medioambiente, del director regional de Sernageomin, autoridades universitarias, acad\u00e9micos, estudiantes e invitados especiales.<\/p>\n","protected":false},"author":1,"featured_media":20524,"comment_status":"open","ping_status":"open","sticky":false,"template":"","format":"standard","meta":[],"categories":[37,51],"tags":[],"_links":{"self":[{"href":"https:\/\/www.uta.cl\/index.php\/wp-json\/wp\/v2\/posts\/20522"}],"collection":[{"href":"https:\/\/www.uta.cl\/index.php\/wp-json\/wp\/v2\/posts"}],"about":[{"href":"https:\/\/www.uta.cl\/index.php\/wp-json\/wp\/v2\/types\/post"}],"author":[{"embeddable":true,"href":"https:\/\/www.uta.cl\/index.php\/wp-json\/wp\/v2\/users\/1"}],"replies":[{"embeddable":true,"href":"https:\/\/www.uta.cl\/index.php\/wp-json\/wp\/v2\/comments?post=20522"}],"version-history":[{"count":1,"href":"https:\/\/www.uta.cl\/index.php\/wp-json\/wp\/v2\/posts\/20522\/revisions"}],"predecessor-version":[{"id":20532,"href":"https:\/\/www.uta.cl\/index.php\/wp-json\/wp\/v2\/posts\/20522\/revisions\/20532"}],"wp:featuredmedia":[{"embeddable":true,"href":"https:\/\/www.uta.cl\/index.php\/wp-json\/wp\/v2\/media\/20524"}],"wp:attachment":[{"href":"https:\/\/www.uta.cl\/index.php\/wp-json\/wp\/v2\/media?parent=20522"}],"wp:term":[{"taxonomy":"category","embeddable":true,"href":"https:\/\/www.uta.cl\/index.php\/wp-json\/wp\/v2\/categories?post=20522"},{"taxonomy":"post_tag","embeddable":true,"href":"https:\/\/www.uta.cl\/index.php\/wp-json\/wp\/v2\/tags?post=20522"}],"curies":[{"name":"wp","href":"https:\/\/api.w.org\/{rel}","templated":true}]}}