{"id":20469,"date":"2019-08-16T21:40:57","date_gmt":"2019-08-16T21:40:57","guid":{"rendered":"https:\/\/www.uta.cl\/?p=20469"},"modified":"2019-08-19T19:23:25","modified_gmt":"2019-08-19T19:23:25","slug":"decanos-y-decanas-comprometen-acciones-concretas-en-programas-de-post-grados-camino-a-la-acreditacion-2022","status":"publish","type":"post","link":"https:\/\/www.uta.cl\/index.php\/2019\/08\/16\/decanos-y-decanas-comprometen-acciones-concretas-en-programas-de-post-grados-camino-a-la-acreditacion-2022\/","title":{"rendered":"Decanos y Decanas comprometen acciones concretas en programas de post grados camino a la acreditaci\u00f3n 2022"},"content":{"rendered":"\n<p>\nDurante\nla ma\u00f1ana del viernes 16 de agosto, el Rector Dr. Emilio Rodr\u00edguez\nPonce, junto a su equipo de gesti\u00f3n escuch\u00f3 cada una de las\npropuestas realizadas por los Decanos y Decanas de las Facultades  y\nDirector del  Instituto de Alta Investigaci\u00f3n (IAI), en torno al\nfortalecimiento de los programas de Magister y Doctorados existentes,\ncomo a la creaci\u00f3n de nuevos postgrados que deben estar debidamente\nacreditados para presentarse ante el proceso de acreditaci\u00f3n\nintegral, a la que se someter\u00e1 la UTA, en el a\u00f1o 2022.<\/p>\n\n\n\n<figure class=\"wp-block-image\"><a href=\"https:\/\/www.uta.cl\/wp-content\/uploads\/2019\/08\/DSC_4870.jpg\"><img loading=\"lazy\" width=\"1000\" height=\"667\" src=\"https:\/\/www.uta.cl\/wp-content\/uploads\/2019\/08\/DSC_4870.jpg\" alt=\"\" class=\"wp-image-20473\" srcset=\"https:\/\/www.uta.cl\/wp-content\/uploads\/2019\/08\/DSC_4870.jpg 1000w, https:\/\/www.uta.cl\/wp-content\/uploads\/2019\/08\/DSC_4870-300x200.jpg 300w, https:\/\/www.uta.cl\/wp-content\/uploads\/2019\/08\/DSC_4870-768x512.jpg 768w\" sizes=\"(max-width: 1000px) 100vw, 1000px\" \/><\/a><\/figure>\n\n\n\n<p>La\nreuni\u00f3n de trabajo se realiz\u00f3 en la sala de consejo de rector\u00eda y\ncont\u00f3 con la presencia de los decanos y decanas de las facultades,\ncomo as\u00ed tambi\u00e9n del Instituto de Alta Investigaci\u00f3n y fue\npresidida por el Rector Dr. Emilio Rodr\u00edguez Ponce acompa\u00f1ado del\nVicerrector Acad\u00e9mico Alfonso D\u00edaz Aguad; del Vicerrector de\nAdministraci\u00f3n y Finanzas (s) Jorge Bernal Peralta, de la\nVicerrectora de Desarrollo Estrat\u00e9gico, Dra. Jenniffer Peralta\nMontecinos y equipo de gabinete. En la ocasi\u00f3n los decanos pudieron\nestablecer acciones concretas en torno a los programas de postgrados\nexistentes, en el sentido de su fortalecimiento y de actualizaciones\nque permitan su acreditaci\u00f3n; como as\u00ed tambi\u00e9n a la creaci\u00f3n de\nprogramas nuevos en Magister y Doctorados a implementarse con sentido\nde pertinencia y de aportes a la investigaci\u00f3n y generaci\u00f3n de\nconocimientos en torno a la regi\u00f3n, al pa\u00eds y al mundo.<\/p>\n\n\n\n<p>El\nRector Emilio Rodr\u00edguez se\u00f1al\u00f3 que \u201cla acreditaci\u00f3n del 2022 es\nuna acreditaci\u00f3n integral. Eso significa que cada una de las\nfacultades debe demostrar que el quehacer que realiza es integral, lo\nque significa pregrados, post grados, investigaci\u00f3n, vinculaci\u00f3n\ncon el medio y en ese contexto el compromiso que han adquirido los\ndecanos es que en todas las facultades va a existir al menos un\nmagister acreditados y en algunos casos doctorados acreditados.\u201d\nJunto a ello, agreg\u00f3 que \u201chay un compromiso muy generoso de parte\nde los decanos para emprender este desaf\u00edo de manera conjunta. Un \ndesaf\u00edo que es insoslayable y un  desaf\u00edo que puede tener las\nmayores repercusiones en el devenir y el futuro de la Universidad\u201d.\n\n<\/p>\n\n\n\n<p>Finalmente\nla m\u00e1xima autoridad universitaria se mostr\u00f3 satisfecho con los\n\u201ccompromisos de logros, y por la actitud, la disposici\u00f3n y las\nganas de cada una de las facultades en llevar a cabo un proyecto de\ndesarrollo integral en favor de la universidad y desde luego de la\ncomunidad regional y nacional\u201d, se\u00f1al\u00f3.<\/p>\n\n\n\n<p>Para\nla Decana de la Facultad de Ciencias Sociales y Jur\u00eddicas, Dra.\nMarietta Ortega Perrier, \u201cesta ha sido una reuni\u00f3n muy desafiante\nen que adquirimos compromisos que son plausibles, no exentos de\nesfuerzo, por lo que pienso que con el compromiso de los colegas y de\nla autoridad vamos a sacar adelante estas metas que nos pusimos y que\nresultan interesante porque todas contribuyen al tema regi\u00f3n, al\ntema territorio, a las problem\u00e1ticas que nos ocupan en el extremo\nnorte de Chile. No son doctorados ni post grados por el simple placer\nde conocer, sino que son todos programas que a la larga van a\nredituar en una mejor calidad de vida y una sostenibilidad de la\nmisma en el norte de Chile\u201d.<\/p>\n\n\n\n<p>La\nreuni\u00f3n concluy\u00f3 con acuerdos claros y compromisos establecidos que\nser\u00e1n trabajados y procesados en cada facultad, para luego ir\nsosteniendo nuevas reuniones de trabajo que vayan midiendo los\navances; a lo que el Rector Dr. Emilio  Rodr\u00edguez Ponce junto al\nequipo de gesti\u00f3n, ha comprometido su m\u00e1s amplio apoyo para la\nconcreci\u00f3n de cada uno de ellos, en el sentido de fortalecer a la\nUniversidad de Tarapac\u00e1 con programas de postgrados del m\u00e1s alto\nnivel, tanto en magister y doctorados, y presentar a la UTA con\nest\u00e1ndares elevados al proceso de acreditaci\u00f3n 2022; transformando\na nuestra universidad en una universidad compleja con miras al\ndesarrollo de la regi\u00f3n y del pa\u00eds.   \n<\/p>\n\n\n\n<ul class=\"wp-block-gallery columns-3 is-cropped\"><li class=\"blocks-gallery-item\"><figure><a href=\"https:\/\/www.uta.cl\/wp-content\/uploads\/2019\/08\/DSC_4881.jpg\"><img loading=\"lazy\" width=\"1000\" height=\"667\" src=\"https:\/\/www.uta.cl\/wp-content\/uploads\/2019\/08\/DSC_4881.jpg\" alt=\"\" data-id=\"20472\" data-link=\"https:\/\/www.uta.cl\/index.php\/2019\/08\/16\/decanos-y-decanas-comprometen-acciones-concretas-en-programas-de-post-grados-camino-a-la-acreditacion-2022\/dsc_4881\/\" class=\"wp-image-20472\" srcset=\"https:\/\/www.uta.cl\/wp-content\/uploads\/2019\/08\/DSC_4881.jpg 1000w, https:\/\/www.uta.cl\/wp-content\/uploads\/2019\/08\/DSC_4881-300x200.jpg 300w, https:\/\/www.uta.cl\/wp-content\/uploads\/2019\/08\/DSC_4881-768x512.jpg 768w\" sizes=\"(max-width: 1000px) 100vw, 1000px\" \/><\/a><\/figure><\/li><li class=\"blocks-gallery-item\"><figure><a href=\"https:\/\/www.uta.cl\/wp-content\/uploads\/2019\/08\/DSC_4876.jpg\"><img loading=\"lazy\" width=\"1000\" height=\"667\" src=\"https:\/\/www.uta.cl\/wp-content\/uploads\/2019\/08\/DSC_4876.jpg\" alt=\"\" data-id=\"20471\" data-link=\"https:\/\/www.uta.cl\/index.php\/2019\/08\/16\/decanos-y-decanas-comprometen-acciones-concretas-en-programas-de-post-grados-camino-a-la-acreditacion-2022\/dsc_4876\/\" class=\"wp-image-20471\" srcset=\"https:\/\/www.uta.cl\/wp-content\/uploads\/2019\/08\/DSC_4876.jpg 1000w, https:\/\/www.uta.cl\/wp-content\/uploads\/2019\/08\/DSC_4876-300x200.jpg 300w, https:\/\/www.uta.cl\/wp-content\/uploads\/2019\/08\/DSC_4876-768x512.jpg 768w\" sizes=\"(max-width: 1000px) 100vw, 1000px\" \/><\/a><\/figure><\/li><li class=\"blocks-gallery-item\"><figure><a href=\"https:\/\/www.uta.cl\/wp-content\/uploads\/2019\/08\/DSC_4871.jpg\"><img loading=\"lazy\" width=\"1000\" height=\"667\" src=\"https:\/\/www.uta.cl\/wp-content\/uploads\/2019\/08\/DSC_4871.jpg\" alt=\"\" data-id=\"20470\" data-link=\"https:\/\/www.uta.cl\/index.php\/2019\/08\/16\/decanos-y-decanas-comprometen-acciones-concretas-en-programas-de-post-grados-camino-a-la-acreditacion-2022\/dsc_4871\/\" class=\"wp-image-20470\" srcset=\"https:\/\/www.uta.cl\/wp-content\/uploads\/2019\/08\/DSC_4871.jpg 1000w, https:\/\/www.uta.cl\/wp-content\/uploads\/2019\/08\/DSC_4871-300x200.jpg 300w, https:\/\/www.uta.cl\/wp-content\/uploads\/2019\/08\/DSC_4871-768x512.jpg 768w\" sizes=\"(max-width: 1000px) 100vw, 1000px\" \/><\/a><\/figure><\/li><\/ul>\n","protected":false},"excerpt":{"rendered":"<p>En la ocasi\u00f3n, decanos y miembros del equipo de gesti\u00f3n comprometieron acciones concretas en la creaci\u00f3n y\/o fortalecimientos de magister y doctorados, con el objeto de asegurar la acreditaci\u00f3n en el \u00e1rea de postgrado y con ello transformar a la UTA en una universidad compleja en funci\u00f3n de su crecimiento.<\/p>\n","protected":false},"author":1,"featured_media":20475,"comment_status":"open","ping_status":"open","sticky":false,"template":"","format":"standard","meta":[],"categories":[],"tags":[],"_links":{"self":[{"href":"https:\/\/www.uta.cl\/index.php\/wp-json\/wp\/v2\/posts\/20469"}],"collection":[{"href":"https:\/\/www.uta.cl\/index.php\/wp-json\/wp\/v2\/posts"}],"about":[{"href":"https:\/\/www.uta.cl\/index.php\/wp-json\/wp\/v2\/types\/post"}],"author":[{"embeddable":true,"href":"https:\/\/www.uta.cl\/index.php\/wp-json\/wp\/v2\/users\/1"}],"replies":[{"embeddable":true,"href":"https:\/\/www.uta.cl\/index.php\/wp-json\/wp\/v2\/comments?post=20469"}],"version-history":[{"count":3,"href":"https:\/\/www.uta.cl\/index.php\/wp-json\/wp\/v2\/posts\/20469\/revisions"}],"predecessor-version":[{"id":20478,"href":"https:\/\/www.uta.cl\/index.php\/wp-json\/wp\/v2\/posts\/20469\/revisions\/20478"}],"wp:featuredmedia":[{"embeddable":true,"href":"https:\/\/www.uta.cl\/index.php\/wp-json\/wp\/v2\/media\/20475"}],"wp:attachment":[{"href":"https:\/\/www.uta.cl\/index.php\/wp-json\/wp\/v2\/media?parent=20469"}],"wp:term":[{"taxonomy":"category","embeddable":true,"href":"https:\/\/www.uta.cl\/index.php\/wp-json\/wp\/v2\/categories?post=20469"},{"taxonomy":"post_tag","embeddable":true,"href":"https:\/\/www.uta.cl\/index.php\/wp-json\/wp\/v2\/tags?post=20469"}],"curies":[{"name":"wp","href":"https:\/\/api.w.org\/{rel}","templated":true}]}}