{"id":20417,"date":"2019-08-14T16:18:21","date_gmt":"2019-08-14T16:18:21","guid":{"rendered":"https:\/\/www.uta.cl\/?p=20417"},"modified":"2019-08-14T16:18:27","modified_gmt":"2019-08-14T16:18:27","slug":"foro-cooperativo-y-cooperativa-agricola-lechera-santiago-cals-realizan-exitoso-seminario-sobre-el-aporte-al-desarrollo-economico-y-social","status":"publish","type":"post","link":"https:\/\/www.uta.cl\/index.php\/2019\/08\/14\/foro-cooperativo-y-cooperativa-agricola-lechera-santiago-cals-realizan-exitoso-seminario-sobre-el-aporte-al-desarrollo-economico-y-social\/","title":{"rendered":"Foro Cooperativo y Cooperativa Agr\u00edcola Lechera Santiago, CALS realizan exitoso seminario sobre el aporte al desarrollo econ\u00f3mico y social"},"content":{"rendered":"\n<p>Con la presencia de aproximadamente 200 asistentes, se llev\u00f3 a cabo en el Aula Magna de la Universidad de Tarapac\u00e1 el segundo seminario \u201cEl aporte del modelo empresarial cooperativo al desarrollo econ\u00f3mico y social\u201d, organizado por el Foro Cooperativo y la Cooperativa Agr\u00edcola Lechera Santiago, CALS, con el objetivo de promover el modelo cooperativo en todos los niveles y su aporte al desarrollo regional y del pa\u00eds.<\/p>\n\n\n\n<figure class=\"wp-block-image\"><a href=\"https:\/\/www.uta.cl\/wp-content\/uploads\/2019\/08\/000_DSC_4493.jpg\"><img loading=\"lazy\" width=\"1000\" height=\"666\" src=\"https:\/\/www.uta.cl\/wp-content\/uploads\/2019\/08\/000_DSC_4493.jpg\" alt=\"\" class=\"wp-image-20431\" srcset=\"https:\/\/www.uta.cl\/wp-content\/uploads\/2019\/08\/000_DSC_4493.jpg 1000w, https:\/\/www.uta.cl\/wp-content\/uploads\/2019\/08\/000_DSC_4493-300x200.jpg 300w, https:\/\/www.uta.cl\/wp-content\/uploads\/2019\/08\/000_DSC_4493-768x511.jpg 768w\" sizes=\"(max-width: 1000px) 100vw, 1000px\" \/><\/a><\/figure>\n\n\n\n<p>El evento realizado por primera vez en la ciudad de Arica, cont\u00f3 con la presencia del seremi de Hacienda, Pablo Arancibia Mattar, de la Decana de la Facultad de Ciencias Agron\u00f3micas de la Universidad de Tarapac\u00e1, Dra. Pilar Mazuela \u00c1guila, la presidenta del Foro Cooperativo, Siria Jeldes Chang, adem\u00e1s de autoridades regionales, gerentes generales de cooperativas nacionales, acad\u00e9micos, estudiantes e invitados especiales.<\/p>\n\n\n\n<p>En la ocasi\u00f3n, las palabras de bienvenida estuvieron a cargo de la Presidenta del Foro Cooperativo y Presidenta de Coopeuch, Siria Jeldes Chang, quien destac\u00f3 la relevancia de la presencia de las cooperativas en todas las regiones del pa\u00eds, las que aportan al empleo local, la distribuci\u00f3n equitativa de la riqueza y el desarrollo social y econ\u00f3mico de Chile.<\/p>\n\n\n\n<p>En  tanto, la  decana de la Facultad de Ciencias Agron\u00f3micas de la Universidad de Tarapac\u00e1, Dra. Pilar Mazuela expres\u00f3 que, \u201cla gran oportunidad que el Foro Cooperativo y la Cooperativa Agr\u00edcola Lechera Santiago, Cals entrega en esta oportunidad para realizar el segundo seminario en nuestra regi\u00f3n, es muy importante para que se conozca en terreno lo que nosotros somos y lo que significamos para el resto del pa\u00eds\u201d.  <\/p>\n\n\n\n<p>Por su parte, el seremi de Hacienda, Pablo Arancibia Matta destac\u00f3 expres\u00f3 que, \u201ccomo Gobierno estamos empe\u00f1ados en dar las facilidades para que este tipo de eventos se realice de la mejor manera porque permite generar una experiencia que mejora evidentemente la calidad de vida de las personas, donde las cooperativas est\u00e1n generando oportunidades de emprendimiento y de desarrollo para las micro y macro empresas\u201d.  <\/p>\n\n\n\n<p>La actividad prosigui\u00f3 con las exposiciones de: Eduardo G\u00e1rate L\u00f3pez, jefe de la Divisi\u00f3n de Asociatividad y Econom\u00eda Social (DAES), del Ministerio de Econom\u00eda, Fomento y Turismo, expuso el tema \u201cNueva visi\u00f3n del cooperativismo\u201d. Para luego proseguir con la presentaci\u00f3n del tema \u201cRealidad y perspectivas de la Cooperativa Capel\u201d, a cargo de la abogada Ximena Mu\u00f1oz Almaz\u00e1n, jefa del departamento jur\u00eddico de la Cooperativa Agr\u00edcola y Pisquera, Capel.<\/p>\n\n\n\n<p>Luego fue el turno del secretario del Foro Cooperativo y presidente de la Cooperativa de Vivienda Conavicoop, Juan Pablo Rom\u00e1n Rodr\u00edguez, con su ponencia \u201cEl aporte de una cooperativa de vivienda abierta al desarrollo social y econ\u00f3mico\u201d; para finalizar con la exposici\u00f3n del director del Foro Cooperativo y gerente general de Cooperativa Agr\u00edcola Lechera Santiago, Cals, Mario Mirosevic Buneder, titulada \u201cHistoria de la Cooperativa Cals\u201d.  <\/p>\n\n\n\n<p>\n<strong>FORO\nCOOPERATIVO<\/strong><\/p>\n\n\n\n<p>El Foro Empresarial Cooperativo es una corporaci\u00f3n sin fines de lucro, que agrupa a 6 cooperativas de distintos sectores de la econom\u00eda chilena, las cuales representan hoy en d\u00eda m\u00e1s de 800 mil socios y socias tanto en su calidad de usuarios de bienes y servicios como tambi\u00e9n, en su rol de productores, cuyo principal desaf\u00edo es fortalecer sus procesos de integraci\u00f3n para transformarse en un modelo visible y accesible para la poblaci\u00f3n, como una herramienta de emprendimiento econ\u00f3mico y con sello social. Las cooperativas que conforman el Foro Cooperativo son: Col\u00fan, Capel, Coopeuch, Conavicoop, Cals y Chilecoop.  <\/p>\n\n\n\n<ul class=\"wp-block-gallery columns-3 is-cropped\"><li class=\"blocks-gallery-item\"><figure><img loading=\"lazy\" width=\"1000\" height=\"666\" src=\"https:\/\/www.uta.cl\/wp-content\/uploads\/2019\/08\/000_DSC_4496.jpg\" alt=\"\" data-id=\"20433\" data-link=\"https:\/\/www.uta.cl\/?attachment_id=20433\" class=\"wp-image-20433\" srcset=\"https:\/\/www.uta.cl\/wp-content\/uploads\/2019\/08\/000_DSC_4496.jpg 1000w, https:\/\/www.uta.cl\/wp-content\/uploads\/2019\/08\/000_DSC_4496-300x200.jpg 300w, https:\/\/www.uta.cl\/wp-content\/uploads\/2019\/08\/000_DSC_4496-768x511.jpg 768w\" sizes=\"(max-width: 1000px) 100vw, 1000px\" \/><\/figure><\/li><li class=\"blocks-gallery-item\"><figure><img loading=\"lazy\" width=\"1000\" height=\"666\" src=\"https:\/\/www.uta.cl\/wp-content\/uploads\/2019\/08\/000_DSC_4494.jpg\" alt=\"\" data-id=\"20432\" data-link=\"https:\/\/www.uta.cl\/?attachment_id=20432\" class=\"wp-image-20432\" srcset=\"https:\/\/www.uta.cl\/wp-content\/uploads\/2019\/08\/000_DSC_4494.jpg 1000w, https:\/\/www.uta.cl\/wp-content\/uploads\/2019\/08\/000_DSC_4494-300x200.jpg 300w, https:\/\/www.uta.cl\/wp-content\/uploads\/2019\/08\/000_DSC_4494-768x511.jpg 768w\" sizes=\"(max-width: 1000px) 100vw, 1000px\" \/><\/figure><\/li><li class=\"blocks-gallery-item\"><figure><img loading=\"lazy\" width=\"1000\" height=\"666\" src=\"https:\/\/www.uta.cl\/wp-content\/uploads\/2019\/08\/000_DSC_4493.jpg\" alt=\"\" data-id=\"20431\" data-link=\"https:\/\/www.uta.cl\/?attachment_id=20431\" class=\"wp-image-20431\" srcset=\"https:\/\/www.uta.cl\/wp-content\/uploads\/2019\/08\/000_DSC_4493.jpg 1000w, https:\/\/www.uta.cl\/wp-content\/uploads\/2019\/08\/000_DSC_4493-300x200.jpg 300w, https:\/\/www.uta.cl\/wp-content\/uploads\/2019\/08\/000_DSC_4493-768x511.jpg 768w\" sizes=\"(max-width: 1000px) 100vw, 1000px\" \/><\/figure><\/li><li class=\"blocks-gallery-item\"><figure><img loading=\"lazy\" width=\"1000\" height=\"666\" src=\"https:\/\/www.uta.cl\/wp-content\/uploads\/2019\/08\/000_DSC_4486.jpg\" alt=\"\" data-id=\"20430\" data-link=\"https:\/\/www.uta.cl\/?attachment_id=20430\" class=\"wp-image-20430\" srcset=\"https:\/\/www.uta.cl\/wp-content\/uploads\/2019\/08\/000_DSC_4486.jpg 1000w, https:\/\/www.uta.cl\/wp-content\/uploads\/2019\/08\/000_DSC_4486-300x200.jpg 300w, https:\/\/www.uta.cl\/wp-content\/uploads\/2019\/08\/000_DSC_4486-768x511.jpg 768w\" sizes=\"(max-width: 1000px) 100vw, 1000px\" \/><\/figure><\/li><li class=\"blocks-gallery-item\"><figure><img loading=\"lazy\" width=\"1000\" height=\"666\" src=\"https:\/\/www.uta.cl\/wp-content\/uploads\/2019\/08\/000_DSC_4478.jpg\" alt=\"\" data-id=\"20429\" data-link=\"https:\/\/www.uta.cl\/?attachment_id=20429\" class=\"wp-image-20429\" srcset=\"https:\/\/www.uta.cl\/wp-content\/uploads\/2019\/08\/000_DSC_4478.jpg 1000w, https:\/\/www.uta.cl\/wp-content\/uploads\/2019\/08\/000_DSC_4478-300x200.jpg 300w, https:\/\/www.uta.cl\/wp-content\/uploads\/2019\/08\/000_DSC_4478-768x511.jpg 768w\" sizes=\"(max-width: 1000px) 100vw, 1000px\" \/><\/figure><\/li><li class=\"blocks-gallery-item\"><figure><img loading=\"lazy\" width=\"667\" height=\"1000\" src=\"https:\/\/www.uta.cl\/wp-content\/uploads\/2019\/08\/000_DSC_4473.jpg\" alt=\"\" data-id=\"20428\" data-link=\"https:\/\/www.uta.cl\/?attachment_id=20428\" class=\"wp-image-20428\" srcset=\"https:\/\/www.uta.cl\/wp-content\/uploads\/2019\/08\/000_DSC_4473.jpg 667w, https:\/\/www.uta.cl\/wp-content\/uploads\/2019\/08\/000_DSC_4473-200x300.jpg 200w\" sizes=\"(max-width: 667px) 100vw, 667px\" \/><\/figure><\/li><li class=\"blocks-gallery-item\"><figure><img loading=\"lazy\" width=\"1000\" height=\"666\" src=\"https:\/\/www.uta.cl\/wp-content\/uploads\/2019\/08\/000_DSC_4464.jpg\" alt=\"\" data-id=\"20427\" data-link=\"https:\/\/www.uta.cl\/?attachment_id=20427\" class=\"wp-image-20427\" srcset=\"https:\/\/www.uta.cl\/wp-content\/uploads\/2019\/08\/000_DSC_4464.jpg 1000w, https:\/\/www.uta.cl\/wp-content\/uploads\/2019\/08\/000_DSC_4464-300x200.jpg 300w, https:\/\/www.uta.cl\/wp-content\/uploads\/2019\/08\/000_DSC_4464-768x511.jpg 768w\" sizes=\"(max-width: 1000px) 100vw, 1000px\" \/><\/figure><\/li><li class=\"blocks-gallery-item\"><figure><img loading=\"lazy\" width=\"1000\" height=\"666\" src=\"https:\/\/www.uta.cl\/wp-content\/uploads\/2019\/08\/000_DSC_4462.jpg\" alt=\"\" data-id=\"20426\" data-link=\"https:\/\/www.uta.cl\/?attachment_id=20426\" class=\"wp-image-20426\" srcset=\"https:\/\/www.uta.cl\/wp-content\/uploads\/2019\/08\/000_DSC_4462.jpg 1000w, https:\/\/www.uta.cl\/wp-content\/uploads\/2019\/08\/000_DSC_4462-300x200.jpg 300w, https:\/\/www.uta.cl\/wp-content\/uploads\/2019\/08\/000_DSC_4462-768x511.jpg 768w\" sizes=\"(max-width: 1000px) 100vw, 1000px\" \/><\/figure><\/li><li class=\"blocks-gallery-item\"><figure><img loading=\"lazy\" width=\"1000\" height=\"666\" src=\"https:\/\/www.uta.cl\/wp-content\/uploads\/2019\/08\/000_DSC_4457.jpg\" alt=\"\" data-id=\"20425\" data-link=\"https:\/\/www.uta.cl\/?attachment_id=20425\" class=\"wp-image-20425\" srcset=\"https:\/\/www.uta.cl\/wp-content\/uploads\/2019\/08\/000_DSC_4457.jpg 1000w, https:\/\/www.uta.cl\/wp-content\/uploads\/2019\/08\/000_DSC_4457-300x200.jpg 300w, https:\/\/www.uta.cl\/wp-content\/uploads\/2019\/08\/000_DSC_4457-768x511.jpg 768w\" sizes=\"(max-width: 1000px) 100vw, 1000px\" \/><\/figure><\/li><li class=\"blocks-gallery-item\"><figure><img loading=\"lazy\" width=\"1000\" height=\"666\" src=\"https:\/\/www.uta.cl\/wp-content\/uploads\/2019\/08\/000_DSC_4456.jpg\" alt=\"\" data-id=\"20424\" data-link=\"https:\/\/www.uta.cl\/?attachment_id=20424\" class=\"wp-image-20424\" srcset=\"https:\/\/www.uta.cl\/wp-content\/uploads\/2019\/08\/000_DSC_4456.jpg 1000w, https:\/\/www.uta.cl\/wp-content\/uploads\/2019\/08\/000_DSC_4456-300x200.jpg 300w, https:\/\/www.uta.cl\/wp-content\/uploads\/2019\/08\/000_DSC_4456-768x511.jpg 768w\" sizes=\"(max-width: 1000px) 100vw, 1000px\" \/><\/figure><\/li><li class=\"blocks-gallery-item\"><figure><img loading=\"lazy\" width=\"1000\" height=\"666\" src=\"https:\/\/www.uta.cl\/wp-content\/uploads\/2019\/08\/000_68648894_2364956353761471_3053032516874141696_o.jpg\" alt=\"\" data-id=\"20423\" data-link=\"https:\/\/www.uta.cl\/?attachment_id=20423\" class=\"wp-image-20423\" srcset=\"https:\/\/www.uta.cl\/wp-content\/uploads\/2019\/08\/000_68648894_2364956353761471_3053032516874141696_o.jpg 1000w, https:\/\/www.uta.cl\/wp-content\/uploads\/2019\/08\/000_68648894_2364956353761471_3053032516874141696_o-300x200.jpg 300w, https:\/\/www.uta.cl\/wp-content\/uploads\/2019\/08\/000_68648894_2364956353761471_3053032516874141696_o-768x511.jpg 768w\" sizes=\"(max-width: 1000px) 100vw, 1000px\" \/><\/figure><\/li><li class=\"blocks-gallery-item\"><figure><img loading=\"lazy\" width=\"1000\" height=\"666\" src=\"https:\/\/www.uta.cl\/wp-content\/uploads\/2019\/08\/000_68528248_2364956467094793_9193511710521032704_o.jpg\" alt=\"\" data-id=\"20422\" data-link=\"https:\/\/www.uta.cl\/?attachment_id=20422\" class=\"wp-image-20422\" srcset=\"https:\/\/www.uta.cl\/wp-content\/uploads\/2019\/08\/000_68528248_2364956467094793_9193511710521032704_o.jpg 1000w, https:\/\/www.uta.cl\/wp-content\/uploads\/2019\/08\/000_68528248_2364956467094793_9193511710521032704_o-300x200.jpg 300w, https:\/\/www.uta.cl\/wp-content\/uploads\/2019\/08\/000_68528248_2364956467094793_9193511710521032704_o-768x511.jpg 768w\" sizes=\"(max-width: 1000px) 100vw, 1000px\" \/><\/figure><\/li><li class=\"blocks-gallery-item\"><figure><img loading=\"lazy\" width=\"1000\" height=\"666\" src=\"https:\/\/www.uta.cl\/wp-content\/uploads\/2019\/08\/000_68477097_2364956813761425_1858978527085330432_o.jpg\" alt=\"\" data-id=\"20421\" data-link=\"https:\/\/www.uta.cl\/?attachment_id=20421\" class=\"wp-image-20421\" srcset=\"https:\/\/www.uta.cl\/wp-content\/uploads\/2019\/08\/000_68477097_2364956813761425_1858978527085330432_o.jpg 1000w, https:\/\/www.uta.cl\/wp-content\/uploads\/2019\/08\/000_68477097_2364956813761425_1858978527085330432_o-300x200.jpg 300w, https:\/\/www.uta.cl\/wp-content\/uploads\/2019\/08\/000_68477097_2364956813761425_1858978527085330432_o-768x511.jpg 768w\" sizes=\"(max-width: 1000px) 100vw, 1000px\" \/><\/figure><\/li><li class=\"blocks-gallery-item\"><figure><img loading=\"lazy\" width=\"1000\" height=\"666\" src=\"https:\/\/www.uta.cl\/wp-content\/uploads\/2019\/08\/000_68389857_2364956727094767_2238318327954931712_o.jpg\" alt=\"\" data-id=\"20420\" data-link=\"https:\/\/www.uta.cl\/?attachment_id=20420\" class=\"wp-image-20420\" srcset=\"https:\/\/www.uta.cl\/wp-content\/uploads\/2019\/08\/000_68389857_2364956727094767_2238318327954931712_o.jpg 1000w, https:\/\/www.uta.cl\/wp-content\/uploads\/2019\/08\/000_68389857_2364956727094767_2238318327954931712_o-300x200.jpg 300w, https:\/\/www.uta.cl\/wp-content\/uploads\/2019\/08\/000_68389857_2364956727094767_2238318327954931712_o-768x511.jpg 768w\" sizes=\"(max-width: 1000px) 100vw, 1000px\" \/><\/figure><\/li><li class=\"blocks-gallery-item\"><figure><img loading=\"lazy\" width=\"1000\" height=\"666\" src=\"https:\/\/www.uta.cl\/wp-content\/uploads\/2019\/08\/000_68245191_2364956837094756_7477384611744448512_o.jpg\" alt=\"\" data-id=\"20419\" data-link=\"https:\/\/www.uta.cl\/?attachment_id=20419\" class=\"wp-image-20419\" srcset=\"https:\/\/www.uta.cl\/wp-content\/uploads\/2019\/08\/000_68245191_2364956837094756_7477384611744448512_o.jpg 1000w, https:\/\/www.uta.cl\/wp-content\/uploads\/2019\/08\/000_68245191_2364956837094756_7477384611744448512_o-300x200.jpg 300w, https:\/\/www.uta.cl\/wp-content\/uploads\/2019\/08\/000_68245191_2364956837094756_7477384611744448512_o-768x511.jpg 768w\" sizes=\"(max-width: 1000px) 100vw, 1000px\" \/><\/figure><\/li><li class=\"blocks-gallery-item\"><figure><img loading=\"lazy\" width=\"1000\" height=\"666\" src=\"https:\/\/www.uta.cl\/wp-content\/uploads\/2019\/08\/000_67976092_2364956000428173_5835245226653908992_o.jpg\" alt=\"\" data-id=\"20418\" data-link=\"https:\/\/www.uta.cl\/?attachment_id=20418\" class=\"wp-image-20418\" srcset=\"https:\/\/www.uta.cl\/wp-content\/uploads\/2019\/08\/000_67976092_2364956000428173_5835245226653908992_o.jpg 1000w, https:\/\/www.uta.cl\/wp-content\/uploads\/2019\/08\/000_67976092_2364956000428173_5835245226653908992_o-300x200.jpg 300w, https:\/\/www.uta.cl\/wp-content\/uploads\/2019\/08\/000_67976092_2364956000428173_5835245226653908992_o-768x511.jpg 768w\" sizes=\"(max-width: 1000px) 100vw, 1000px\" \/><\/figure><\/li><\/ul>\n","protected":false},"excerpt":{"rendered":"<p>Este segundo seminario realizado por primera vez en Arica, permiti\u00f3 contar con la presencia de representantes del sector cooperativo, autoridades regionales, mundo acad\u00e9mico y p\u00fablico en general, con la finalidad de difundir el aporte social y econ\u00f3mico de las cooperativas.<\/p>\n","protected":false},"author":1,"featured_media":20426,"comment_status":"open","ping_status":"open","sticky":false,"template":"","format":"standard","meta":[],"categories":[51],"tags":[],"_links":{"self":[{"href":"https:\/\/www.uta.cl\/index.php\/wp-json\/wp\/v2\/posts\/20417"}],"collection":[{"href":"https:\/\/www.uta.cl\/index.php\/wp-json\/wp\/v2\/posts"}],"about":[{"href":"https:\/\/www.uta.cl\/index.php\/wp-json\/wp\/v2\/types\/post"}],"author":[{"embeddable":true,"href":"https:\/\/www.uta.cl\/index.php\/wp-json\/wp\/v2\/users\/1"}],"replies":[{"embeddable":true,"href":"https:\/\/www.uta.cl\/index.php\/wp-json\/wp\/v2\/comments?post=20417"}],"version-history":[{"count":1,"href":"https:\/\/www.uta.cl\/index.php\/wp-json\/wp\/v2\/posts\/20417\/revisions"}],"predecessor-version":[{"id":20434,"href":"https:\/\/www.uta.cl\/index.php\/wp-json\/wp\/v2\/posts\/20417\/revisions\/20434"}],"wp:featuredmedia":[{"embeddable":true,"href":"https:\/\/www.uta.cl\/index.php\/wp-json\/wp\/v2\/media\/20426"}],"wp:attachment":[{"href":"https:\/\/www.uta.cl\/index.php\/wp-json\/wp\/v2\/media?parent=20417"}],"wp:term":[{"taxonomy":"category","embeddable":true,"href":"https:\/\/www.uta.cl\/index.php\/wp-json\/wp\/v2\/categories?post=20417"},{"taxonomy":"post_tag","embeddable":true,"href":"https:\/\/www.uta.cl\/index.php\/wp-json\/wp\/v2\/tags?post=20417"}],"curies":[{"name":"wp","href":"https:\/\/api.w.org\/{rel}","templated":true}]}}