{"id":20388,"date":"2019-08-13T14:41:34","date_gmt":"2019-08-13T14:41:34","guid":{"rendered":"https:\/\/www.uta.cl\/?p=20388"},"modified":"2019-08-13T15:07:56","modified_gmt":"2019-08-13T15:07:56","slug":"rector-dr-emilio-rodriguez-ponce-realiza-charla-informativa-sobre-los-desafios-estrategicos-de-la-uta","status":"publish","type":"post","link":"https:\/\/www.uta.cl\/index.php\/2019\/08\/13\/rector-dr-emilio-rodriguez-ponce-realiza-charla-informativa-sobre-los-desafios-estrategicos-de-la-uta\/","title":{"rendered":"Rector Dr. Emilio Rodr\u00edguez Ponce realiza charla informativa sobre los \u201cDesaf\u00edos Estrat\u00e9gicos de la UTA\u201d"},"content":{"rendered":"\n<p>Integrantes del equipo de gesti\u00f3n, decanos, directores de departamentos, jefes de carrera y acad\u00e9micos se dieron cita este martes 6 de agosto, para asistir a la charla informativa \u201cDesaf\u00edos Estrat\u00e9gicos de la UTA\u201d, dictada por el Rector Dr. Emilio Rodr\u00edguez Ponce.  <\/p>\n\n\n\n<figure class=\"wp-block-image\"><a href=\"https:\/\/www.uta.cl\/wp-content\/uploads\/2019\/08\/foto-principal-nota-2.jpg\"><img loading=\"lazy\" width=\"1000\" height=\"667\" src=\"https:\/\/www.uta.cl\/wp-content\/uploads\/2019\/08\/foto-principal-nota-2.jpg\" alt=\"\" class=\"wp-image-20394\" srcset=\"https:\/\/www.uta.cl\/wp-content\/uploads\/2019\/08\/foto-principal-nota-2.jpg 1000w, https:\/\/www.uta.cl\/wp-content\/uploads\/2019\/08\/foto-principal-nota-2-300x200.jpg 300w, https:\/\/www.uta.cl\/wp-content\/uploads\/2019\/08\/foto-principal-nota-2-768x512.jpg 768w\" sizes=\"(max-width: 1000px) 100vw, 1000px\" \/><\/a><\/figure>\n\n\n\n<p>En\nuna conversaci\u00f3n amena y directa realizada en el Auditorio de la\ncarrera de Medicina, la m\u00e1xima autoridad universitaria comparti\u00f3\ncon la comunidad acad\u00e9mica diversos aspectos relacionados con el\naccionar de la UTA, sus desaf\u00edos y proyecciones en un escenario de\nconstante cambio.<\/p>\n\n\n\n<p>La\nsesi\u00f3n informativa permiti\u00f3 al Rector Rodr\u00edguez Ponce, dar cuenta\nde c\u00f3mo se ha ido avanzando en algunos aspectos estrat\u00e9gicos del\ndesarrollo universitario, particularmente con lo que dice relaci\u00f3n\ncon la implementaci\u00f3n de las leyes de universidades del Estado, la\nLey de Gratuidad y Acreditaci\u00f3n Integral y en ese contexto, \u201chemos\nmostrado cu\u00e1les han sido esos avances desde una mirada\ninstitucional\u201d. \n<\/p>\n\n\n\n<p>Asimismo, se refiri\u00f3 al actual escenario al que se enfrenta esta Casa de Estudios Superiores se\u00f1alando que, \u201cla comunidad responde ante los lineamientos que se van generando, los cuales nos permiten hoy decir que a pesar de estas leyes, con impactos muy negativos para las instituciones, nosotros lo hemos ido afrontando con trabajo riguroso, econ\u00f3mico, contable, financiero en la instancia que corresponde, con gesti\u00f3n, de tal forma que la situaci\u00f3n de gratuidad y todas sus complejidades la hemos superado actualmente. Adem\u00e1s, hemos logrado como Universidad, estar en una posici\u00f3n que nos permite un cierto crecimiento este a\u00f1o y que nos abre la esperanza de mucho crecimiento para los siguientes a\u00f1os\u201d, indic\u00f3 el Rector Dr. Emilio Rodr\u00edguez Ponce.<\/p>\n\n\n\n<p>\nAgreg\u00f3\nque, \u201cpara nosotros ha sido muy importante que el Fondo de\nFortalecimiento se haya abierto a una participaci\u00f3n m\u00e1s justa, a\ncuotas predefinidas como estaba establecido previamente, adem\u00e1s de\nhaber tenido una aprobaci\u00f3n por parte del Consejo de Rectores de las\nUniversidades Chilenas (CRUCH), de un ingreso especial para zonas\nextremas que representa la realidad, lo cual tiene un impacto muy\npositivo para nosotros conjuntamente con otros elementos que son\nvitales, como la difusi\u00f3n del Arancel Regulado, pensando en que todo\nesto debe configurarse en un desarrollo de la docencia donde vamos a\nhacer una inversi\u00f3n de un edificio de 10 millones de d\u00f3lares con\nequipamiento incluido y tambi\u00e9n, un mejoramiento de las\nposibilidades de progreso y desarrollo de nuestra comunidad\nacad\u00e9mica\u201d, puntualiz\u00f3. \n<\/p>\n\n\n\n<p>Finalmente\nel Rector de esta Casa de Estudios Superiores inform\u00f3 adem\u00e1s, que\nante esta sesi\u00f3n informativa se realizar\u00e1n posteriormente\nconversaciones que se sostendr\u00e1n a nivel de facultades y de\ndepartamentos.<\/p>\n\n\n\n<ul class=\"wp-block-gallery columns-3 is-cropped\"><li class=\"blocks-gallery-item\"><figure><a href=\"https:\/\/www.uta.cl\/wp-content\/uploads\/2019\/08\/DSC_4394.jpg\"><img loading=\"lazy\" width=\"1000\" height=\"667\" src=\"https:\/\/www.uta.cl\/wp-content\/uploads\/2019\/08\/DSC_4394.jpg\" alt=\"\" data-id=\"20390\" data-link=\"https:\/\/www.uta.cl\/?attachment_id=20390\" class=\"wp-image-20390\" srcset=\"https:\/\/www.uta.cl\/wp-content\/uploads\/2019\/08\/DSC_4394.jpg 1000w, https:\/\/www.uta.cl\/wp-content\/uploads\/2019\/08\/DSC_4394-300x200.jpg 300w, https:\/\/www.uta.cl\/wp-content\/uploads\/2019\/08\/DSC_4394-768x512.jpg 768w\" sizes=\"(max-width: 1000px) 100vw, 1000px\" \/><\/a><\/figure><\/li><li class=\"blocks-gallery-item\"><figure><a href=\"https:\/\/www.uta.cl\/wp-content\/uploads\/2019\/08\/DSC_4399.jpg\"><img loading=\"lazy\" width=\"1000\" height=\"667\" src=\"https:\/\/www.uta.cl\/wp-content\/uploads\/2019\/08\/DSC_4399.jpg\" alt=\"\" data-id=\"20391\" data-link=\"https:\/\/www.uta.cl\/?attachment_id=20391\" class=\"wp-image-20391\" srcset=\"https:\/\/www.uta.cl\/wp-content\/uploads\/2019\/08\/DSC_4399.jpg 1000w, https:\/\/www.uta.cl\/wp-content\/uploads\/2019\/08\/DSC_4399-300x200.jpg 300w, https:\/\/www.uta.cl\/wp-content\/uploads\/2019\/08\/DSC_4399-768x512.jpg 768w\" sizes=\"(max-width: 1000px) 100vw, 1000px\" \/><\/a><\/figure><\/li><li class=\"blocks-gallery-item\"><figure><a href=\"https:\/\/www.uta.cl\/wp-content\/uploads\/2019\/08\/DSC_4405.jpg\"><img loading=\"lazy\" width=\"856\" height=\"1000\" src=\"https:\/\/www.uta.cl\/wp-content\/uploads\/2019\/08\/DSC_4405.jpg\" alt=\"\" data-id=\"20392\" data-link=\"https:\/\/www.uta.cl\/?attachment_id=20392\" class=\"wp-image-20392\" srcset=\"https:\/\/www.uta.cl\/wp-content\/uploads\/2019\/08\/DSC_4405.jpg 856w, https:\/\/www.uta.cl\/wp-content\/uploads\/2019\/08\/DSC_4405-257x300.jpg 257w, https:\/\/www.uta.cl\/wp-content\/uploads\/2019\/08\/DSC_4405-768x897.jpg 768w\" sizes=\"(max-width: 856px) 100vw, 856px\" \/><\/a><\/figure><\/li><li class=\"blocks-gallery-item\"><figure><a href=\"https:\/\/www.uta.cl\/wp-content\/uploads\/2019\/08\/DSC_4409.jpg\"><img loading=\"lazy\" width=\"1000\" height=\"667\" src=\"https:\/\/www.uta.cl\/wp-content\/uploads\/2019\/08\/DSC_4409.jpg\" alt=\"\" data-id=\"20393\" data-link=\"https:\/\/www.uta.cl\/?attachment_id=20393\" class=\"wp-image-20393\" srcset=\"https:\/\/www.uta.cl\/wp-content\/uploads\/2019\/08\/DSC_4409.jpg 1000w, https:\/\/www.uta.cl\/wp-content\/uploads\/2019\/08\/DSC_4409-300x200.jpg 300w, https:\/\/www.uta.cl\/wp-content\/uploads\/2019\/08\/DSC_4409-768x512.jpg 768w\" sizes=\"(max-width: 1000px) 100vw, 1000px\" \/><\/a><\/figure><\/li><li class=\"blocks-gallery-item\"><figure><a href=\"https:\/\/www.uta.cl\/wp-content\/uploads\/2019\/08\/foto-principal-nota-2.jpg\"><img loading=\"lazy\" width=\"1000\" height=\"667\" src=\"https:\/\/www.uta.cl\/wp-content\/uploads\/2019\/08\/foto-principal-nota-2.jpg\" alt=\"\" data-id=\"20394\" data-link=\"https:\/\/www.uta.cl\/?attachment_id=20394\" class=\"wp-image-20394\" srcset=\"https:\/\/www.uta.cl\/wp-content\/uploads\/2019\/08\/foto-principal-nota-2.jpg 1000w, https:\/\/www.uta.cl\/wp-content\/uploads\/2019\/08\/foto-principal-nota-2-300x200.jpg 300w, https:\/\/www.uta.cl\/wp-content\/uploads\/2019\/08\/foto-principal-nota-2-768x512.jpg 768w\" sizes=\"(max-width: 1000px) 100vw, 1000px\" \/><\/a><\/figure><\/li><\/ul>\n","protected":false},"excerpt":{"rendered":"<p>M\u00e1xima autoridad universitaria se refiri\u00f3 a la posici\u00f3n estrat\u00e9gica de la UTA, en c\u00f3mo afecta las leyes 21.091 y 21.094, la brecha del arancel regulado, admisi\u00f3n en zonas extremas, el Fondo de Fortalecimiento y, desaf\u00edos y proyecciones.<\/p>\n","protected":false},"author":1,"featured_media":20389,"comment_status":"open","ping_status":"open","sticky":false,"template":"","format":"standard","meta":[],"categories":[],"tags":[],"_links":{"self":[{"href":"https:\/\/www.uta.cl\/index.php\/wp-json\/wp\/v2\/posts\/20388"}],"collection":[{"href":"https:\/\/www.uta.cl\/index.php\/wp-json\/wp\/v2\/posts"}],"about":[{"href":"https:\/\/www.uta.cl\/index.php\/wp-json\/wp\/v2\/types\/post"}],"author":[{"embeddable":true,"href":"https:\/\/www.uta.cl\/index.php\/wp-json\/wp\/v2\/users\/1"}],"replies":[{"embeddable":true,"href":"https:\/\/www.uta.cl\/index.php\/wp-json\/wp\/v2\/comments?post=20388"}],"version-history":[{"count":2,"href":"https:\/\/www.uta.cl\/index.php\/wp-json\/wp\/v2\/posts\/20388\/revisions"}],"predecessor-version":[{"id":20409,"href":"https:\/\/www.uta.cl\/index.php\/wp-json\/wp\/v2\/posts\/20388\/revisions\/20409"}],"wp:featuredmedia":[{"embeddable":true,"href":"https:\/\/www.uta.cl\/index.php\/wp-json\/wp\/v2\/media\/20389"}],"wp:attachment":[{"href":"https:\/\/www.uta.cl\/index.php\/wp-json\/wp\/v2\/media?parent=20388"}],"wp:term":[{"taxonomy":"category","embeddable":true,"href":"https:\/\/www.uta.cl\/index.php\/wp-json\/wp\/v2\/categories?post=20388"},{"taxonomy":"post_tag","embeddable":true,"href":"https:\/\/www.uta.cl\/index.php\/wp-json\/wp\/v2\/tags?post=20388"}],"curies":[{"name":"wp","href":"https:\/\/api.w.org\/{rel}","templated":true}]}}