{"id":20383,"date":"2019-08-13T14:05:53","date_gmt":"2019-08-13T14:05:53","guid":{"rendered":"https:\/\/www.uta.cl\/?p=20383"},"modified":"2019-08-13T14:06:00","modified_gmt":"2019-08-13T14:06:00","slug":"uta-es-anfitriona-del-tercer-encuentro-de-la-mesa-regional-de-instituciones-academicas-de-apoyo-al-ecosistema-de-emprendimiento-dinamico-e-innovacion","status":"publish","type":"post","link":"https:\/\/www.uta.cl\/index.php\/2019\/08\/13\/uta-es-anfitriona-del-tercer-encuentro-de-la-mesa-regional-de-instituciones-academicas-de-apoyo-al-ecosistema-de-emprendimiento-dinamico-e-innovacion\/","title":{"rendered":"UTA es anfitriona del tercer encuentro de la \u201cMesa Regional de Instituciones Acad\u00e9micas de apoyo al Ecosistema de Emprendimiento Din\u00e1mico e Innovaci\u00f3n\u201d"},"content":{"rendered":"\n<p>La bienvenida a este tercer encuentro &#8211; que convoca CORFO -, de la \u201cMesa Regional de Instituciones Acad\u00e9micas de apoyo al Ecosistema de Emprendimiento Din\u00e1mico e Innovaci\u00f3n\u201d, estuvo a cargo de la directora general de Sede, Dra. Yasna Godoy, como representante de la Universidad de Tarapac\u00e1, Instituci\u00f3n anfitriona de esta sesi\u00f3n, quien estuvo acompa\u00f1ada por la Vicerrectora de Desarrollo Estrat\u00e9gico, Dra. Jenniffer Peralta Montecinos; el acad\u00e9mico del Instituto de Alta Investigaci\u00f3n, Dr. Sergio Gonz\u00e1lez; la directora Acad\u00e9mica de la sede Iquique, Ang\u00e9lica Cazenave; la directora del Departamento de Ingenier\u00edas y Tecnolog\u00edas de la sede, Ximena Badilla y el acad\u00e9mico Fernando Rosales.  <\/p>\n\n\n\n<figure class=\"wp-block-image\"><img loading=\"lazy\" width=\"1000\" height=\"502\" src=\"https:\/\/www.uta.cl\/wp-content\/uploads\/2019\/08\/IMG_20190731_110617.jpg\" alt=\"\" class=\"wp-image-20386\" srcset=\"https:\/\/www.uta.cl\/wp-content\/uploads\/2019\/08\/IMG_20190731_110617.jpg 1000w, https:\/\/www.uta.cl\/wp-content\/uploads\/2019\/08\/IMG_20190731_110617-300x151.jpg 300w, https:\/\/www.uta.cl\/wp-content\/uploads\/2019\/08\/IMG_20190731_110617-768x386.jpg 768w\" sizes=\"(max-width: 1000px) 100vw, 1000px\" \/><\/figure>\n\n\n\n<p>\nEn la sesi\u00f3n, la Vicerrectora\nde Desarrollo Estrat\u00e9gico, expuso sobre la Universidad de Tarapac\u00e1,\nen el contexto donde est\u00e1 inserta su quehacer institucional,\nabordando el contexto general del Sistema de Educaci\u00f3n Superior en\nChile y Latinoam\u00e9rica, reconociendo como uno de los objetivos\nprincipales la formaci\u00f3n de capital humano avanzado, contextualizado\nadem\u00e1s en los altos niveles de exigencia en materia de complejidad\ninstitucional: \u201clas instituciones de Educaci\u00f3n Superior deben\nadecuar su cultura institucional, su estrategia y su estructura\norganizacional, enfocada en que  la educaci\u00f3n superior es para\ntodos\u201d,destac\u00f3\nla vicerrectora Dra. Jenniffer Peralta.\n<\/p>\n\n\n\n<p>Asimismo\nexpuso sobre el Sistema de Desarrollo Estrat\u00e9gico, eje que debe ser\nreconocido como un mecanismo de aseguramiento de la calidad, y que\nhay que trabajar en conjunto, para que se reconozcan las\nparticularidades y diferencias que existen en los distintos\nterritorios donde funcionan las instituciones de educaci\u00f3n superior\nque conforman la mesa.<\/p>\n\n\n\n<p>Posteriormente,\nel acad\u00e9mico Fernando Rosales, perteneciente al Departamento de\nIngenier\u00edas y Tecnolog\u00eda de la sede Iquique, expuso la Ingenier\u00eda\n2030, programa que se encuentra en su etapa de implementaci\u00f3n en la\nUTA desde el 2017, atendiendo la relevancia que las universidades\ntrabajen en la b\u00fasqueda de soluciones a los problemas en la\nindustria, as\u00ed como tambi\u00e9n, mejorando la productividad y forma en\nque se incide en el desarrollo del pa\u00eds. \n<\/p>\n\n\n\n<p>En\nesta oportunidad, asistieron a esta sesi\u00f3n de la \u201cMesa\nRegional de Instituciones Acad\u00e9micas de apoyo al Ecosistema de\nEmprendimiento Din\u00e1mico e Innovaci\u00f3n\u201d,\ntambi\u00e9n asisti\u00f3 Elsa Echeverr\u00eda, rectora sede Iquique de la\nUniversidad Santo Tom\u00e1s y presidenta de la Mesa; Sebasti\u00e1n Cabello,\nvicerrector de sede Iquique de Inacap; Mar\u00eda Carolina Gatica,\nvicerrectora de Investigaci\u00f3n, Innovaci\u00f3n y Posgrado de la\nUniversidad Arturo Prat; Ixi Rivera, Alejandra Bustamente y Mauricio\nVegas, ejecutivos de Corfo.<\/p>\n\n\n\n<p><strong>CONTEXTO<\/strong><\/p>\n\n\n\n<p>Las\nautoridades educacionales y Corfo, establecieron la primera reuni\u00f3n\nde trabajo durante el \u00faltimo trimestre del 2018, en donde se\nentregaron los lineamientos a seguir para la suscripci\u00f3n de acuerdos\nconjuntos en materia de investigaci\u00f3n, innovaci\u00f3n y emprendimiento,\na trav\u00e9s de las distintas facultades y unidades de los planteles\nuniversitarios.<\/p>\n\n\n\n<p>Actualmente,\neste \u00f3rgano de Educaci\u00f3n Superior de la regi\u00f3n de Tarapac\u00e1, es\npresidido por la rectora de la Universidad Santo Tom\u00e1s, quien\noficiar\u00e1 en el pr\u00f3ximo encuentro que se realizar\u00e1 en el mes de\nseptiembre.<\/p>\n\n\n\n<ul class=\"wp-block-gallery columns-2 is-cropped\"><li class=\"blocks-gallery-item\"><figure><a href=\"https:\/\/www.uta.cl\/wp-content\/uploads\/2019\/08\/1564581443281_edit2.jpg\"><img loading=\"lazy\" width=\"1000\" height=\"667\" src=\"https:\/\/www.uta.cl\/wp-content\/uploads\/2019\/08\/1564581443281_edit2.jpg\" alt=\"\" data-id=\"20384\" data-link=\"https:\/\/www.uta.cl\/?attachment_id=20384\" class=\"wp-image-20384\" srcset=\"https:\/\/www.uta.cl\/wp-content\/uploads\/2019\/08\/1564581443281_edit2.jpg 1000w, https:\/\/www.uta.cl\/wp-content\/uploads\/2019\/08\/1564581443281_edit2-300x200.jpg 300w, https:\/\/www.uta.cl\/wp-content\/uploads\/2019\/08\/1564581443281_edit2-768x512.jpg 768w\" sizes=\"(max-width: 1000px) 100vw, 1000px\" \/><\/a><\/figure><\/li><li class=\"blocks-gallery-item\"><figure><a href=\"https:\/\/www.uta.cl\/wp-content\/uploads\/2019\/08\/1564581606457_edit1.jpg\"><img loading=\"lazy\" width=\"1000\" height=\"616\" src=\"https:\/\/www.uta.cl\/wp-content\/uploads\/2019\/08\/1564581606457_edit1.jpg\" alt=\"\" data-id=\"20385\" data-link=\"https:\/\/www.uta.cl\/?attachment_id=20385\" class=\"wp-image-20385\" srcset=\"https:\/\/www.uta.cl\/wp-content\/uploads\/2019\/08\/1564581606457_edit1.jpg 1000w, https:\/\/www.uta.cl\/wp-content\/uploads\/2019\/08\/1564581606457_edit1-300x185.jpg 300w, https:\/\/www.uta.cl\/wp-content\/uploads\/2019\/08\/1564581606457_edit1-768x473.jpg 768w\" sizes=\"(max-width: 1000px) 100vw, 1000px\" \/><\/a><\/figure><\/li><\/ul>\n","protected":false},"excerpt":{"rendered":"<p>Vicerrectora de Desarrollo Estrat\u00e9gico present\u00f3 a la Universidad de Tarapac\u00e1 y expuso sobre el quehacer junto con las l\u00edneas de trabajo que despliega en las regiones en que est\u00e1 inserta, con un contexto general del Sistema de Educaci\u00f3n Superior en Chile y Latinoam\u00e9rica, reconociendo como uno de los objetivos principales la formaci\u00f3n de capital humano avanzado.<\/p>\n","protected":false},"author":1,"featured_media":20386,"comment_status":"open","ping_status":"open","sticky":false,"template":"","format":"standard","meta":[],"categories":[],"tags":[],"_links":{"self":[{"href":"https:\/\/www.uta.cl\/index.php\/wp-json\/wp\/v2\/posts\/20383"}],"collection":[{"href":"https:\/\/www.uta.cl\/index.php\/wp-json\/wp\/v2\/posts"}],"about":[{"href":"https:\/\/www.uta.cl\/index.php\/wp-json\/wp\/v2\/types\/post"}],"author":[{"embeddable":true,"href":"https:\/\/www.uta.cl\/index.php\/wp-json\/wp\/v2\/users\/1"}],"replies":[{"embeddable":true,"href":"https:\/\/www.uta.cl\/index.php\/wp-json\/wp\/v2\/comments?post=20383"}],"version-history":[{"count":1,"href":"https:\/\/www.uta.cl\/index.php\/wp-json\/wp\/v2\/posts\/20383\/revisions"}],"predecessor-version":[{"id":20387,"href":"https:\/\/www.uta.cl\/index.php\/wp-json\/wp\/v2\/posts\/20383\/revisions\/20387"}],"wp:featuredmedia":[{"embeddable":true,"href":"https:\/\/www.uta.cl\/index.php\/wp-json\/wp\/v2\/media\/20386"}],"wp:attachment":[{"href":"https:\/\/www.uta.cl\/index.php\/wp-json\/wp\/v2\/media?parent=20383"}],"wp:term":[{"taxonomy":"category","embeddable":true,"href":"https:\/\/www.uta.cl\/index.php\/wp-json\/wp\/v2\/categories?post=20383"},{"taxonomy":"post_tag","embeddable":true,"href":"https:\/\/www.uta.cl\/index.php\/wp-json\/wp\/v2\/tags?post=20383"}],"curies":[{"name":"wp","href":"https:\/\/api.w.org\/{rel}","templated":true}]}}