{"id":20273,"date":"2019-08-09T15:20:54","date_gmt":"2019-08-09T15:20:54","guid":{"rendered":"https:\/\/www.uta.cl\/?p=20273"},"modified":"2019-08-09T15:21:03","modified_gmt":"2019-08-09T15:21:03","slug":"facultad-de-ciencias-de-la-uta-abre-sus-puertas","status":"publish","type":"post","link":"https:\/\/www.uta.cl\/index.php\/2019\/08\/09\/facultad-de-ciencias-de-la-uta-abre-sus-puertas\/","title":{"rendered":"Facultad de Ciencias de la UTA abre sus puertas"},"content":{"rendered":"\n<p>Hace m\u00e1s de 30 a\u00f1os que tradicionalmente la Facultad de Ciencias de la Universidad de Tarapac\u00e1, invita durante un d\u00eda a estudiantes y p\u00fablico general, a que conozcan sobre las carreras que imparten, sus laboratorios y el trabajo cient\u00edfico que desarrollan en esta unidad. \u00bfC\u00f3mo naci\u00f3 esta apertura? \u201cPor la necesidad de la Facultad de abrirse a la comunidad, vincularse con los habitantes de la regi\u00f3n de Arica y Parinacota, pero en especial con su grupo etario m\u00e1s joven que viene de los establecimientos educacionales\u201d, se\u00f1ala el decano Hugo Bravo Azl\u00e1n.<\/p>\n\n\n\n<figure class=\"wp-block-image\"><img loading=\"lazy\" width=\"912\" height=\"608\" src=\"https:\/\/www.uta.cl\/wp-content\/uploads\/2019\/08\/DSC_0214.jpg\" alt=\"\" class=\"wp-image-20274\" srcset=\"https:\/\/www.uta.cl\/wp-content\/uploads\/2019\/08\/DSC_0214.jpg 912w, https:\/\/www.uta.cl\/wp-content\/uploads\/2019\/08\/DSC_0214-300x200.jpg 300w, https:\/\/www.uta.cl\/wp-content\/uploads\/2019\/08\/DSC_0214-768x512.jpg 768w\" sizes=\"(max-width: 912px) 100vw, 912px\" \/><\/figure>\n\n\n\n<p>En\nla Casa Abierta 2019, a la que llegan cada a\u00f1o miles de estudiantes,\nse podr\u00e1 conocer la infraestructura y los laboratorios de formaci\u00f3n\nen las cuatro \u00e1reas de ciencias b\u00e1sicas: biolog\u00eda, f\u00edsica,\nmatem\u00e1tica y qu\u00edmica. Los investigadores y docentes abrir\u00e1n sus\nlaboratorios para explicar la funci\u00f3n de cada equipo utilizado en su\ntrabajo y resolver\u00e1n las inquietudes de quienes les visiten en el\ncampus Vel\u00e1squez de la Universidad. \n<\/p>\n\n\n\n<p>El\ndecano indic\u00f3 que este a\u00f1o, adem\u00e1s de la programaci\u00f3n\ntradicional, se agregaron dos actividades, que cuentan con el apoyo\ndel proyecto Explora, una alianza que \u201choy d\u00eda es fundamental\u201d,\ndijo. Se trata del teatro cient\u00edfico, en que las obras van a\nrepresentar aspectos de la ciencia, especialmente de la bioqu\u00edmica,\nlo que, para el p\u00fablico asistente es m\u00e1s atractivo y se entiende\nmejor. \u201cLa bioqu\u00edmica est\u00e1 en todo, cuando usted se enfrenta a\nalguien, su cuerpo reacciona con atracci\u00f3n o rechazo. Cuando hay\namor, por ejemplo, se sabe que el coraz\u00f3n empieza a latir m\u00e1s\nfuerte, o sea, hay biolog\u00eda y qu\u00edmica en acci\u00f3n. Las personas\ntienen qu\u00edmica unas con otras, se dice com\u00fanmente as\u00ed; y es porque\nefectivamente es as\u00ed. Lo mismo pasa tambi\u00e9n con las personas en\ngeneral, a veces desconocen que la ciencia est\u00e1 en su entorno,\ncomparte su d\u00eda a d\u00eda, tel\u00e9fonos celulares, televisores,\nrefrigeradores, computadores, pintura para u\u00f1as, tintura u otros\nproductos para el cabello, alimentos de todo tipo, radiograf\u00edas,\nvacunas, etc, una lista infinita en que cada uno puede encontrar un\nejemplo m\u00e1s\u201d.<\/p>\n\n\n\n<p>\nEn\nel desarrollo de la Casa Abierta, se van a instalar espacios de caf\u00e9\npara conversar sobre las vivencias e inquietudes surgidas en esta\nvisita a la Facultad u otros temas relacionados. \u201cLa verdad que\nconversar junto a un caf\u00e9 siempre es bueno y provechoso\u201d, acota.<\/p>\n\n\n\n<p>La\nautoridad invit\u00f3 a que participe p\u00fablico general, empresarios y\nemprendedores de la regi\u00f3n, para que vean lo que la Facultad puede\nofrecer y ver posibilidades de generar nexos. \u201cCreo que nuestra\nfalencia como pa\u00eds en general es que nuestra investigaci\u00f3n no tiene\nla colaboraci\u00f3n de la empresa privada, en otras partes del mundo los\nprivados gu\u00edan las investigaciones y tienen sus propios centros de\ninvestigaci\u00f3n. La idea es hacer mucho m\u00e1s simbiosis, podr\u00edamos\nrealizar trabajos interesantes en conjunto\u201d.<\/p>\n\n\n\n<p>Respecto\na la actividad, la directora del proyecto Explora, M\u00f3nica Navarrete,\nmanifest\u00f3 que este trabajo conjunto con la Facultad, tiene como fin\nafianzar los nexos con la comunidad de Arica, y ofrecer la\noportunidad de que conozcan lo que hay m\u00e1s all\u00e1 de los delantales\nblancos de los cient\u00edficos. \u201cEstamos\napostando a que la comunidad de nuestra regi\u00f3n pueda participar el\nd\u00eda 29 de agosto en los conversatorios junto a un caf\u00e9, disfrute\nlas obras de teatro y conozca el tremendo equipo humano y tecnol\u00f3gico\nque existe en la Facultad de Ciencias\u201d.<\/p>\n","protected":false},"excerpt":{"rendered":"<p>El 29 de agosto, durante todo el d\u00eda se abrir\u00e1n las puertas de la Facultad de Ciencias de la Universidad de Tarapac\u00e1, para que estudiantes y p\u00fablico general asistan a conocer laboratorios, iniciativas de investigaci\u00f3n, ver obras de teatro y conversar un caf\u00e9.<\/p>\n","protected":false},"author":1,"featured_media":20274,"comment_status":"open","ping_status":"open","sticky":false,"template":"","format":"standard","meta":[],"categories":[51],"tags":[],"_links":{"self":[{"href":"https:\/\/www.uta.cl\/index.php\/wp-json\/wp\/v2\/posts\/20273"}],"collection":[{"href":"https:\/\/www.uta.cl\/index.php\/wp-json\/wp\/v2\/posts"}],"about":[{"href":"https:\/\/www.uta.cl\/index.php\/wp-json\/wp\/v2\/types\/post"}],"author":[{"embeddable":true,"href":"https:\/\/www.uta.cl\/index.php\/wp-json\/wp\/v2\/users\/1"}],"replies":[{"embeddable":true,"href":"https:\/\/www.uta.cl\/index.php\/wp-json\/wp\/v2\/comments?post=20273"}],"version-history":[{"count":1,"href":"https:\/\/www.uta.cl\/index.php\/wp-json\/wp\/v2\/posts\/20273\/revisions"}],"predecessor-version":[{"id":20275,"href":"https:\/\/www.uta.cl\/index.php\/wp-json\/wp\/v2\/posts\/20273\/revisions\/20275"}],"wp:featuredmedia":[{"embeddable":true,"href":"https:\/\/www.uta.cl\/index.php\/wp-json\/wp\/v2\/media\/20274"}],"wp:attachment":[{"href":"https:\/\/www.uta.cl\/index.php\/wp-json\/wp\/v2\/media?parent=20273"}],"wp:term":[{"taxonomy":"category","embeddable":true,"href":"https:\/\/www.uta.cl\/index.php\/wp-json\/wp\/v2\/categories?post=20273"},{"taxonomy":"post_tag","embeddable":true,"href":"https:\/\/www.uta.cl\/index.php\/wp-json\/wp\/v2\/tags?post=20273"}],"curies":[{"name":"wp","href":"https:\/\/api.w.org\/{rel}","templated":true}]}}