{"id":20201,"date":"2019-08-07T13:55:51","date_gmt":"2019-08-07T13:55:51","guid":{"rendered":"https:\/\/www.uta.cl\/?p=20201"},"modified":"2019-08-07T13:55:57","modified_gmt":"2019-08-07T13:55:57","slug":"en-el-mes-de-la-fotografia-se-inaugura-muestra-sobre-la-poblacion-indigena-del-norte-chileno-de-comienzos-del-siglo-xx","status":"publish","type":"post","link":"https:\/\/www.uta.cl\/index.php\/2019\/08\/07\/en-el-mes-de-la-fotografia-se-inaugura-muestra-sobre-la-poblacion-indigena-del-norte-chileno-de-comienzos-del-siglo-xx\/","title":{"rendered":"En el mes de la fotograf\u00eda se inaugura muestra sobre la Poblaci\u00f3n Ind\u00edgena del Norte Chileno de comienzos del siglo XX"},"content":{"rendered":"\n<p>El mes de Agosto se reconoce mundialmente como el \u201cmes de la fotograf\u00eda\u201d, conmemorando la patentaci\u00f3n del daguerrotipo como primitiva instancia de captura de la realidad en un soporte fijo, dando paso luego a una larga e inconclusa historia de la fotograf\u00eda y de la imagen.<\/p>\n\n\n\n<figure class=\"wp-block-image\"><a href=\"https:\/\/www.uta.cl\/wp-content\/uploads\/2019\/08\/nota.jpg\"><img loading=\"lazy\" width=\"1000\" height=\"750\" src=\"https:\/\/www.uta.cl\/wp-content\/uploads\/2019\/08\/nota.jpg\" alt=\"\" class=\"wp-image-20202\" srcset=\"https:\/\/www.uta.cl\/wp-content\/uploads\/2019\/08\/nota.jpg 1000w, https:\/\/www.uta.cl\/wp-content\/uploads\/2019\/08\/nota-300x225.jpg 300w, https:\/\/www.uta.cl\/wp-content\/uploads\/2019\/08\/nota-768x576.jpg 768w\" sizes=\"(max-width: 1000px) 100vw, 1000px\" \/><\/a><\/figure>\n\n\n\n<p>La\nrepresentaci\u00f3n fotogr\u00e1fica del norte grande chileno ha sido un\nelemento importante para la investigaci\u00f3n hist\u00f3rica y antropol\u00f3gica\nregional, siendo abordada por diversos proyectos de investigaci\u00f3n\nFONDECYT desarrollados principalmente por investigadores del\nDepartamento de Ciencias Hist\u00f3ricas y Geogr\u00e1ficas.<\/p>\n\n\n\n<p>Teniendo\ncomo respaldo los resultados de estas investigaciones se presenta la\nexposici\u00f3n <em>\u201cReportajes\ngr\u00e1ficos y alteridad en torno al ind\u00edgena de la nueva frontera\nnorte chilena (1905-1880)\u201d<\/em>,\nalojada en dependencias del quinto piso de Biblioteca Central.<\/p>\n\n\n\n<p>La\nmuestra expone la forma en que\nlas revistas magazinescas Zig-Zag y Sucesos, publicadas bajo el sello\neditorial Zig-Zag, entre 1905 y 1930, por medio de sus\nfotorreportajes, vehiculizaron ideas respecto de la sociedad y\nculturas ind\u00edgenas de la nueva frontera norte chilena, as\u00ed como de\nsu vecindad andina (surperuana y boliviana), cargadas de elementos y\njuicios valorativos negativos asociados al fuerte componente ind\u00edgena\nde la regi\u00f3n, contribuyendo a crear un imaginario pernicioso en\ntorno a estos, circulante en el Chile central post Guerra del\nPac\u00edfico (1879-1883).<\/p>\n\n\n\n<p>Para\nel acad\u00e9mico del Departamento de Ciencias Hist\u00f3ricas y Geogr\u00e1ficas,\nDr. Luis Galdames Rosas, Investigador Responsable del proyecto\nFONDECYT 1191869 patrocinante de la exposici\u00f3n, <em>\u201cla\ninvestigaci\u00f3n previa que antecede a la muestra, manifiesta que los\nmateriales existentes en las colecciones dependientes de la\nuniversidad (Archivo Hist\u00f3rico Vicente Dagnino y Colecci\u00f3n\nPatrimonial Alfredo Wormald), permiten generar nuevo saber y\nconocimiento; siendo un aspecto elemental para continuar con el\nquehacer investigativo en perspectiva historiogr\u00e1fica\u201d.<\/em><\/p>\n\n\n\n<p>El\ntambi\u00e9n acad\u00e9mico del departamento de Ciencias Hist\u00f3ricas y\nGeogr\u00e1ficas, Director del Sistema de Bibliotecas de nuestra\nuniversidad y responsable de la muestra, Dr. Rodrigo Ruz Zagal indic\u00f3\nque, <em>\u201cesta\nexposici\u00f3n invita a la reflexi\u00f3n en cuanto la forma como los medios\nde comunicaci\u00f3n a trav\u00e9s de la imagen y reportajes son capaces de\ngenerar  climas de opini\u00f3n frente a situaciones puntuales. Tomando\ncomo ejemplo la situaci\u00f3n hist\u00f3rica post guerra del Pac\u00edfico en\nnuestra regi\u00f3n, es posible afirmar que los medios de comunicaci\u00f3n\nchilenos colaboraron en la instalaci\u00f3n de ideas <\/em><em>operantes\nen las que predomin\u00f3 una supuesta superioridad chilena ante Per\u00fa y\nBolivia, representando negativamente la situaci\u00f3n ind\u00edgena que de\nacuerdo a los paradigmas modernizadores de la \u00e9poca, eran en parte\ncausante del retraso de los pa\u00edses vecinos y del \u201cnuevo norte\u201d\nchileno que -poseedor de un alto componente ind\u00ecgena- . Esta\nsituaci\u00f3n y representaci\u00f3n no es inocente. La fotograf\u00eda y los\nmedios, no son objetivos sino que son construcciones ideol\u00f3gicas,\nsituaci\u00f3n plenamente vigente y que supera la barrera del pasado, por\nlo que esta exposici\u00f3n plantea una situaci\u00f3n y problema muy\ncontingente\u201d.<\/em><\/p>\n\n\n\n<p>En\nla presentaci\u00f3n de la exposici\u00f3n tambi\u00e9n estuvo presente la Dra.\nen Historia, acad\u00e9mica de la Universidad Alberto Hurtado, Marisol\nPalma Behnke, quien ha desarrollado su trayectoria investigativa en\ntorno a la fotograf\u00eda y representaci\u00f3n de ind\u00ecgenas fueguinos a\npartir de la labor del sacerdote, explorador y etn\u00f3logo Mart\u00edn\nGusinde. La Dra. Palma destac\u00f3 \u201c<em>la\nimportancia de visibilizar a los pueblos originarios, considerando\nque la fotograf\u00eda es un elemento enunciativo que denota presencia en\nel territorio y hace que comunidades sub representadas, o\nabiertamente ausentes en los discursos hegem\u00f3nicos adquieran\nnotoriedad y sean consideradas en los grandes relatos e historia.\nIniciativas y exposiciones como esta, que no solo exponen im\u00e1genes,\nsino que contenidos e intrepretaci\u00f3n son muy necesarias para iniciar\ndiscusiones de mayor densidad\u201d,<\/em>\nse\u00f1al\u00f3.<\/p>\n\n\n\n<p>La\nexposici\u00f3n se mantendr\u00e1 de manera permanente en dependencias del\nquinto piso de Biblioteca Central, Campus Saucache.<\/p>\n","protected":false},"excerpt":{"rendered":"<p>Visita las colecciones hist\u00f3ricas y patrimoniales de la UTA, Quinto piso de Biblioteca Central <\/p>\n","protected":false},"author":1,"featured_media":20202,"comment_status":"open","ping_status":"open","sticky":false,"template":"","format":"standard","meta":[],"categories":[52,51],"tags":[],"_links":{"self":[{"href":"https:\/\/www.uta.cl\/index.php\/wp-json\/wp\/v2\/posts\/20201"}],"collection":[{"href":"https:\/\/www.uta.cl\/index.php\/wp-json\/wp\/v2\/posts"}],"about":[{"href":"https:\/\/www.uta.cl\/index.php\/wp-json\/wp\/v2\/types\/post"}],"author":[{"embeddable":true,"href":"https:\/\/www.uta.cl\/index.php\/wp-json\/wp\/v2\/users\/1"}],"replies":[{"embeddable":true,"href":"https:\/\/www.uta.cl\/index.php\/wp-json\/wp\/v2\/comments?post=20201"}],"version-history":[{"count":1,"href":"https:\/\/www.uta.cl\/index.php\/wp-json\/wp\/v2\/posts\/20201\/revisions"}],"predecessor-version":[{"id":20203,"href":"https:\/\/www.uta.cl\/index.php\/wp-json\/wp\/v2\/posts\/20201\/revisions\/20203"}],"wp:featuredmedia":[{"embeddable":true,"href":"https:\/\/www.uta.cl\/index.php\/wp-json\/wp\/v2\/media\/20202"}],"wp:attachment":[{"href":"https:\/\/www.uta.cl\/index.php\/wp-json\/wp\/v2\/media?parent=20201"}],"wp:term":[{"taxonomy":"category","embeddable":true,"href":"https:\/\/www.uta.cl\/index.php\/wp-json\/wp\/v2\/categories?post=20201"},{"taxonomy":"post_tag","embeddable":true,"href":"https:\/\/www.uta.cl\/index.php\/wp-json\/wp\/v2\/tags?post=20201"}],"curies":[{"name":"wp","href":"https:\/\/api.w.org\/{rel}","templated":true}]}}