{"id":20123,"date":"2019-08-05T19:05:06","date_gmt":"2019-08-05T19:05:06","guid":{"rendered":"https:\/\/www.uta.cl\/?p=20123"},"modified":"2019-08-05T19:05:11","modified_gmt":"2019-08-05T19:05:11","slug":"uta-certifica-a-30-estudiantes-de-ingenieria-civil-industrial-e-ingenieria-comercial-en-diploma-en-liderazgo-y-gerencia-de-ventas","status":"publish","type":"post","link":"https:\/\/www.uta.cl\/index.php\/2019\/08\/05\/uta-certifica-a-30-estudiantes-de-ingenieria-civil-industrial-e-ingenieria-comercial-en-diploma-en-liderazgo-y-gerencia-de-ventas\/","title":{"rendered":"UTA certifica a 30 estudiantes de Ingenier\u00eda Civil Industrial e Ingenier\u00eda Comercial en Diploma en Liderazgo y Gerencia de Ventas"},"content":{"rendered":"\n<p>30 alumnos de las carreras de Ingenier\u00eda Comercial e Ingenier\u00eda Industrial de la Universidad de Tarapac\u00e1, cursaron desde el 25 al 31 de julio el \u201cDiploma en Liderazgo y Gerencia de Ventas, una perspectiva emp\u00edrica\u201d, cuyo objetivo fue entregar a los alumnos las herramientas y el conocimiento, para que desde la perspectiva del modelo G VP+, conozcan el \u00e1mbito de acci\u00f3n de la Gerencia de Ventas, sus responsabilidades y los recursos que dispone, para alcanzar el alto rendimiento: vender un 30% m\u00e1s que aquel nivel de ventas, que entrega una rentabilidad del 15%, sin aumentar el gasto ni la inversi\u00f3n.<\/p>\n\n\n\n<figure class=\"wp-block-image\"><a href=\"https:\/\/www.uta.cl\/wp-content\/uploads\/2019\/08\/foto-principal-nota-1.jpg\"><img loading=\"lazy\" width=\"1000\" height=\"601\" src=\"https:\/\/www.uta.cl\/wp-content\/uploads\/2019\/08\/foto-principal-nota-1.jpg\" alt=\"\" class=\"wp-image-20134\" srcset=\"https:\/\/www.uta.cl\/wp-content\/uploads\/2019\/08\/foto-principal-nota-1.jpg 1000w, https:\/\/www.uta.cl\/wp-content\/uploads\/2019\/08\/foto-principal-nota-1-300x180.jpg 300w, https:\/\/www.uta.cl\/wp-content\/uploads\/2019\/08\/foto-principal-nota-1-768x462.jpg 768w\" sizes=\"(max-width: 1000px) 100vw, 1000px\" \/><\/a><\/figure>\n\n\n\n<p>El\ndiploma fue organizado por la Vicerrector\u00eda Acad\u00e9mica de esta Casa\nde Estudios Superiores, a trav\u00e9s de los jefes de carrera de\nIngenier\u00eda Industrial, David Catari Vargas y de Ingenier\u00eda\nComercial, Mar\u00eda Cristina Alfred. Dictado por el acad\u00e9mico de la\nPontificia Universidad Cat\u00f3lica de Chile, Marcos Leal Osorio, quien\nen 5 m\u00f3dulos entreg\u00f3 las herramientas para que los alumnos pudiesen\naprender a dirigir la Gerencia de Ventas, ejerciendo un estilo de\nliderazgo denominado  Positivo y de Tiempo Presente por GVP+, a\ngestionar la Gerencia de Ventas, contrayendo y desplegando la\nPantalla de Acci\u00f3n de GVP+ y gestionar la Gerencia de Ventas,\ndise\u00f1ando y ejecutando cuatro Modelos de Acci\u00f3n GVP+, completando\nun total de 45 horas cronol\u00f3gicas de clases<\/p>\n\n\n\n<p>Para\nel acad\u00e9mico quien dict\u00f3 el diploma Marcos Leal Osorio, destac\u00f3 la\nparticipaci\u00f3n de los alumnos explicando que el diploma, \u201cen lo\nformal se trat\u00f3 de ense\u00f1ar un modelo de gesti\u00f3n en cuanto al\nejercicio del liderazgo espec\u00edficamente en la gerencia de ventas, y\nen lo esencial se trat\u00f3 de acercar a los alumnos de los \u00faltimos\na\u00f1os de las carreras de ingenier\u00eda, a la realidad que necesitan las\nempresas de un profesional t\u00e9cnicamente preparado y con herramientas\npara tomar decisiones eficientes\u201d. \n<\/p>\n\n\n\n<p>En\ntanto, el jefe de carrera de Ingenier\u00eda Industrial, David Catari,\nse\u00f1al\u00f3 que este curso permiti\u00f3 contar con un grupo de 15 alumnos\nde Ingenier\u00eda Civil Industrial y  15 de Ingenier\u00eda Comercial,\nseleccionados en funci\u00f3n de la base curricular y el rendimiento\nacad\u00e9mico,\npara\nrecibir esta primera versi\u00f3n del diploma que en funci\u00f3n de los\nresultados que los alumnos presentaron en sus trabajos y\npresentaciones, dieron cuenta del logro de los objetivos. \u201cComo\njefe de carrera estoy bastante agradado por la oportunidad que se dio\nen esta ocasi\u00f3n de poder contar con la calidad de un relator como es\nel acad\u00e9mico Marcos Leal, quien tiene m\u00e1s de 20 a\u00f1os de\ntrayectoria en cargos de importancia en lo que es gerencia de ventas\nen empresas importantes en el mercado. El programa se desarroll\u00f3 en\nforma intensiva en este per\u00edodo de vacaciones de invierno de los\nalumnos, quienes me han comentado que ha sido de muy buen provecho el\ntiempo invertido en ello, la manera t\u00e1ctica en funci\u00f3n de casos\nreales que el profesor les imparti\u00f3 fue de mucho reconocimiento y\nvalor, y desde luego se alinea bastante con nuestro perfil de egreso\nde Ingenier\u00eda Civil Industrial para los efectos de la formaci\u00f3n que\nqueremos dar a nuestros alumnos\u201d. \n<\/p>\n\n\n\n<p>Por\nsu parte, Javiera Betancur, alumna de quinto a\u00f1o de Ingenier\u00eda\nCivil Industrial, expres\u00f3 que el curso, \u201cfue intensivo porque\nten\u00eda mucha informaci\u00f3n importante que se complement\u00f3 con los\nconocimientos que ten\u00edamos por la carrera. El profesor fue muy\npr\u00e1ctico dentro de la teor\u00eda donde su experiencia fue la clave\nlogr\u00f3 que el curso fuera muy did\u00e1ctico y participativo. Estoy feliz\nde haber realizado el curso donde me llevo mucha experiencia y que\nespero poner en pr\u00e1ctica en los ramos que me quedan\u201d. \n<\/p>\n\n\n\n<p>El\n\u201cDiploma en Liderazgo y Gerencia de Ventas, una perspectiva\nemp\u00edrica\u201d, se contempla realizarlo dos veces al a\u00f1o, en la misma\nmodalidad terminando el semestre acad\u00e9mico.<\/p>\n\n\n\n<ul class=\"wp-block-gallery columns-3 is-cropped\"><li class=\"blocks-gallery-item\"><figure><a href=\"https:\/\/www.uta.cl\/wp-content\/uploads\/2019\/08\/000_DSC_4069.jpg\"><img loading=\"lazy\" width=\"1000\" height=\"666\" src=\"https:\/\/www.uta.cl\/wp-content\/uploads\/2019\/08\/000_DSC_4069.jpg\" alt=\"\" data-id=\"20133\" data-link=\"https:\/\/www.uta.cl\/?attachment_id=20133\" class=\"wp-image-20133\" srcset=\"https:\/\/www.uta.cl\/wp-content\/uploads\/2019\/08\/000_DSC_4069.jpg 1000w, https:\/\/www.uta.cl\/wp-content\/uploads\/2019\/08\/000_DSC_4069-300x200.jpg 300w, https:\/\/www.uta.cl\/wp-content\/uploads\/2019\/08\/000_DSC_4069-768x511.jpg 768w\" sizes=\"(max-width: 1000px) 100vw, 1000px\" \/><\/a><\/figure><\/li><li class=\"blocks-gallery-item\"><figure><a href=\"https:\/\/www.uta.cl\/wp-content\/uploads\/2019\/08\/000_DSC_4063.jpg\"><img loading=\"lazy\" width=\"1000\" height=\"666\" src=\"https:\/\/www.uta.cl\/wp-content\/uploads\/2019\/08\/000_DSC_4063.jpg\" alt=\"\" data-id=\"20132\" data-link=\"https:\/\/www.uta.cl\/?attachment_id=20132\" class=\"wp-image-20132\" srcset=\"https:\/\/www.uta.cl\/wp-content\/uploads\/2019\/08\/000_DSC_4063.jpg 1000w, https:\/\/www.uta.cl\/wp-content\/uploads\/2019\/08\/000_DSC_4063-300x200.jpg 300w, https:\/\/www.uta.cl\/wp-content\/uploads\/2019\/08\/000_DSC_4063-768x511.jpg 768w\" sizes=\"(max-width: 1000px) 100vw, 1000px\" \/><\/a><\/figure><\/li><li class=\"blocks-gallery-item\"><figure><a href=\"https:\/\/www.uta.cl\/wp-content\/uploads\/2019\/08\/000_DSC_4059.jpg\"><img loading=\"lazy\" width=\"1000\" height=\"666\" src=\"https:\/\/www.uta.cl\/wp-content\/uploads\/2019\/08\/000_DSC_4059.jpg\" alt=\"\" data-id=\"20131\" data-link=\"https:\/\/www.uta.cl\/?attachment_id=20131\" class=\"wp-image-20131\" srcset=\"https:\/\/www.uta.cl\/wp-content\/uploads\/2019\/08\/000_DSC_4059.jpg 1000w, https:\/\/www.uta.cl\/wp-content\/uploads\/2019\/08\/000_DSC_4059-300x200.jpg 300w, https:\/\/www.uta.cl\/wp-content\/uploads\/2019\/08\/000_DSC_4059-768x511.jpg 768w\" sizes=\"(max-width: 1000px) 100vw, 1000px\" \/><\/a><\/figure><\/li><li class=\"blocks-gallery-item\"><figure><a href=\"https:\/\/www.uta.cl\/wp-content\/uploads\/2019\/08\/000_DSC_4058.jpg\"><img loading=\"lazy\" width=\"1000\" height=\"666\" src=\"https:\/\/www.uta.cl\/wp-content\/uploads\/2019\/08\/000_DSC_4058.jpg\" alt=\"\" data-id=\"20130\" data-link=\"https:\/\/www.uta.cl\/?attachment_id=20130\" class=\"wp-image-20130\" srcset=\"https:\/\/www.uta.cl\/wp-content\/uploads\/2019\/08\/000_DSC_4058.jpg 1000w, https:\/\/www.uta.cl\/wp-content\/uploads\/2019\/08\/000_DSC_4058-300x200.jpg 300w, https:\/\/www.uta.cl\/wp-content\/uploads\/2019\/08\/000_DSC_4058-768x511.jpg 768w\" sizes=\"(max-width: 1000px) 100vw, 1000px\" \/><\/a><\/figure><\/li><li class=\"blocks-gallery-item\"><figure><a href=\"https:\/\/www.uta.cl\/wp-content\/uploads\/2019\/08\/000_DSC_4055.jpg\"><img loading=\"lazy\" width=\"1000\" height=\"666\" src=\"https:\/\/www.uta.cl\/wp-content\/uploads\/2019\/08\/000_DSC_4055.jpg\" alt=\"\" data-id=\"20129\" data-link=\"https:\/\/www.uta.cl\/?attachment_id=20129\" class=\"wp-image-20129\" srcset=\"https:\/\/www.uta.cl\/wp-content\/uploads\/2019\/08\/000_DSC_4055.jpg 1000w, https:\/\/www.uta.cl\/wp-content\/uploads\/2019\/08\/000_DSC_4055-300x200.jpg 300w, https:\/\/www.uta.cl\/wp-content\/uploads\/2019\/08\/000_DSC_4055-768x511.jpg 768w\" sizes=\"(max-width: 1000px) 100vw, 1000px\" \/><\/a><\/figure><\/li><li class=\"blocks-gallery-item\"><figure><a href=\"https:\/\/www.uta.cl\/wp-content\/uploads\/2019\/08\/000_DSC_4050.jpg\"><img loading=\"lazy\" width=\"1000\" height=\"666\" src=\"https:\/\/www.uta.cl\/wp-content\/uploads\/2019\/08\/000_DSC_4050.jpg\" alt=\"\" data-id=\"20128\" data-link=\"https:\/\/www.uta.cl\/?attachment_id=20128\" class=\"wp-image-20128\" srcset=\"https:\/\/www.uta.cl\/wp-content\/uploads\/2019\/08\/000_DSC_4050.jpg 1000w, https:\/\/www.uta.cl\/wp-content\/uploads\/2019\/08\/000_DSC_4050-300x200.jpg 300w, https:\/\/www.uta.cl\/wp-content\/uploads\/2019\/08\/000_DSC_4050-768x511.jpg 768w\" sizes=\"(max-width: 1000px) 100vw, 1000px\" \/><\/a><\/figure><\/li><li class=\"blocks-gallery-item\"><figure><a href=\"https:\/\/www.uta.cl\/wp-content\/uploads\/2019\/08\/000_DSC_4047.jpg\"><img loading=\"lazy\" width=\"1000\" height=\"666\" src=\"https:\/\/www.uta.cl\/wp-content\/uploads\/2019\/08\/000_DSC_4047.jpg\" alt=\"\" data-id=\"20127\" data-link=\"https:\/\/www.uta.cl\/?attachment_id=20127\" class=\"wp-image-20127\" srcset=\"https:\/\/www.uta.cl\/wp-content\/uploads\/2019\/08\/000_DSC_4047.jpg 1000w, https:\/\/www.uta.cl\/wp-content\/uploads\/2019\/08\/000_DSC_4047-300x200.jpg 300w, https:\/\/www.uta.cl\/wp-content\/uploads\/2019\/08\/000_DSC_4047-768x511.jpg 768w\" sizes=\"(max-width: 1000px) 100vw, 1000px\" \/><\/a><\/figure><\/li><li class=\"blocks-gallery-item\"><figure><a href=\"https:\/\/www.uta.cl\/wp-content\/uploads\/2019\/08\/000_DSC_4039-683x1024.jpg\"><img loading=\"lazy\" width=\"683\" height=\"1024\" src=\"https:\/\/www.uta.cl\/wp-content\/uploads\/2019\/08\/000_DSC_4039-683x1024.jpg\" alt=\"\" data-id=\"20126\" data-link=\"https:\/\/www.uta.cl\/?attachment_id=20126\" class=\"wp-image-20126\" srcset=\"https:\/\/www.uta.cl\/wp-content\/uploads\/2019\/08\/000_DSC_4039-683x1024.jpg 683w, https:\/\/www.uta.cl\/wp-content\/uploads\/2019\/08\/000_DSC_4039-200x300.jpg 200w, https:\/\/www.uta.cl\/wp-content\/uploads\/2019\/08\/000_DSC_4039-768x1152.jpg 768w, https:\/\/www.uta.cl\/wp-content\/uploads\/2019\/08\/000_DSC_4039.jpg 1000w\" sizes=\"(max-width: 683px) 100vw, 683px\" \/><\/a><\/figure><\/li><li class=\"blocks-gallery-item\"><figure><a href=\"https:\/\/www.uta.cl\/wp-content\/uploads\/2019\/08\/000_DSC_4037.jpg\"><img loading=\"lazy\" width=\"1000\" height=\"666\" src=\"https:\/\/www.uta.cl\/wp-content\/uploads\/2019\/08\/000_DSC_4037.jpg\" alt=\"\" data-id=\"20125\" data-link=\"https:\/\/www.uta.cl\/?attachment_id=20125\" class=\"wp-image-20125\" srcset=\"https:\/\/www.uta.cl\/wp-content\/uploads\/2019\/08\/000_DSC_4037.jpg 1000w, https:\/\/www.uta.cl\/wp-content\/uploads\/2019\/08\/000_DSC_4037-300x200.jpg 300w, https:\/\/www.uta.cl\/wp-content\/uploads\/2019\/08\/000_DSC_4037-768x511.jpg 768w\" sizes=\"(max-width: 1000px) 100vw, 1000px\" \/><\/a><\/figure><\/li><li class=\"blocks-gallery-item\"><figure><a href=\"https:\/\/www.uta.cl\/wp-content\/uploads\/2019\/08\/000_DSC_4035.jpg\"><img loading=\"lazy\" width=\"1000\" height=\"666\" src=\"https:\/\/www.uta.cl\/wp-content\/uploads\/2019\/08\/000_DSC_4035.jpg\" alt=\"\" data-id=\"20124\" data-link=\"https:\/\/www.uta.cl\/?attachment_id=20124\" class=\"wp-image-20124\" srcset=\"https:\/\/www.uta.cl\/wp-content\/uploads\/2019\/08\/000_DSC_4035.jpg 1000w, https:\/\/www.uta.cl\/wp-content\/uploads\/2019\/08\/000_DSC_4035-300x200.jpg 300w, https:\/\/www.uta.cl\/wp-content\/uploads\/2019\/08\/000_DSC_4035-768x511.jpg 768w\" sizes=\"(max-width: 1000px) 100vw, 1000px\" \/><\/a><\/figure><\/li><\/ul>\n","protected":false},"excerpt":{"rendered":"<p>Dictado por acad\u00e9mico de la Pontificia Universidad Cat\u00f3lica de Chile, el ingeniero Comercial, Marcos Leal Osorio a 15 estudiantes de Ingenier\u00eda Civil Industrial y 15 estudiantes de Ingenier\u00eda Comercial, seleccionados en funci\u00f3n de la base curricular y el rendimiento acad\u00e9mico.<\/p>\n","protected":false},"author":1,"featured_media":20134,"comment_status":"open","ping_status":"open","sticky":false,"template":"","format":"standard","meta":[],"categories":[],"tags":[],"_links":{"self":[{"href":"https:\/\/www.uta.cl\/index.php\/wp-json\/wp\/v2\/posts\/20123"}],"collection":[{"href":"https:\/\/www.uta.cl\/index.php\/wp-json\/wp\/v2\/posts"}],"about":[{"href":"https:\/\/www.uta.cl\/index.php\/wp-json\/wp\/v2\/types\/post"}],"author":[{"embeddable":true,"href":"https:\/\/www.uta.cl\/index.php\/wp-json\/wp\/v2\/users\/1"}],"replies":[{"embeddable":true,"href":"https:\/\/www.uta.cl\/index.php\/wp-json\/wp\/v2\/comments?post=20123"}],"version-history":[{"count":1,"href":"https:\/\/www.uta.cl\/index.php\/wp-json\/wp\/v2\/posts\/20123\/revisions"}],"predecessor-version":[{"id":20135,"href":"https:\/\/www.uta.cl\/index.php\/wp-json\/wp\/v2\/posts\/20123\/revisions\/20135"}],"wp:featuredmedia":[{"embeddable":true,"href":"https:\/\/www.uta.cl\/index.php\/wp-json\/wp\/v2\/media\/20134"}],"wp:attachment":[{"href":"https:\/\/www.uta.cl\/index.php\/wp-json\/wp\/v2\/media?parent=20123"}],"wp:term":[{"taxonomy":"category","embeddable":true,"href":"https:\/\/www.uta.cl\/index.php\/wp-json\/wp\/v2\/categories?post=20123"},{"taxonomy":"post_tag","embeddable":true,"href":"https:\/\/www.uta.cl\/index.php\/wp-json\/wp\/v2\/tags?post=20123"}],"curies":[{"name":"wp","href":"https:\/\/api.w.org\/{rel}","templated":true}]}}