{"id":20108,"date":"2019-08-05T17:13:50","date_gmt":"2019-08-05T17:13:50","guid":{"rendered":"https:\/\/www.uta.cl\/?p=20108"},"modified":"2019-08-05T20:39:00","modified_gmt":"2019-08-05T20:39:00","slug":"superintendencia-de-educacion-y-la-universidad-de-tarapaca-realizan-cuarto-seminario-de-ciberbullying","status":"publish","type":"post","link":"https:\/\/www.uta.cl\/index.php\/2019\/08\/05\/superintendencia-de-educacion-y-la-universidad-de-tarapaca-realizan-cuarto-seminario-de-ciberbullying\/","title":{"rendered":"Superintendencia de Educaci\u00f3n y la Universidad de Tarapac\u00e1 realizan cuarto seminario de Ciberbullying"},"content":{"rendered":"\n<p>En el Aula Magna del campus Vel\u00e1squez de la Universidad de Tarapac\u00e1, se llev\u00f3 a cabo el Cuarto Seminario Regional de Ciberbullying \u201cUn problema real en el mundo virtual\u201d, actividad de vital importancia para el mejoramiento de la convivencia escolar en las comunidades educativas de los establecimientos educacionales de la Regi\u00f3n de Arica y Parinacota.  <\/p>\n\n\n\n<figure class=\"wp-block-image\"><img loading=\"lazy\" width=\"1000\" height=\"644\" src=\"https:\/\/www.uta.cl\/wp-content\/uploads\/2019\/08\/foto-principal-nota.jpg\" alt=\"\" class=\"wp-image-20121\" srcset=\"https:\/\/www.uta.cl\/wp-content\/uploads\/2019\/08\/foto-principal-nota.jpg 1000w, https:\/\/www.uta.cl\/wp-content\/uploads\/2019\/08\/foto-principal-nota-300x193.jpg 300w, https:\/\/www.uta.cl\/wp-content\/uploads\/2019\/08\/foto-principal-nota-768x495.jpg 768w\" sizes=\"(max-width: 1000px) 100vw, 1000px\" \/><\/figure>\n\n\n\n<p>\nLa\nactividad, fue inaugurada por el rector (S) de la Universidad de\nTarapac\u00e1, Dr. Alfonso D\u00edaz Aguad y el superintendente de Educaci\u00f3n\n(s), Cristi\u00e1n O\u2019Ryan Squella, quienes estuvieron acompa\u00f1ados por\nla seremi de Educaci\u00f3n, Lorena Ventura V\u00e1squez, el director\nregional de la Superintendencia de Educaci\u00f3n, \u00c1lvaro Arriagada\nCancino y el director de Extensi\u00f3n y Vinculaci\u00f3n con el Medio de la\nUTA, Sergio Medina Parra, adem\u00e1s de contar con la presencia de\nprofesores y directores de establecimientos educacionales de la\nregi\u00f3n y alumnos de esa Casa de Estudios Superiores, entre otros.<\/p>\n\n\n\n<p>\n\u201cPara\nnuestra Universidad es muy importante participar en la organizaci\u00f3n\nde este Cuarto Seminario Regional de Ciberbullying, realizado en\nconjunto con la Superintendencia de Educaci\u00f3n, al cual agradecemos\nformar parte de esta iniciativa la cual consideramos fundamental en\nel contexto que vivimos en el mundo de hoy. Este seminario est\u00e1\norientado a profundizar tem\u00e1ticas relevantes con la comunidad\neducativa y otros actores interesados en ella, con la finalidad de\npotenciar\ne impulsar acciones encaminadas al combate del ciberbullying, el\nmaltrato escolar, la deserci\u00f3n escolar y a apoyar la diversidad, la\nno discriminaci\u00f3n y la educaci\u00f3n no sexista, a todos los niveles\njunto con promover los estudios y presentaciones de ciberbullying\nconocidos en el seminario en las carreras de pedagog\u00edas de nuestra\nUniversidad\u201d, destac\u00f3 la m\u00e1xima autoridad universitaria.<\/p>\n\n\n\n<p>\nAgreg\u00f3\nque, \u201cesperamos como\nUniversidad que este seminario nos permita avanzar y poder detectar a\ntiempo el desarrollo de este tipo de pr\u00e1cticas nocivas en nuestros\nestudiantes y evitar hechos lamentables que han ocurrido en nuestro\npa\u00eds en estos \u00faltimos a\u00f1os y que a la vez sea un aporte relevante\nen el desarrollo, conocimiento y experiencia para nuestra comunidad\neducativa de la Regi\u00f3n de Arica y Parinacota\u201d, expres\u00f3 el Rector\n(s), Dr. Alfonso D\u00edaz Aguad.<\/p>\n\n\n\n<p>\nPor\nsu parte el superintendente de Educaci\u00f3n (s), Cristi\u00e1n O\u2019Ryan\nSquella, se\u00f1al\u00f3 que, \u201cpara nosotros, como Superintendencia de\nEducaci\u00f3n, los temas de maltrato a estudiantes y de convivencia\nescolar, sobre todo los que tienen relaci\u00f3n con el acoso a trav\u00e9s\nde medios digitales, nos preocupan de manera especial. Es por eso\nque, el a\u00f1o pasado, lanzamos una Circular de Reglamento Interno que\nobliga a los establecimientos a actualizar sus protocolos e incluir\nmedidas preventivas en temas como el ciberbullying\u201d, dijo la\nautoridad.<\/p>\n\n\n\n<p>\nAsimismo\nindic\u00f3 que dentro de las acciones que est\u00e1 llevando a cabo la\ninstituci\u00f3n, se encuentra la campa\u00f1a #YoAprendoQueHacer, esto es\nuna serie de programas, que se transmiten v\u00eda streaming, donde el\nsuperintendente (s) conversa con un experto y ambos entregan\nherramientas \u00fatiles a sostenedores, directores, docentes, padres y\napoderados sobre la aplicaci\u00f3n de medidas formativas, haciendo\n\u00e9nfasis en casos de cyberbullying. \n<\/p>\n\n\n\n<p>\nDurante\nel seminario, el superintendente (s) O\u2019Ryan realiz\u00f3 la\npresentaci\u00f3n \u201cGesti\u00f3n de denuncias: Una nueva mirada basada en\nDerechos\u201d, donde explic\u00f3 el nuevo enfoque que la instituci\u00f3n est\u00e1\naplicando en este tipo de materias. Tambi\u00e9n expusieron en el\nencuentro, el doctor en psicolog\u00eda, Cristi\u00e1n Pinto Cortez,\nacad\u00e9mico e investigador de la Escuela de Psicolog\u00eda y Filosof\u00eda\nde la Universidad de Tarapac\u00e1, quien realiz\u00f3 la presentaci\u00f3n\n\u201cCiberbullying y otras formas de violencia contra ni\u00f1os, ni\u00f1as y\nadolescentes en el mundo virtual\u201d, para finalizar con la exposici\u00f3n\ndel subcomisario Ramiro P\u00e9rez de la PDI, con el tema, \u201cCiberbullying\ny responsabilidad penal adolescente\u201d. \n<\/p>\n\n\n\n<p>\n<strong>SALUDO\nPROTOCOLAR<\/strong><\/p>\n\n\n\n<p>\nPreviamente\na la inauguraci\u00f3n de este importante seminario de ciberbullying, el\nsuperintendente de Educaci\u00f3n, Cristi\u00e1n O\u2019Ryan Squella, sostuvo un\nencuentro con el Rector (S) de la Universidad de Tarapac\u00e1, Dr.\nAlfonso D\u00edaz Aguad, con la finalidad de entregar su saludo\nprotocolar y agradecer toda la colaboraci\u00f3n para la puesta en marcha\nde este importante seminario y continuar con el trabajo en con junto\nentre ambas instituciones. \n<\/p>\n\n\n\n<ul class=\"wp-block-gallery columns-3 is-cropped\"><li class=\"blocks-gallery-item\"><figure><img loading=\"lazy\" width=\"1000\" height=\"644\" src=\"https:\/\/www.uta.cl\/wp-content\/uploads\/2019\/08\/foto-principal-nota.jpg\" alt=\"\" data-id=\"20121\" data-link=\"https:\/\/www.uta.cl\/?attachment_id=20121\" class=\"wp-image-20121\" srcset=\"https:\/\/www.uta.cl\/wp-content\/uploads\/2019\/08\/foto-principal-nota.jpg 1000w, https:\/\/www.uta.cl\/wp-content\/uploads\/2019\/08\/foto-principal-nota-300x193.jpg 300w, https:\/\/www.uta.cl\/wp-content\/uploads\/2019\/08\/foto-principal-nota-768x495.jpg 768w\" sizes=\"(max-width: 1000px) 100vw, 1000px\" \/><\/figure><\/li><li class=\"blocks-gallery-item\"><figure><img loading=\"lazy\" width=\"1000\" height=\"750\" src=\"https:\/\/www.uta.cl\/wp-content\/uploads\/2019\/08\/000000_seminario2.jpg\" alt=\"\" data-id=\"20120\" data-link=\"https:\/\/www.uta.cl\/?attachment_id=20120\" class=\"wp-image-20120\" srcset=\"https:\/\/www.uta.cl\/wp-content\/uploads\/2019\/08\/000000_seminario2.jpg 1000w, https:\/\/www.uta.cl\/wp-content\/uploads\/2019\/08\/000000_seminario2-300x225.jpg 300w, https:\/\/www.uta.cl\/wp-content\/uploads\/2019\/08\/000000_seminario2-768x576.jpg 768w\" sizes=\"(max-width: 1000px) 100vw, 1000px\" \/><\/figure><\/li><li class=\"blocks-gallery-item\"><figure><img loading=\"lazy\" width=\"1000\" height=\"666\" src=\"https:\/\/www.uta.cl\/wp-content\/uploads\/2019\/08\/000000_DSC_3909.jpg\" alt=\"\" data-id=\"20119\" data-link=\"https:\/\/www.uta.cl\/?attachment_id=20119\" class=\"wp-image-20119\" srcset=\"https:\/\/www.uta.cl\/wp-content\/uploads\/2019\/08\/000000_DSC_3909.jpg 1000w, https:\/\/www.uta.cl\/wp-content\/uploads\/2019\/08\/000000_DSC_3909-300x200.jpg 300w, https:\/\/www.uta.cl\/wp-content\/uploads\/2019\/08\/000000_DSC_3909-768x511.jpg 768w\" sizes=\"(max-width: 1000px) 100vw, 1000px\" \/><\/figure><\/li><li class=\"blocks-gallery-item\"><figure><img loading=\"lazy\" width=\"1000\" height=\"666\" src=\"https:\/\/www.uta.cl\/wp-content\/uploads\/2019\/08\/000000_DSC_3906.jpg\" alt=\"\" data-id=\"20118\" data-link=\"https:\/\/www.uta.cl\/?attachment_id=20118\" class=\"wp-image-20118\" srcset=\"https:\/\/www.uta.cl\/wp-content\/uploads\/2019\/08\/000000_DSC_3906.jpg 1000w, https:\/\/www.uta.cl\/wp-content\/uploads\/2019\/08\/000000_DSC_3906-300x200.jpg 300w, https:\/\/www.uta.cl\/wp-content\/uploads\/2019\/08\/000000_DSC_3906-768x511.jpg 768w\" sizes=\"(max-width: 1000px) 100vw, 1000px\" \/><\/figure><\/li><li class=\"blocks-gallery-item\"><figure><img loading=\"lazy\" width=\"1000\" height=\"666\" src=\"https:\/\/www.uta.cl\/wp-content\/uploads\/2019\/08\/000000_DSC_3902.jpg\" alt=\"\" data-id=\"20117\" data-link=\"https:\/\/www.uta.cl\/?attachment_id=20117\" class=\"wp-image-20117\" srcset=\"https:\/\/www.uta.cl\/wp-content\/uploads\/2019\/08\/000000_DSC_3902.jpg 1000w, https:\/\/www.uta.cl\/wp-content\/uploads\/2019\/08\/000000_DSC_3902-300x200.jpg 300w, https:\/\/www.uta.cl\/wp-content\/uploads\/2019\/08\/000000_DSC_3902-768x511.jpg 768w\" sizes=\"(max-width: 1000px) 100vw, 1000px\" \/><\/figure><\/li><li class=\"blocks-gallery-item\"><figure><img loading=\"lazy\" width=\"1000\" height=\"666\" src=\"https:\/\/www.uta.cl\/wp-content\/uploads\/2019\/08\/000000_DSC_3893.jpg\" alt=\"\" data-id=\"20116\" data-link=\"https:\/\/www.uta.cl\/?attachment_id=20116\" class=\"wp-image-20116\" srcset=\"https:\/\/www.uta.cl\/wp-content\/uploads\/2019\/08\/000000_DSC_3893.jpg 1000w, https:\/\/www.uta.cl\/wp-content\/uploads\/2019\/08\/000000_DSC_3893-300x200.jpg 300w, https:\/\/www.uta.cl\/wp-content\/uploads\/2019\/08\/000000_DSC_3893-768x511.jpg 768w\" sizes=\"(max-width: 1000px) 100vw, 1000px\" \/><\/figure><\/li><li class=\"blocks-gallery-item\"><figure><img loading=\"lazy\" width=\"1000\" height=\"666\" src=\"https:\/\/www.uta.cl\/wp-content\/uploads\/2019\/08\/000000_DSC_3880.jpg\" alt=\"\" data-id=\"20115\" data-link=\"https:\/\/www.uta.cl\/?attachment_id=20115\" class=\"wp-image-20115\" srcset=\"https:\/\/www.uta.cl\/wp-content\/uploads\/2019\/08\/000000_DSC_3880.jpg 1000w, https:\/\/www.uta.cl\/wp-content\/uploads\/2019\/08\/000000_DSC_3880-300x200.jpg 300w, https:\/\/www.uta.cl\/wp-content\/uploads\/2019\/08\/000000_DSC_3880-768x511.jpg 768w\" sizes=\"(max-width: 1000px) 100vw, 1000px\" \/><\/figure><\/li><li class=\"blocks-gallery-item\"><figure><img loading=\"lazy\" width=\"1000\" height=\"666\" src=\"https:\/\/www.uta.cl\/wp-content\/uploads\/2019\/08\/000000_DSC_3872.jpg\" alt=\"\" data-id=\"20114\" data-link=\"https:\/\/www.uta.cl\/?attachment_id=20114\" class=\"wp-image-20114\" srcset=\"https:\/\/www.uta.cl\/wp-content\/uploads\/2019\/08\/000000_DSC_3872.jpg 1000w, https:\/\/www.uta.cl\/wp-content\/uploads\/2019\/08\/000000_DSC_3872-300x200.jpg 300w, https:\/\/www.uta.cl\/wp-content\/uploads\/2019\/08\/000000_DSC_3872-768x511.jpg 768w\" sizes=\"(max-width: 1000px) 100vw, 1000px\" \/><\/figure><\/li><li class=\"blocks-gallery-item\"><figure><img loading=\"lazy\" width=\"1000\" height=\"666\" src=\"https:\/\/www.uta.cl\/wp-content\/uploads\/2019\/08\/000000_DSC_3855.jpg\" alt=\"\" data-id=\"20113\" data-link=\"https:\/\/www.uta.cl\/?attachment_id=20113\" class=\"wp-image-20113\" srcset=\"https:\/\/www.uta.cl\/wp-content\/uploads\/2019\/08\/000000_DSC_3855.jpg 1000w, https:\/\/www.uta.cl\/wp-content\/uploads\/2019\/08\/000000_DSC_3855-300x200.jpg 300w, https:\/\/www.uta.cl\/wp-content\/uploads\/2019\/08\/000000_DSC_3855-768x511.jpg 768w\" sizes=\"(max-width: 1000px) 100vw, 1000px\" \/><\/figure><\/li><li class=\"blocks-gallery-item\"><figure><img loading=\"lazy\" width=\"1000\" height=\"666\" src=\"https:\/\/www.uta.cl\/wp-content\/uploads\/2019\/08\/000000_DSC_3854.jpg\" alt=\"\" data-id=\"20112\" data-link=\"https:\/\/www.uta.cl\/?attachment_id=20112\" class=\"wp-image-20112\" srcset=\"https:\/\/www.uta.cl\/wp-content\/uploads\/2019\/08\/000000_DSC_3854.jpg 1000w, https:\/\/www.uta.cl\/wp-content\/uploads\/2019\/08\/000000_DSC_3854-300x200.jpg 300w, https:\/\/www.uta.cl\/wp-content\/uploads\/2019\/08\/000000_DSC_3854-768x511.jpg 768w\" sizes=\"(max-width: 1000px) 100vw, 1000px\" \/><\/figure><\/li><li class=\"blocks-gallery-item\"><figure><img loading=\"lazy\" width=\"1000\" height=\"666\" src=\"https:\/\/www.uta.cl\/wp-content\/uploads\/2019\/08\/000000_DSC_3828.jpg\" alt=\"\" data-id=\"20111\" data-link=\"https:\/\/www.uta.cl\/?attachment_id=20111\" class=\"wp-image-20111\" srcset=\"https:\/\/www.uta.cl\/wp-content\/uploads\/2019\/08\/000000_DSC_3828.jpg 1000w, https:\/\/www.uta.cl\/wp-content\/uploads\/2019\/08\/000000_DSC_3828-300x200.jpg 300w, https:\/\/www.uta.cl\/wp-content\/uploads\/2019\/08\/000000_DSC_3828-768x511.jpg 768w\" sizes=\"(max-width: 1000px) 100vw, 1000px\" \/><\/figure><\/li><li class=\"blocks-gallery-item\"><figure><img loading=\"lazy\" width=\"1000\" height=\"838\" src=\"https:\/\/www.uta.cl\/wp-content\/uploads\/2019\/08\/000000_1234.jpg\" alt=\"\" data-id=\"20110\" data-link=\"https:\/\/www.uta.cl\/?attachment_id=20110\" class=\"wp-image-20110\" srcset=\"https:\/\/www.uta.cl\/wp-content\/uploads\/2019\/08\/000000_1234.jpg 1000w, https:\/\/www.uta.cl\/wp-content\/uploads\/2019\/08\/000000_1234-300x251.jpg 300w, https:\/\/www.uta.cl\/wp-content\/uploads\/2019\/08\/000000_1234-768x644.jpg 768w\" sizes=\"(max-width: 1000px) 100vw, 1000px\" \/><\/figure><\/li><li class=\"blocks-gallery-item\"><figure><img loading=\"lazy\" width=\"1000\" height=\"750\" src=\"https:\/\/www.uta.cl\/wp-content\/uploads\/2019\/08\/000000_111.jpg\" alt=\"\" data-id=\"20109\" data-link=\"https:\/\/www.uta.cl\/?attachment_id=20109\" class=\"wp-image-20109\" srcset=\"https:\/\/www.uta.cl\/wp-content\/uploads\/2019\/08\/000000_111.jpg 1000w, https:\/\/www.uta.cl\/wp-content\/uploads\/2019\/08\/000000_111-300x225.jpg 300w, https:\/\/www.uta.cl\/wp-content\/uploads\/2019\/08\/000000_111-768x576.jpg 768w\" sizes=\"(max-width: 1000px) 100vw, 1000px\" \/><\/figure><\/li><\/ul>\n","protected":false},"excerpt":{"rendered":"<p>La actividad convoc\u00f3 a 250 participantes entre autoridades regionales, universitarias, directores y profesores de establecimientos educacionales de la regi\u00f3n y alumnos de la Universidad de Tarapac\u00e1. <\/p>\n","protected":false},"author":1,"featured_media":20121,"comment_status":"open","ping_status":"open","sticky":false,"template":"","format":"standard","meta":[],"categories":[],"tags":[],"_links":{"self":[{"href":"https:\/\/www.uta.cl\/index.php\/wp-json\/wp\/v2\/posts\/20108"}],"collection":[{"href":"https:\/\/www.uta.cl\/index.php\/wp-json\/wp\/v2\/posts"}],"about":[{"href":"https:\/\/www.uta.cl\/index.php\/wp-json\/wp\/v2\/types\/post"}],"author":[{"embeddable":true,"href":"https:\/\/www.uta.cl\/index.php\/wp-json\/wp\/v2\/users\/1"}],"replies":[{"embeddable":true,"href":"https:\/\/www.uta.cl\/index.php\/wp-json\/wp\/v2\/comments?post=20108"}],"version-history":[{"count":1,"href":"https:\/\/www.uta.cl\/index.php\/wp-json\/wp\/v2\/posts\/20108\/revisions"}],"predecessor-version":[{"id":20122,"href":"https:\/\/www.uta.cl\/index.php\/wp-json\/wp\/v2\/posts\/20108\/revisions\/20122"}],"wp:featuredmedia":[{"embeddable":true,"href":"https:\/\/www.uta.cl\/index.php\/wp-json\/wp\/v2\/media\/20121"}],"wp:attachment":[{"href":"https:\/\/www.uta.cl\/index.php\/wp-json\/wp\/v2\/media?parent=20108"}],"wp:term":[{"taxonomy":"category","embeddable":true,"href":"https:\/\/www.uta.cl\/index.php\/wp-json\/wp\/v2\/categories?post=20108"},{"taxonomy":"post_tag","embeddable":true,"href":"https:\/\/www.uta.cl\/index.php\/wp-json\/wp\/v2\/tags?post=20108"}],"curies":[{"name":"wp","href":"https:\/\/api.w.org\/{rel}","templated":true}]}}