{"id":20074,"date":"2019-08-02T19:15:45","date_gmt":"2019-08-02T19:15:45","guid":{"rendered":"https:\/\/www.uta.cl\/?p=20074"},"modified":"2019-08-05T20:38:34","modified_gmt":"2019-08-05T20:38:34","slug":"escuela-empresarial-femenina-del-centro-de-desarrollo-de-negocios-que-opera-en-la-uta-certifica-a-52-mujeres-emprendedoras","status":"publish","type":"post","link":"https:\/\/www.uta.cl\/index.php\/2019\/08\/02\/escuela-empresarial-femenina-del-centro-de-desarrollo-de-negocios-que-opera-en-la-uta-certifica-a-52-mujeres-emprendedoras\/","title":{"rendered":"Escuela Empresarial Femenina del Centro de Desarrollo de Negocios que opera en la UTA, certifica a 52 mujeres emprendedoras"},"content":{"rendered":"\n<p>Los Centros de Desarrollo de Negocios de Sercotec, est\u00e1n llamados a ser la principal fuente de asesor\u00eda t\u00e9cnica gratuita y de largo plazo para las empresas de menor tama\u00f1o del pa\u00eds, adem\u00e1s de ser definidos como espacios inclusivos y accesibles para diversos grupos de empresarios y empresarias, emprendedores y emprendedoras, incluidas las personas con capacidades diferentes y pueblos originarios.<\/p>\n\n\n\n<figure class=\"wp-block-image\"><a href=\"https:\/\/www.uta.cl\/wp-content\/uploads\/2019\/08\/0000_DSC_3682.jpg\"><img loading=\"lazy\" width=\"1000\" height=\"666\" src=\"https:\/\/www.uta.cl\/wp-content\/uploads\/2019\/08\/0000_DSC_3682.jpg\" alt=\"\" class=\"wp-image-20091\" srcset=\"https:\/\/www.uta.cl\/wp-content\/uploads\/2019\/08\/0000_DSC_3682.jpg 1000w, https:\/\/www.uta.cl\/wp-content\/uploads\/2019\/08\/0000_DSC_3682-300x200.jpg 300w, https:\/\/www.uta.cl\/wp-content\/uploads\/2019\/08\/0000_DSC_3682-768x511.jpg 768w\" sizes=\"(max-width: 1000px) 100vw, 1000px\" \/><\/a><\/figure>\n\n\n\n<p>Asimismo,\ndestaca el enfoque de g\u00e9nero, cuyo objetivo es fortalecer y\ndesarrollar las caracter\u00edsticas propias de las mujeres, facilitando\nsu incorporaci\u00f3n y desempe\u00f1o en el trabajo independiente,\ncontrarrestando aquellas variables que dificultan su acceso y\ndesarrollo en este \u00e1mbito. \n<\/p>\n\n\n\n<p>En\neste contexto destaca la Escuela Empresarial Femenina, busca\npotenciar la viabilidad de los emprendimientos y empresas lideradas\npor mujeres, entendiendo viabilidad como la capacidad empresarial que\nbusca mantener una existencia separada y aut\u00f3noma, que se potencie\nas\u00ed misma y a la vez fortalezca y mejore su entorno de vida. \n<\/p>\n\n\n\n<p>Es\nas\u00ed que el pasado jueves 25 de julio, la tercera versi\u00f3n de la\nEscuela Empresarial Femenina del Centro de Negocios que opera en la\nUniversidad de Tarapac\u00e1 y financiado por Sercotec, realiz\u00f3 la\nceremonia de clausura certificando a 52 mujeres emprendedoras de la\nregi\u00f3n. \n<\/p>\n\n\n\n<p>\u201cHablar\ndesde una Universidad p\u00fablica y del Estado, de temas de\nemprendimiento, de desarrollo de negocios y de un programa exitoso\nacreditado, ya entrado en su cuarto a\u00f1o de operaci\u00f3n junto al\nGobierno de Chile a trav\u00e9s de Sercotec, es realmente un privilegio.\nEs una herramienta muy virtuosa que nos conecta con un entorno\nproductivo de emprendedoras y emprendedores de nuestra regi\u00f3n que\noriginal y tradicionalmente para las universidades no es com\u00fan. Por\ntanto, esto es un desaf\u00edo importante y que se ha asumido con mucho\ncompromiso y cuyo programa es reconocido a nivel nacional por el\n\u00e9xito que ha tenido en el pa\u00eds y en nuestra regi\u00f3n y porque\nadem\u00e1s, para la Universidad de Tarapac\u00e1, instituci\u00f3n que ha\nasumido desde el inicio esta iniciativa. Adem\u00e1s de los n\u00fameros que\nson muy exitosos, el volumen de ventas que ha tenido el Centro se ha\nincrementado en los \u00faltimos a\u00f1os, demostrando la vitalidad de este\nejercicio de relaci\u00f3n y de vinculaci\u00f3n con el medio bidireccional,\ncoordinado desde la Universidad\u201d, fueron las palabras de inicio de\nla ceremonia del Director de Extensi\u00f3n y Vinculaci\u00f3n con el Medio,\nSergio Medina Parra.<\/p>\n\n\n\n<p>Destac\u00f3\nadem\u00e1s que, \u201cestas instancias permiten adem\u00e1s de instalar\ncapacidades en la gente y particularmente hoy en d\u00eda en mujeres\nemprendedoras acompa\u00f1adas de la Escuela Empresarial Femenina, que\nhoy concluye con la entrega de las certificaciones a 52 de ustedes\nque han logrado un porcentaje de asistencia y un rendimiento\nadecuado, recoge una alianza muy virtuosa con otros organismos de\ngobierno como Prodemu y Sernameg, por tanto, las redes sobre las\ncuales se va afianzando la relaci\u00f3n con la cual la Universidad\nconstruye asociatividad, son fundamentales\u201d. \n<\/p>\n\n\n\n<p>En\ntanto, Alicia Quispe Delgado, Directora de la Fundaci\u00f3n para la\nPromoci\u00f3n y Desarrollo de la Mujer, Prodemu, entreg\u00f3 sus palabras\nde felicitaciones indicando que, \u201cme es muy grato estar en esta\nceremonia tan significativa, porque ha sido un tremendo desaf\u00edo y en\nese sentido la Fundaci\u00f3n tiene como objetivo el empoderamiento para\nlograr una autonom\u00eda econ\u00f3mica, cuyas \u00e1reas contemplan un espacio\ninformativo, asociativo y participativo. Este espacio ha sido\nfundamental donde cada una de ustedes, durante este per\u00edodo han\nrecibido las capacitaciones en forma integral, donde a trav\u00e9s de un\nconvenio con el Centro de Desarrollo de Negocios y Sercotec nos\npermite a nosotros poder entregarles las herramientas necesarias que\nhoy ustedes est\u00e1n recibiendo. Hoy ustedes est\u00e1n en condiciones de\npoder salir al mundo, de seguir fortaleciendo su emprendimiento que\ncada una tiene\u201d. \n<\/p>\n\n\n\n<p>La\nceremonia prosigui\u00f3 con las palabras de la Directora del Centro de\nDesarrollo de Negocios Sercotec Arica, Catalina Arriagada Vergara,\nquien present\u00f3 un resumen de lo que fue la ejecuci\u00f3n de la tercera\nversi\u00f3n de la Escuela Empresarial Femenina 2019. \u201cconcluimos esta\netapa donde los objetivos de esta Escuela es fortalecer y desarrollar\nlas caracter\u00edsticas propias de las mujeres emprendedoras y\nempresarias, facilitando su incorporaci\u00f3n y desempe\u00f1o en el trabajo\nindependiente, contrarrestando aquellas variables que dificultan su\nacceso y desarrollo en esta \u00e1rea\u201d. \n<\/p>\n\n\n\n<p>Agreg\u00f3\nque, \u201cfueron dos meses intensos. La escuela contempl\u00f3 4 m\u00f3dulos\ncon 15 clases y 75 horas en total, permitiendo que m\u00e1s de 80 mujeres\nemprendedoras y empresarias invitadas de Prodemu, Sernameg y Centro\nde Desarrollo de Negocios aportaron en esta oportunidad, junto con la\ncolaboraci\u00f3n de relatores para los m\u00f3dulos de gesti\u00f3n y cultura\norganizacional; desarrollo comunicacional; desarrollo empresarial y\ndesarrollo t\u00e9cnico espec\u00edfico, permitiendo adquirir las condiciones\nnecesarias para el desarrollo de emprendimientos y empresas\nestablecidas con alto potencial y viabilidad\u201d. \n<\/p>\n\n\n\n<p>El\nacto prosigui\u00f3 con la entrega de los certificados a las alumnas que\ncumplieron con el porcentaje de asistencia requerido para obtener la\nacreditaci\u00f3n de su participaci\u00f3n en esta tercera versi\u00f3n de la\nEscuela Empresarial Femenina del Centro de Negocios Sercotec Arica. \n<\/p>\n\n\n\n<p>En\nrepresentaci\u00f3n de las alumnas de la Escuela Empresarial Femenina\n2019, Am\u00e9rica Ajata Choque expres\u00f3: \u201ces un honor para m\u00ed estar\nfrente a ustedes en calidad de alumna. Quiero agradecer al Centro de\nDesarrollo de Negocios Sercotec, a la Fundaci\u00f3n Prodemu, a la\nUniversidad de Tarapac\u00e1 y a todos quienes han hecho posible realizar\nesta Escuela Empresarial orientadas a las mujeres emprendedoras y\nempresarias de la Regi\u00f3n de Arica y Parinacota. Quiero agradecer\nnuevamente a los profesionales que nos han entregado sus\nconocimientos de manera sencilla y comprensible para nosotras, de\nforma din\u00e1mica y did\u00e1ctica. Ha sido para nosotras importante esta\nescuela porque podemos desarrollar nuestras ideas de negocio y\ntambi\u00e9n fortalecer, las condiciones de las que ya se encuentran con\nun negocio o un emprendimiento en camino o ya funcionando\u201d. \n<\/p>\n\n\n\n<p>\u201cEl\nemprendimiento femenino no es f\u00e1cil, muchas veces debemos hacer\ncoincidir tiempos de mam\u00e1, due\u00f1as de casa, trabajadoras y de todo\nlo que tenemos que hacer en nuestras vidas cotidianas junto con las\nganas de emprender, el esfuerzo por querer desarrollarnos como\npersonas de manera independiente, es lo que nos hace estar aqu\u00ed,\nestando hoy certific\u00e1ndonos en esta escuela, cumpliendo una nueva\nmeta en este camino del emprendimiento\u201d, expres\u00f3 la alumna Am\u00e9rica\nAjata. \n<\/p>\n\n\n\n<p>Finalmente\nel Director Regional de Sercotec, Christian \u00c1lvarez Mancilla,\ndestac\u00f3 el rol de la mujer emprendedora: \u201cel 37% de los hogares en\nArica tiene cara de mujer, es decir, hay una mujer al frente de un\nhogar con todo lo que eso significa y muchas veces esa condici\u00f3n de\nser jefa de hogar, les lleva a la mujer adem\u00e1s a tener una tasa de\nocupaci\u00f3n laboral muy baja, porque muchas veces la mujer no puede\nenfrentar o tener la oportunidad de asumir un trabajo normal y\nformal, y esa puerta que se cierra nos lleva a abrir otra gran\npuerta, que es la puerta del emprendimiento\u201d. \n<\/p>\n\n\n\n<p>Igualmente\nse\u00f1al\u00f3 que, \u201cen Arica hay 82% trabajando, de esa cifra el 25%\nlleva el sustento a sus hogares a trav\u00e9s de una iniciativa propia,\nconvirti\u00e9ndose en una gran oportunidad para ustedes. Lo importante\nde este curso es comprender que este es un camino que tiene muchas\nexpectativas que nunca se cierran. Ustedes representan una fuerte\nesperanza y reservorio para el servicio de cooperaci\u00f3n t\u00e9cnica. Les\nagradezco humildemente porque han llegado hasta el final y espero que\nesta no sea la \u00faltima actividad que las conecte con Sercotec y\nespero que el pr\u00f3ximo a\u00f1o muchas de ustedes puedan estar siendo\nparte de los casos exitosos que nosotros tenemos\u201d. \n<\/p>\n\n\n\n<ul class=\"wp-block-gallery columns-3 is-cropped\"><li class=\"blocks-gallery-item\"><figure><img loading=\"lazy\" width=\"1000\" height=\"666\" src=\"https:\/\/www.uta.cl\/wp-content\/uploads\/2019\/08\/0000_DSC_3686.jpg\" alt=\"\" data-id=\"20092\" data-link=\"https:\/\/www.uta.cl\/?attachment_id=20092\" class=\"wp-image-20092\" srcset=\"https:\/\/www.uta.cl\/wp-content\/uploads\/2019\/08\/0000_DSC_3686.jpg 1000w, https:\/\/www.uta.cl\/wp-content\/uploads\/2019\/08\/0000_DSC_3686-300x200.jpg 300w, https:\/\/www.uta.cl\/wp-content\/uploads\/2019\/08\/0000_DSC_3686-768x511.jpg 768w\" sizes=\"(max-width: 1000px) 100vw, 1000px\" \/><\/figure><\/li><li class=\"blocks-gallery-item\"><figure><img loading=\"lazy\" width=\"1000\" height=\"666\" src=\"https:\/\/www.uta.cl\/wp-content\/uploads\/2019\/08\/0000_DSC_3676.jpg\" alt=\"\" data-id=\"20090\" data-link=\"https:\/\/www.uta.cl\/?attachment_id=20090\" class=\"wp-image-20090\" srcset=\"https:\/\/www.uta.cl\/wp-content\/uploads\/2019\/08\/0000_DSC_3676.jpg 1000w, https:\/\/www.uta.cl\/wp-content\/uploads\/2019\/08\/0000_DSC_3676-300x200.jpg 300w, https:\/\/www.uta.cl\/wp-content\/uploads\/2019\/08\/0000_DSC_3676-768x511.jpg 768w\" sizes=\"(max-width: 1000px) 100vw, 1000px\" \/><\/figure><\/li><li class=\"blocks-gallery-item\"><figure><img loading=\"lazy\" width=\"1000\" height=\"666\" src=\"https:\/\/www.uta.cl\/wp-content\/uploads\/2019\/08\/0000_DSC_3669.jpg\" alt=\"\" data-id=\"20089\" data-link=\"https:\/\/www.uta.cl\/?attachment_id=20089\" class=\"wp-image-20089\" srcset=\"https:\/\/www.uta.cl\/wp-content\/uploads\/2019\/08\/0000_DSC_3669.jpg 1000w, https:\/\/www.uta.cl\/wp-content\/uploads\/2019\/08\/0000_DSC_3669-300x200.jpg 300w, https:\/\/www.uta.cl\/wp-content\/uploads\/2019\/08\/0000_DSC_3669-768x511.jpg 768w\" sizes=\"(max-width: 1000px) 100vw, 1000px\" \/><\/figure><\/li><li class=\"blocks-gallery-item\"><figure><img loading=\"lazy\" width=\"1000\" height=\"666\" src=\"https:\/\/www.uta.cl\/wp-content\/uploads\/2019\/08\/0000_DSC_3658.jpg\" alt=\"\" data-id=\"20088\" data-link=\"https:\/\/www.uta.cl\/?attachment_id=20088\" class=\"wp-image-20088\" srcset=\"https:\/\/www.uta.cl\/wp-content\/uploads\/2019\/08\/0000_DSC_3658.jpg 1000w, https:\/\/www.uta.cl\/wp-content\/uploads\/2019\/08\/0000_DSC_3658-300x200.jpg 300w, https:\/\/www.uta.cl\/wp-content\/uploads\/2019\/08\/0000_DSC_3658-768x511.jpg 768w\" sizes=\"(max-width: 1000px) 100vw, 1000px\" \/><\/figure><\/li><li class=\"blocks-gallery-item\"><figure><img loading=\"lazy\" width=\"1000\" height=\"666\" src=\"https:\/\/www.uta.cl\/wp-content\/uploads\/2019\/08\/0000_DSC_3654.jpg\" alt=\"\" data-id=\"20087\" data-link=\"https:\/\/www.uta.cl\/?attachment_id=20087\" class=\"wp-image-20087\" srcset=\"https:\/\/www.uta.cl\/wp-content\/uploads\/2019\/08\/0000_DSC_3654.jpg 1000w, https:\/\/www.uta.cl\/wp-content\/uploads\/2019\/08\/0000_DSC_3654-300x200.jpg 300w, https:\/\/www.uta.cl\/wp-content\/uploads\/2019\/08\/0000_DSC_3654-768x511.jpg 768w\" sizes=\"(max-width: 1000px) 100vw, 1000px\" \/><\/figure><\/li><li class=\"blocks-gallery-item\"><figure><img loading=\"lazy\" width=\"1000\" height=\"666\" src=\"https:\/\/www.uta.cl\/wp-content\/uploads\/2019\/08\/0000_DSC_3649.jpg\" alt=\"\" data-id=\"20086\" data-link=\"https:\/\/www.uta.cl\/?attachment_id=20086\" class=\"wp-image-20086\" srcset=\"https:\/\/www.uta.cl\/wp-content\/uploads\/2019\/08\/0000_DSC_3649.jpg 1000w, https:\/\/www.uta.cl\/wp-content\/uploads\/2019\/08\/0000_DSC_3649-300x200.jpg 300w, https:\/\/www.uta.cl\/wp-content\/uploads\/2019\/08\/0000_DSC_3649-768x511.jpg 768w\" sizes=\"(max-width: 1000px) 100vw, 1000px\" \/><\/figure><\/li><li class=\"blocks-gallery-item\"><figure><img loading=\"lazy\" width=\"1000\" height=\"666\" src=\"https:\/\/www.uta.cl\/wp-content\/uploads\/2019\/08\/0000_DSC_3648.jpg\" alt=\"\" data-id=\"20085\" data-link=\"https:\/\/www.uta.cl\/?attachment_id=20085\" class=\"wp-image-20085\" srcset=\"https:\/\/www.uta.cl\/wp-content\/uploads\/2019\/08\/0000_DSC_3648.jpg 1000w, https:\/\/www.uta.cl\/wp-content\/uploads\/2019\/08\/0000_DSC_3648-300x200.jpg 300w, https:\/\/www.uta.cl\/wp-content\/uploads\/2019\/08\/0000_DSC_3648-768x511.jpg 768w\" sizes=\"(max-width: 1000px) 100vw, 1000px\" \/><\/figure><\/li><li class=\"blocks-gallery-item\"><figure><img loading=\"lazy\" width=\"1000\" height=\"666\" src=\"https:\/\/www.uta.cl\/wp-content\/uploads\/2019\/08\/0000_DSC_3642.jpg\" alt=\"\" data-id=\"20084\" data-link=\"https:\/\/www.uta.cl\/?attachment_id=20084\" class=\"wp-image-20084\" srcset=\"https:\/\/www.uta.cl\/wp-content\/uploads\/2019\/08\/0000_DSC_3642.jpg 1000w, https:\/\/www.uta.cl\/wp-content\/uploads\/2019\/08\/0000_DSC_3642-300x200.jpg 300w, https:\/\/www.uta.cl\/wp-content\/uploads\/2019\/08\/0000_DSC_3642-768x511.jpg 768w\" sizes=\"(max-width: 1000px) 100vw, 1000px\" \/><\/figure><\/li><li class=\"blocks-gallery-item\"><figure><img loading=\"lazy\" width=\"1000\" height=\"666\" src=\"https:\/\/www.uta.cl\/wp-content\/uploads\/2019\/08\/0000_DSC_3637.jpg\" alt=\"\" data-id=\"20083\" data-link=\"https:\/\/www.uta.cl\/?attachment_id=20083\" class=\"wp-image-20083\" srcset=\"https:\/\/www.uta.cl\/wp-content\/uploads\/2019\/08\/0000_DSC_3637.jpg 1000w, https:\/\/www.uta.cl\/wp-content\/uploads\/2019\/08\/0000_DSC_3637-300x200.jpg 300w, https:\/\/www.uta.cl\/wp-content\/uploads\/2019\/08\/0000_DSC_3637-768x511.jpg 768w\" sizes=\"(max-width: 1000px) 100vw, 1000px\" \/><\/figure><\/li><li class=\"blocks-gallery-item\"><figure><img loading=\"lazy\" width=\"1000\" height=\"666\" src=\"https:\/\/www.uta.cl\/wp-content\/uploads\/2019\/08\/0000_DSC_3629.jpg\" alt=\"\" data-id=\"20082\" data-link=\"https:\/\/www.uta.cl\/?attachment_id=20082\" class=\"wp-image-20082\" srcset=\"https:\/\/www.uta.cl\/wp-content\/uploads\/2019\/08\/0000_DSC_3629.jpg 1000w, https:\/\/www.uta.cl\/wp-content\/uploads\/2019\/08\/0000_DSC_3629-300x200.jpg 300w, https:\/\/www.uta.cl\/wp-content\/uploads\/2019\/08\/0000_DSC_3629-768x511.jpg 768w\" sizes=\"(max-width: 1000px) 100vw, 1000px\" \/><\/figure><\/li><li class=\"blocks-gallery-item\"><figure><img loading=\"lazy\" width=\"1000\" height=\"666\" src=\"https:\/\/www.uta.cl\/wp-content\/uploads\/2019\/08\/0000_DSC_3623.jpg\" alt=\"\" data-id=\"20081\" data-link=\"https:\/\/www.uta.cl\/?attachment_id=20081\" class=\"wp-image-20081\" srcset=\"https:\/\/www.uta.cl\/wp-content\/uploads\/2019\/08\/0000_DSC_3623.jpg 1000w, https:\/\/www.uta.cl\/wp-content\/uploads\/2019\/08\/0000_DSC_3623-300x200.jpg 300w, https:\/\/www.uta.cl\/wp-content\/uploads\/2019\/08\/0000_DSC_3623-768x511.jpg 768w\" sizes=\"(max-width: 1000px) 100vw, 1000px\" \/><\/figure><\/li><li class=\"blocks-gallery-item\"><figure><img loading=\"lazy\" width=\"1000\" height=\"666\" src=\"https:\/\/www.uta.cl\/wp-content\/uploads\/2019\/08\/0000_DSC_3614.jpg\" alt=\"\" data-id=\"20080\" data-link=\"https:\/\/www.uta.cl\/?attachment_id=20080\" class=\"wp-image-20080\" srcset=\"https:\/\/www.uta.cl\/wp-content\/uploads\/2019\/08\/0000_DSC_3614.jpg 1000w, https:\/\/www.uta.cl\/wp-content\/uploads\/2019\/08\/0000_DSC_3614-300x200.jpg 300w, https:\/\/www.uta.cl\/wp-content\/uploads\/2019\/08\/0000_DSC_3614-768x511.jpg 768w\" sizes=\"(max-width: 1000px) 100vw, 1000px\" \/><\/figure><\/li><li class=\"blocks-gallery-item\"><figure><img loading=\"lazy\" width=\"1000\" height=\"666\" src=\"https:\/\/www.uta.cl\/wp-content\/uploads\/2019\/08\/0000_DSC_3610.jpg\" alt=\"\" data-id=\"20079\" data-link=\"https:\/\/www.uta.cl\/?attachment_id=20079\" class=\"wp-image-20079\" srcset=\"https:\/\/www.uta.cl\/wp-content\/uploads\/2019\/08\/0000_DSC_3610.jpg 1000w, https:\/\/www.uta.cl\/wp-content\/uploads\/2019\/08\/0000_DSC_3610-300x200.jpg 300w, https:\/\/www.uta.cl\/wp-content\/uploads\/2019\/08\/0000_DSC_3610-768x511.jpg 768w\" sizes=\"(max-width: 1000px) 100vw, 1000px\" \/><\/figure><\/li><li class=\"blocks-gallery-item\"><figure><img loading=\"lazy\" width=\"1000\" height=\"666\" src=\"https:\/\/www.uta.cl\/wp-content\/uploads\/2019\/08\/0000_DSC_3609.jpg\" alt=\"\" data-id=\"20078\" data-link=\"https:\/\/www.uta.cl\/?attachment_id=20078\" class=\"wp-image-20078\" srcset=\"https:\/\/www.uta.cl\/wp-content\/uploads\/2019\/08\/0000_DSC_3609.jpg 1000w, https:\/\/www.uta.cl\/wp-content\/uploads\/2019\/08\/0000_DSC_3609-300x200.jpg 300w, https:\/\/www.uta.cl\/wp-content\/uploads\/2019\/08\/0000_DSC_3609-768x511.jpg 768w\" sizes=\"(max-width: 1000px) 100vw, 1000px\" \/><\/figure><\/li><li class=\"blocks-gallery-item\"><figure><img loading=\"lazy\" width=\"1000\" height=\"666\" src=\"https:\/\/www.uta.cl\/wp-content\/uploads\/2019\/08\/0000_DSC_3605.jpg\" alt=\"\" data-id=\"20077\" data-link=\"https:\/\/www.uta.cl\/?attachment_id=20077\" class=\"wp-image-20077\" srcset=\"https:\/\/www.uta.cl\/wp-content\/uploads\/2019\/08\/0000_DSC_3605.jpg 1000w, https:\/\/www.uta.cl\/wp-content\/uploads\/2019\/08\/0000_DSC_3605-300x200.jpg 300w, https:\/\/www.uta.cl\/wp-content\/uploads\/2019\/08\/0000_DSC_3605-768x511.jpg 768w\" sizes=\"(max-width: 1000px) 100vw, 1000px\" \/><\/figure><\/li><li class=\"blocks-gallery-item\"><figure><img loading=\"lazy\" width=\"1000\" height=\"666\" src=\"https:\/\/www.uta.cl\/wp-content\/uploads\/2019\/08\/0000_DSC_3604.jpg\" alt=\"\" data-id=\"20076\" data-link=\"https:\/\/www.uta.cl\/?attachment_id=20076\" class=\"wp-image-20076\" srcset=\"https:\/\/www.uta.cl\/wp-content\/uploads\/2019\/08\/0000_DSC_3604.jpg 1000w, https:\/\/www.uta.cl\/wp-content\/uploads\/2019\/08\/0000_DSC_3604-300x200.jpg 300w, https:\/\/www.uta.cl\/wp-content\/uploads\/2019\/08\/0000_DSC_3604-768x511.jpg 768w\" sizes=\"(max-width: 1000px) 100vw, 1000px\" \/><\/figure><\/li><li class=\"blocks-gallery-item\"><figure><img loading=\"lazy\" width=\"1000\" height=\"666\" src=\"https:\/\/www.uta.cl\/wp-content\/uploads\/2019\/08\/0000_DSC_3603.jpg\" alt=\"\" data-id=\"20075\" data-link=\"https:\/\/www.uta.cl\/?attachment_id=20075\" class=\"wp-image-20075\" srcset=\"https:\/\/www.uta.cl\/wp-content\/uploads\/2019\/08\/0000_DSC_3603.jpg 1000w, https:\/\/www.uta.cl\/wp-content\/uploads\/2019\/08\/0000_DSC_3603-300x200.jpg 300w, https:\/\/www.uta.cl\/wp-content\/uploads\/2019\/08\/0000_DSC_3603-768x511.jpg 768w\" sizes=\"(max-width: 1000px) 100vw, 1000px\" \/><\/figure><\/li><\/ul>\n","protected":false},"excerpt":{"rendered":"<p>Este a\u00f1o se ejecut\u00f3 la tercera versi\u00f3n de dicha escuela, que se instala de manera permanente con el objetivo de apoyar a la red de emprendimiento local, en especial a las emprendedoras y empresarias de la Regi\u00f3n de Arica y Parinacota.<\/p>\n","protected":false},"author":1,"featured_media":20093,"comment_status":"open","ping_status":"open","sticky":false,"template":"","format":"standard","meta":[],"categories":[51],"tags":[],"_links":{"self":[{"href":"https:\/\/www.uta.cl\/index.php\/wp-json\/wp\/v2\/posts\/20074"}],"collection":[{"href":"https:\/\/www.uta.cl\/index.php\/wp-json\/wp\/v2\/posts"}],"about":[{"href":"https:\/\/www.uta.cl\/index.php\/wp-json\/wp\/v2\/types\/post"}],"author":[{"embeddable":true,"href":"https:\/\/www.uta.cl\/index.php\/wp-json\/wp\/v2\/users\/1"}],"replies":[{"embeddable":true,"href":"https:\/\/www.uta.cl\/index.php\/wp-json\/wp\/v2\/comments?post=20074"}],"version-history":[{"count":1,"href":"https:\/\/www.uta.cl\/index.php\/wp-json\/wp\/v2\/posts\/20074\/revisions"}],"predecessor-version":[{"id":20094,"href":"https:\/\/www.uta.cl\/index.php\/wp-json\/wp\/v2\/posts\/20074\/revisions\/20094"}],"wp:featuredmedia":[{"embeddable":true,"href":"https:\/\/www.uta.cl\/index.php\/wp-json\/wp\/v2\/media\/20093"}],"wp:attachment":[{"href":"https:\/\/www.uta.cl\/index.php\/wp-json\/wp\/v2\/media?parent=20074"}],"wp:term":[{"taxonomy":"category","embeddable":true,"href":"https:\/\/www.uta.cl\/index.php\/wp-json\/wp\/v2\/categories?post=20074"},{"taxonomy":"post_tag","embeddable":true,"href":"https:\/\/www.uta.cl\/index.php\/wp-json\/wp\/v2\/tags?post=20074"}],"curies":[{"name":"wp","href":"https:\/\/api.w.org\/{rel}","templated":true}]}}