{"id":20056,"date":"2019-08-01T22:00:18","date_gmt":"2019-08-01T22:00:18","guid":{"rendered":"https:\/\/www.uta.cl\/?p=20056"},"modified":"2019-08-05T17:05:29","modified_gmt":"2019-08-05T17:05:29","slug":"uta-invita-a-v-certamen-internacional-de-tunas-2019","status":"publish","type":"post","link":"https:\/\/www.uta.cl\/index.php\/2019\/08\/01\/uta-invita-a-v-certamen-internacional-de-tunas-2019\/","title":{"rendered":"UTA invita a V Certamen Internacional de Tunas 2019"},"content":{"rendered":"\n<p>Con la participaci\u00f3n de tres grupos invitados de Chile y Per\u00fa, la Tuna de la Universidad de Tarapac\u00e1, realizar\u00e1 este s\u00e1bado 03 de agosto, el V Certamen Internacional de Tunas 2019. Las agrupaciones estudiantinas participantes ser\u00e1n la Tune de la Universidad Alas Peruanas (Arequipa, Per\u00fa), Tuna de la Universidad Cat\u00f3lica de San Pablo (Arequipa, Per\u00fa) y Tuna de Distrito de la Pontificia Universidad Cat\u00f3lica de Valpara\u00edso (Chile).  <\/p>\n\n\n\n<p>Este\nevento, se enmarca en la celebraci\u00f3n de los 15 a\u00f1os de existencia\ndesde la refundaci\u00f3n de la Tuna de la Universidad de Tarapac\u00e1, de\nlos cuales a sus 10 a\u00f1os de historia, el a\u00f1o 2014 se organiz\u00f3 el\nprimer certamen internacional de tunas, contando con la participaci\u00f3n\nde agrupaciones universitarias nacionales e internacionales.<\/p>\n\n\n\n<p>El\ncertamen internacional contempla adem\u00e1s un Pasacalle por el Paseo\nPeatonal 21 de Mayo, este viernes 02 de agosto, a las 18:00 horas  y\npara el s\u00e1bado 03 de agosto, la realizaci\u00f3n de la Presentaci\u00f3n de\nGala, a las 19:00 horas, en el Teatro Municipal, evento gratuito para\ntoda la comunidad arique\u00f1a, donde los 30 estudiantes de la Tuna de\nla UTA esperan brindar un gran espect\u00e1culo, entregando alegr\u00eda,\nromanticismo y m\u00fasica.<\/p>\n\n\n\n<p><strong>Tuna\nde la Universidad de Tarapac\u00e1<\/strong><\/p>\n\n\n\n<p>\nLa\nTuna de La Universidad de Tarapac\u00e1 fue fundada en el 19 de\nseptiembre del a\u00f1o 1994 por Joaqu\u00edn \u00c1lvarez, profesor de la\nFacultad de Educaci\u00f3n con especialidad en ingl\u00e9s. En esos a\u00f1os la\nTuna de la UTA particip\u00f3 en muchos encuentros nacionales e\nInternacionales, pasando por ciudades como La Serena, Iquique, Lima y\nArequipa. Pasado el tiempo, esta generaci\u00f3n de estudiantes egres\u00f3,\nllev\u00e1ndose con ella el esp\u00edritu tunante, puesto que no quedaron\nsemillas para continuar este movimiento, lo cual llev\u00f3 a que la\nagrupaci\u00f3n decayera hasta declararse inactiva.&nbsp;<\/p>\n\n\n\n<p>\nLuego\nen el a\u00f1o 2003 Edwin Salamanca, profesor de m\u00fasica y Tuno de la\nUniversidad Jorge Basadre de Tacna, present\u00f3 el proyecto de\nrefundaci\u00f3n de la Tuna de la Universidad de Tarapac\u00e1, la cual fue\naceptada provocando la activaci\u00f3n de la misma el 19 de Junio del\n2004. \n<\/p>\n\n\n\n<p>\nEn\nel a\u00f1o 2005, el entonces estudiante Rodolfo Pizarro Castell\u00f3n con\nla directa colaboraci\u00f3n de su hermano Carlos, toma la direcci\u00f3n del\ngrupo. Durante ese a\u00f1o la Tuna sale a las calles participando adem\u00e1s\nen innumerables eventos con muy buena acogida de la gente arique\u00f1a.\nEn el verano del a\u00f1o 2006, la Tuna de la Universidad de Tarapac\u00e1\nparticipa en el IV Encuentro Internacional de Tuna en la ciudad de\nArica, lo que constituye el renacer de la agrupaci\u00f3n en el llamado\n\u201cNegro Ministerio\u201d.&nbsp;<\/p>\n\n\n\n<p>\nLa\nTuna de la Universidad de Tarapac\u00e1 cuenta con el apoyo de la\nDirecci\u00f3n de Extensi\u00f3n y Vinculaci\u00f3n con el Medio de esta Casa de\nEstudios Superiores. Tras 15 a\u00f1os de historia, sus 30 integrantes\nentre egresados y estudiantes de la UTA, nuevamente se presentan ante\nla comunidad entregando alegr\u00eda, romanticismo y m\u00fasica.<\/p>\n\n\n\n<figure class=\"wp-block-image\"><a href=\"https:\/\/www.uta.cl\/wp-content\/uploads\/2019\/08\/afiche.jpg\"><img loading=\"lazy\" width=\"713\" height=\"1024\" src=\"https:\/\/www.uta.cl\/wp-content\/uploads\/2019\/08\/afiche-713x1024.jpg\" alt=\"\" class=\"wp-image-20057\" srcset=\"https:\/\/www.uta.cl\/wp-content\/uploads\/2019\/08\/afiche-713x1024.jpg 713w, https:\/\/www.uta.cl\/wp-content\/uploads\/2019\/08\/afiche-209x300.jpg 209w, https:\/\/www.uta.cl\/wp-content\/uploads\/2019\/08\/afiche-768x1104.jpg 768w, https:\/\/www.uta.cl\/wp-content\/uploads\/2019\/08\/afiche.jpg 1000w\" sizes=\"(max-width: 713px) 100vw, 713px\" \/><\/a><\/figure>\n","protected":false},"excerpt":{"rendered":"<p>Se contempla un pasacalle y un espect\u00e1culo en el Teatro Municipal de Arica.<\/p>\n","protected":false},"author":1,"featured_media":20057,"comment_status":"open","ping_status":"open","sticky":false,"template":"","format":"standard","meta":[],"categories":[53],"tags":[],"_links":{"self":[{"href":"https:\/\/www.uta.cl\/index.php\/wp-json\/wp\/v2\/posts\/20056"}],"collection":[{"href":"https:\/\/www.uta.cl\/index.php\/wp-json\/wp\/v2\/posts"}],"about":[{"href":"https:\/\/www.uta.cl\/index.php\/wp-json\/wp\/v2\/types\/post"}],"author":[{"embeddable":true,"href":"https:\/\/www.uta.cl\/index.php\/wp-json\/wp\/v2\/users\/1"}],"replies":[{"embeddable":true,"href":"https:\/\/www.uta.cl\/index.php\/wp-json\/wp\/v2\/comments?post=20056"}],"version-history":[{"count":1,"href":"https:\/\/www.uta.cl\/index.php\/wp-json\/wp\/v2\/posts\/20056\/revisions"}],"predecessor-version":[{"id":20058,"href":"https:\/\/www.uta.cl\/index.php\/wp-json\/wp\/v2\/posts\/20056\/revisions\/20058"}],"wp:featuredmedia":[{"embeddable":true,"href":"https:\/\/www.uta.cl\/index.php\/wp-json\/wp\/v2\/media\/20057"}],"wp:attachment":[{"href":"https:\/\/www.uta.cl\/index.php\/wp-json\/wp\/v2\/media?parent=20056"}],"wp:term":[{"taxonomy":"category","embeddable":true,"href":"https:\/\/www.uta.cl\/index.php\/wp-json\/wp\/v2\/categories?post=20056"},{"taxonomy":"post_tag","embeddable":true,"href":"https:\/\/www.uta.cl\/index.php\/wp-json\/wp\/v2\/tags?post=20056"}],"curies":[{"name":"wp","href":"https:\/\/api.w.org\/{rel}","templated":true}]}}