{"id":20023,"date":"2019-07-31T17:21:38","date_gmt":"2019-07-31T17:21:38","guid":{"rendered":"https:\/\/www.uta.cl\/?p=20023"},"modified":"2019-07-31T17:21:56","modified_gmt":"2019-07-31T17:21:56","slug":"universidad-de-tarapaca-titula-a-60-profesionales-recibieron-sus-post-titulos-y-grados-academicos","status":"publish","type":"post","link":"https:\/\/www.uta.cl\/index.php\/2019\/07\/31\/universidad-de-tarapaca-titula-a-60-profesionales-recibieron-sus-post-titulos-y-grados-academicos\/","title":{"rendered":"Universidad de Tarapac\u00e1 titula a 60 profesionales recibieron sus post t\u00edtulos y grados acad\u00e9micos"},"content":{"rendered":"\n<div class=\"wp-block-image\"><figure class=\"alignleft is-resized\"><a href=\"https:\/\/www.uta.cl\/wp-content\/uploads\/2019\/07\/WhatsApp-Image-2019-07-31-at-13.14.19.jpeg\"><img loading=\"lazy\" src=\"https:\/\/www.uta.cl\/wp-content\/uploads\/2019\/07\/WhatsApp-Image-2019-07-31-at-13.14.19.jpeg\" alt=\"\" class=\"wp-image-20027\" width=\"301\" height=\"220\" srcset=\"https:\/\/www.uta.cl\/wp-content\/uploads\/2019\/07\/WhatsApp-Image-2019-07-31-at-13.14.19.jpeg 960w, https:\/\/www.uta.cl\/wp-content\/uploads\/2019\/07\/WhatsApp-Image-2019-07-31-at-13.14.19-300x219.jpeg 300w, https:\/\/www.uta.cl\/wp-content\/uploads\/2019\/07\/WhatsApp-Image-2019-07-31-at-13.14.19-768x562.jpeg 768w\" sizes=\"(max-width: 301px) 100vw, 301px\" \/><\/a><\/figure><\/div>\n\n\n\n<p>En  una solemne ceremonia de egreso de los programas de Mag\u00edster realizada en el Aula Magna del Campus Vel\u00e1squez, sesenta profesionales recibieron su t\u00edtulo de postgrado.<\/p>\n\n\n\n<p>Los\negresados pertenecen a los programas de Mag\u00edster en: Educaci\u00f3n;\nDid\u00e1ctica para la Educaci\u00f3n Superior; Ciencias de la Motricidad\nHumana; Ciencias Sociales Aplicadas; Salud P\u00fablica; Ciencias\nRadiol\u00f3gicas; Ciencias Ambientales; Direcci\u00f3n y Gesti\u00f3n de\nEmpresas \u2013MBA;  Liderazgo y Gesti\u00f3n de Organizaciones; Ingenier\u00eda\nde Sofware y Post-T\u00edtulo en menci\u00f3n en Ciencias Naturales para\nDocentes que ejercen en el Segundo Ciclo de Ense\u00f1anza B\u00e1sica,\nquienes recibieron sus diplomas para la obtenci\u00f3n de sus grados\nacad\u00e9micos.<\/p>\n\n\n\n<figure class=\"wp-block-image\"><a href=\"https:\/\/www.uta.cl\/wp-content\/uploads\/2019\/07\/1-3.jpg\"><img loading=\"lazy\" width=\"1000\" height=\"667\" src=\"https:\/\/www.uta.cl\/wp-content\/uploads\/2019\/07\/1-3.jpg\" alt=\"\" class=\"wp-image-20024\" srcset=\"https:\/\/www.uta.cl\/wp-content\/uploads\/2019\/07\/1-3.jpg 1000w, https:\/\/www.uta.cl\/wp-content\/uploads\/2019\/07\/1-3-300x200.jpg 300w, https:\/\/www.uta.cl\/wp-content\/uploads\/2019\/07\/1-3-768x512.jpg 768w\" sizes=\"(max-width: 1000px) 100vw, 1000px\" \/><\/a><\/figure>\n\n\n\n<p>La\nceremonia estuvo encabezada por el Director de Extensi\u00f3n y\nVinculaci\u00f3n con el Medio, Sergio Medina Parra en representaci\u00f3n del\nVicerrector Acad\u00e9mico, quien estuvo acompa\u00f1ado de la Secretaria de\nla UTA, Paula Lepe Caiconte, decanos y acad\u00e9micos. En su mensaje de\ndespedida a los profesionales egresados, el Vicerrector (S) agradeci\u00f3\nla confianza depositada en la Universidad de Tarapac\u00e1 y destac\u00f3 el\nesfuerzo y los desvelos que muchos de los titulados comparten como\njefes y jefas de hogar adem\u00e1s de cumplir con sus trabajos\nprofesionales. \n<\/p>\n\n\n\n<p>\u201cEn\neste importante d\u00eda ustedes tienen hoy\nel m\u00e9rito de ser competentes y competitivos en la sociedad del\nconocimiento, m\u00e1s aun cuando palabras como educaci\u00f3n y formaci\u00f3n\ncontinua cobran sentido protag\u00f3nico, donde en esta etapa de la vida\nesta nueva obra les da prestigio, satisfacci\u00f3n personal, ventajas\nlaborales y rentabilidad a la vida y al esp\u00edritu de cada uno de\nustedes. Los estudios dicen que el conocimiento se duplica hoy \nvelozmente, por tanto nos asiste a cada uno la obligaci\u00f3n de\nperfeccionarnos y ser cada d\u00eda mejores\u201d, se\u00f1al\u00f3 el Vicerrector\nAcad\u00e9mico (S). \n<\/p>\n\n\n\n<div class=\"wp-block-image\"><figure class=\"alignright is-resized\"><a href=\"https:\/\/www.uta.cl\/wp-content\/uploads\/2019\/07\/2-3.jpg\"><img loading=\"lazy\" src=\"https:\/\/www.uta.cl\/wp-content\/uploads\/2019\/07\/2-3.jpg\" alt=\"\" class=\"wp-image-20025\" width=\"228\" height=\"338\" srcset=\"https:\/\/www.uta.cl\/wp-content\/uploads\/2019\/07\/2-3.jpg 675w, https:\/\/www.uta.cl\/wp-content\/uploads\/2019\/07\/2-3-203x300.jpg 203w\" sizes=\"(max-width: 228px) 100vw, 228px\" \/><\/a><\/figure><\/div>\n\n\n\n<p>Concluy\u00f3\nexpresando que, \u201cestamos felices por constatar que la Universidad\nde Tarapac\u00e1 cumple fiel el mandato de su misi\u00f3n como Universidad\np\u00fablica y del Estado, cual es generar progreso y movilidad a las\npersonas de nuestra regi\u00f3n con identidad y calidad. Enhorabuena y\nfelicidades a todos ustedes\u201d. \n<\/p>\n\n\n\n<p>Posteriormente\nse continu\u00f3 con uno de los instantes de mayor connotaci\u00f3n en la\nvida de todo profesional universitario, que es la toma del juramento\nde honor de los sesenta egresados de sus post t\u00edtulos y grados\nacad\u00e9micos. \n<\/p>\n\n\n\n<p>Tras\nla entonaci\u00f3n del himno de la Universidad, fotograf\u00edas y abrazos\ncon familiares, esta Casa de Estudios Superiores nuevamente entrega a\nla regi\u00f3n, capital humano especializado con valores y calidad\nprofesional, fortaleciendo el crecimiento y desarrollo de la Regi\u00f3n\nde Arica y Parinacota. \n<\/p>\n\n\n\n<figure class=\"wp-block-image\"><a href=\"https:\/\/www.uta.cl\/wp-content\/uploads\/2019\/07\/3.jpg\"><img loading=\"lazy\" width=\"1000\" height=\"693\" src=\"https:\/\/www.uta.cl\/wp-content\/uploads\/2019\/07\/3.jpg\" alt=\"\" class=\"wp-image-20026\" srcset=\"https:\/\/www.uta.cl\/wp-content\/uploads\/2019\/07\/3.jpg 1000w, https:\/\/www.uta.cl\/wp-content\/uploads\/2019\/07\/3-300x208.jpg 300w, https:\/\/www.uta.cl\/wp-content\/uploads\/2019\/07\/3-768x532.jpg 768w\" sizes=\"(max-width: 1000px) 100vw, 1000px\" \/><\/a><\/figure>\n","protected":false},"excerpt":{"rendered":"<p>En una emotiva ceremonia, profesionales que cursaron programas de Mag\u00edster de las distintas facultades de la Universidad de Tarapac\u00e1, recibieron sus diplomas ante la presencia de orgullosos directivos, acad\u00e9micos y familiares.<\/p>\n","protected":false},"author":1,"featured_media":20027,"comment_status":"open","ping_status":"open","sticky":false,"template":"","format":"standard","meta":[],"categories":[51],"tags":[],"_links":{"self":[{"href":"https:\/\/www.uta.cl\/index.php\/wp-json\/wp\/v2\/posts\/20023"}],"collection":[{"href":"https:\/\/www.uta.cl\/index.php\/wp-json\/wp\/v2\/posts"}],"about":[{"href":"https:\/\/www.uta.cl\/index.php\/wp-json\/wp\/v2\/types\/post"}],"author":[{"embeddable":true,"href":"https:\/\/www.uta.cl\/index.php\/wp-json\/wp\/v2\/users\/1"}],"replies":[{"embeddable":true,"href":"https:\/\/www.uta.cl\/index.php\/wp-json\/wp\/v2\/comments?post=20023"}],"version-history":[{"count":1,"href":"https:\/\/www.uta.cl\/index.php\/wp-json\/wp\/v2\/posts\/20023\/revisions"}],"predecessor-version":[{"id":20028,"href":"https:\/\/www.uta.cl\/index.php\/wp-json\/wp\/v2\/posts\/20023\/revisions\/20028"}],"wp:featuredmedia":[{"embeddable":true,"href":"https:\/\/www.uta.cl\/index.php\/wp-json\/wp\/v2\/media\/20027"}],"wp:attachment":[{"href":"https:\/\/www.uta.cl\/index.php\/wp-json\/wp\/v2\/media?parent=20023"}],"wp:term":[{"taxonomy":"category","embeddable":true,"href":"https:\/\/www.uta.cl\/index.php\/wp-json\/wp\/v2\/categories?post=20023"},{"taxonomy":"post_tag","embeddable":true,"href":"https:\/\/www.uta.cl\/index.php\/wp-json\/wp\/v2\/tags?post=20023"}],"curies":[{"name":"wp","href":"https:\/\/api.w.org\/{rel}","templated":true}]}}