{"id":20002,"date":"2019-07-31T12:39:18","date_gmt":"2019-07-31T12:39:18","guid":{"rendered":"https:\/\/www.uta.cl\/?p=20002"},"modified":"2019-08-12T15:05:16","modified_gmt":"2019-08-12T15:05:16","slug":"uta-realiza-curso-internacional-de-transferencia-de-conocimiento-tecnologico-sobre-energia-solar-y-tratamiento-solar-de-aguas","status":"publish","type":"post","link":"https:\/\/www.uta.cl\/index.php\/2019\/07\/31\/uta-realiza-curso-internacional-de-transferencia-de-conocimiento-tecnologico-sobre-energia-solar-y-tratamiento-solar-de-aguas\/","title":{"rendered":"UTA realiza curso internacional de Transferencia de Conocimiento Tecnol\u00f3gico sobre Energ\u00eda solar y Tratamiento Solar de Aguas"},"content":{"rendered":"\n<p>El uso de la radiaci\u00f3n solar es hoy en d\u00eda una de las metas m\u00e1s codiciadas en el campo de las innovaciones tecnol\u00f3gicas que buscan obtener nuevas fuentes de energ\u00eda para hacer del desarrollo econ\u00f3mico una actividad sustentable. En nuestra Regi\u00f3n de Arica y Parinacota el recurso solar es excepcional, tanto por la cantidad como por la estabilidad, lo cual es un elemento fundamental para el aprovechamiento de este recurso renovable.  <\/p>\n\n\n\n<figure class=\"wp-block-image\"><a href=\"https:\/\/www.uta.cl\/wp-content\/uploads\/2019\/07\/000_DSC_3590.jpg\"><img loading=\"lazy\" width=\"1000\" height=\"666\" src=\"https:\/\/www.uta.cl\/wp-content\/uploads\/2019\/07\/000_DSC_3590.jpg\" alt=\"\" class=\"wp-image-20015\" srcset=\"https:\/\/www.uta.cl\/wp-content\/uploads\/2019\/07\/000_DSC_3590.jpg 1000w, https:\/\/www.uta.cl\/wp-content\/uploads\/2019\/07\/000_DSC_3590-300x200.jpg 300w, https:\/\/www.uta.cl\/wp-content\/uploads\/2019\/07\/000_DSC_3590-768x511.jpg 768w\" sizes=\"(max-width: 1000px) 100vw, 1000px\" \/><\/a><\/figure>\n\n\n\n<p>En\neste contexto, el pasado mi\u00e9rcoles 17 y jueves 18 de julio, se\nrealiz\u00f3 el \u201cCurso Internacional de Transferencia de Conocimiento\nTecnol\u00f3gico sobre Energ\u00eda Solar y Tratamiento Solar de Aguas en la\nMacro Regi\u00f3n Centro Sur Andina (Chile, Per\u00fa y Bolivia)\u201d,\nencuentro que cont\u00f3 con la presencia de m\u00e1s de 90 asistentes y con\ndestacados expositores de Espa\u00f1a, India, Bolivia, Per\u00fa y Chile.<\/p>\n\n\n\n<p>La\nactividad estuvo organizada por la Universidad de Tarapac\u00e1,\nInstituci\u00f3n que forma parte del Centro de Energ\u00eda Solar de Chile,\nSerc Chile, el cual est\u00e1 conformado adem\u00e1s por las 7 universidades:\nUniversidad de Chile, Universidad de Antofagasta, Universidad T\u00e9cnica\nFederico Santa Mar\u00eda, Universidad Adolfo Ib\u00e1\u00f1ez, Universidad de\nConcepci\u00f3n, adem\u00e1s del centro internacional, Fundaci\u00f3n Fraunhofer\nChile.<\/p>\n\n\n\n<p>\nEl\nencuentro realizado en la Sala de Eventos Claudio D\u00edaz Mel\u00e9ndez de\nla Facultad de Ciencias del Campus Vel\u00e1squez, tuvo por objetivo\ntratar temas relevantes como las oportunidades para el desarrollo\nhumano en torno al sol y educaci\u00f3n para el futuro solar. \n<\/p>\n\n\n\n<p>La\nprimera jornada se inici\u00f3 con las palabras de bienvenida de la\nVicerrectora de Desarrollo Estrat\u00e9gico, Dra. Jenniffer Peralta\nMontecinos, quien entreg\u00f3 sus palabras de bienvenida a todos los\nasistentes presentes. \u201cEste curso de car\u00e1cter internacional en un\n\u00e1mbito del quehacer de la Universidad de Tarapac\u00e1, que se enmarca\ntambi\u00e9n en un aspecto visional de nuestra Instituci\u00f3n. Hoy en d\u00eda\nnuestra Universidad ha definido y, desde hace varios a\u00f1os, est\u00e1\ntrabajando en la l\u00ednea de integraci\u00f3n acad\u00e9mica transfronteriza y\nen ese contexto es un gusto poder invitarlos a participar de estos\ndos d\u00edas de actividades en que vamos a estar aprendiendo,\nperfeccionando y desarrollando los v\u00ednculos y las herramientas\nnecesarias para poder generar mayor masa cr\u00edtica en actividades que\nnos permitan desarrollar el \u00e1mbito de la investigaci\u00f3n y formaci\u00f3n\nen tem\u00e1ticas como el tratamiento solar de aguas y sobre la energ\u00eda\nsolar\u201d. \n<\/p>\n\n\n\n<p>Agreg\u00f3\nque, \u201cpor la relevancia que tienen este tipo de actividades en\nregi\u00f3n en la macro zona sur andina, contar con la presencia de\nustedes y de quienes forman parte de este objetivo de desarrollar\nenerg\u00edas con aplicaciones pr\u00e1cticas para nuestras regiones es\nrealmente muy importante\u201d. \n<\/p>\n\n\n\n<p>Luego la acad\u00e9mica de la Facultad de Ingenier\u00eda de la Universidad de Tarapac\u00e1, representante regional del proyecto Ayllu Solar, iniciativa SERC Chile y coordinadora del Curso de Internacionalizaci\u00f3n, Dra. Lorena Cornejo, expres\u00f3 su alegr\u00eda de contar con la gran convocatoria internacional del curso, \u201cestamos muy contentos de poder recibirlos y esperamos que estas dos jornadas sean muy intensas, donde podamos capacitarnos, renovar conocimiento, conversar sobre estos temas\u201d.  <\/p>\n\n\n\n<p>La\nDra. Lorena Cornejo, se refiri\u00f3 a los objetivos del curso en el\ncual, \u201cse busca transferir conocimientos sobre la energ\u00eda solar y\nel tratamiento solar de aguas; formar capital humano en la macro\nregi\u00f3n centro sur andina y aportar con la difusi\u00f3n de conocimientos\nrelacionados con la aplicaci\u00f3n de soluciones solares a peque\u00f1a y\nmediana escala para el tratamiento de aguas como modelo de desarrollo\nsustentables en regiones \u00e1ridas y semi\u00e1ridas en las zonas\ntransfronterizas (Chile, Per\u00fa y Bolivia), a trav\u00e9s de estudios,\ninvestigaciones y experiencias en implementaci\u00f3n de proyectos, con\nla finalidad de formar y perfeccionar a estudiantes, investigadores y\nprofesionales\u201d. \n<\/p>\n\n\n\n<p>Asimismo\ndestac\u00f3 que con este encuentro se busca fortalecer las redes con las\ncuales trabajamos adem\u00e1s de crear nuevos contactos con la finalidad\nde conformar un grupo grande de l\u00edneas de investigaci\u00f3n para\ntrabajar en el futuro en la creaci\u00f3n de aplicaciones solares. \n<\/p>\n\n\n\n<p>Posteriormente\nse dio inicio a las ponencias a cargo de: \n<\/p>\n\n\n\n<ul><li>\n\tDra.\n\tIsabel Oller (Espa\u00f1a): \u201cDesarrollo de t\u00e9cnicas anal\u00edticas y\n\tmicrobiol\u00f3gicas aplicadas a la evaluaci\u00f3n de procesos avanzados de\n\toxidaci\u00f3n en el tratamiento y reutilizaci\u00f3n de aguas residuales\u201d.\n\t\n\t\n\t<\/li><li>\n\tDr.\n\tH\u00e9ctor Mansilla (Chile): \u201cTratamiento solar de aguas\u201d. \n\t\n\t<\/li><li>\n\tDr.\n\tMarcelo Matus (Chile): \u201cSistemas de energ\u00edas\u201d.\n\t<\/li><li>\n\tDr.\n\tCarlos Portillo (Chile): \u201cCiencia de los materiales y evaluaci\u00f3n\n\tde los recursos solares\u201d.\n\t<\/li><li>\n\tDra.\n\tMercedes Ibarra (Chile): \u201cAlmacenamiento de energ\u00eda\u201d.\n\t<\/li><li>\n\tDra.\n\tClaudia Rahmann (Chile): Interconexiones regionales y energ\u00edas\n\trenovables: un desaf\u00edo para Latinoam\u00e9rica\u201d. \n\t\n\t<\/li><li>\n\tDr.\n\tSa\u00fal Cabrera (Bolivia): \u201cSistemas energ\u00e9ticos: bater\u00edas de i\u00f3n\n\tlitio\/paneles fotovoltaicos\u201d. \n\t\n\t<\/li><li>\n\tDr.\n\tSaravanan Rajendran (India): \u201cNanomateriales para diferentes\n\taplicaciones\u201d.\n\t<\/li><li>\n\tDr.\n\tCarlos Polo (Per\u00fa): \u201cAplicaciones de la energ\u00eda solar para un\n\tdesarrollo sostenible de la regi\u00f3n sur del Per\u00fa\u201d.  \n\t\n<\/li><\/ul>\n\n\n\n<p>En\ntanto, para la jornada del jueves 18 de julio se cont\u00f3 con las\nponencias de: \n<\/p>\n\n\n\n<ul><li>\n\tDr.\n\tJavier Marugan (Espa\u00f1a): \u201cSimulaci\u00f3n y dise\u00f1o de sistemas\n\tfotocatal\u00edticos\u201d.\n\t<\/li><li>\n\tDr.\n\tAlejandro Rodr\u00edguez (Chile): \u201cGeneraci\u00f3n distribuida\u201d.\n\t<\/li><li>\n\tIng.\n\tJorge Quintanilla (Bolivia): \u201cIncidencia del cambio clim\u00e1tico\n\tsobre el recurso h\u00eddrico\u201d.\n\t<\/li><li>\n\tMSc.\n\tRen\u00e9 Torres (Bolivia): \u201cEvaluaci\u00f3n meteorol\u00f3gica y su\n\taplicaci\u00f3n en el aprovechamiento en energ\u00edas alternativas: caso\n\tPatacamaya, La Paz, Bolivia\u201d. \n\t\n\t<\/li><li>\n\tDr.\n\tEdgar Estupi\u00f1an (Chile): \u201cIngenier\u00eda, innovaci\u00f3n y\n\tsustentabilidad: el gran aporte de la energ\u00eda solar\u201d. \n\t\n\t<\/li><li>\n\tDr.\n\tEdgardo Avenda\u00f1o (Per\u00fa): \u201cImportancia de la especiaci\u00f3n de\n\tars\u00e9nico en el tratamiento de agua y remoci\u00f3n de ars\u00e9nico\n\tutilizando la tecnolog\u00eda de destilaci\u00f3n por membrana\u201d. \n\t\n\t<\/li><li>\n\tDr.\n\tRodrigo Palma Director de Serc Chile: \u201cSerc Chile: iniciativa\n\tsolar en Chile y sus proyecciones\u201d. \n\t\n<\/li><\/ul>\n\n\n\n<p><strong>APRECIACIONES<\/strong><\/p>\n\n\n\n<p>\nPara\nla Dra. Isabel Oller, investigadora, responsable de la Unidad de\nTratamientos Solares de agua de la Plataforma Solar de Almer\u00eda,\nEspa\u00f1a: \u201cme\nha impresionado no s\u00f3lo la asistencia numerosa de estudiantes, sino\ntambi\u00e9n de profesores e investigadores de diferentes universidades e\ninstituciones tanto de Chile, Per\u00fa como Bolivia. Esto muestra el\ngran inter\u00e9s que la comunidad cient\u00edfica tiene en estos pa\u00edses por\nafrontar los problemas energ\u00e9ticos y de escasez h\u00eddrica, ambos\naspectos muy interrelacionados entre s\u00ed\u201d. \n<\/p>\n\n\n\n<p>\nAsimismo\ndestac\u00f3 la interesante exposici\u00f3n de las diversas l\u00edneas de\ninvestigaci\u00f3n que SERC-CHILE tiene entre sus objetivos, \u201cmuestra\nla positiva alineaci\u00f3n de las mismas con las actividades principales\nen otros centros de investigaci\u00f3n del resto del mundo. Desde el\npunto de vista del inter\u00e9s y de las relaciones internacionales que\neste centro est\u00e1 desarrollando, est\u00e1 claro que se encuentra en la\nsenda correcta para la realizaci\u00f3n de proyectos y acciones por la\nenerg\u00eda y el medio ambiente en sinton\u00eda con el inter\u00e9s mundial a\neste respecto\u201d.<\/p>\n\n\n\n<p>\nPor\nsu parte, Edgar\nEstupi\u00f1an  Pulido, acad\u00e9mico y director del Departamento de\nMec\u00e1nica de la Universidad de Tarapac\u00e1, quien particip\u00f3 como\nexpositor en la segunda jornada del curso internacional, expres\u00f3:\n\u201cEste\nencuentro Transfronterizo, da mayor visibilidad de tratar temas que\nson comunes en los pa\u00edses de la macro zona sur andina, c\u00f3mo lo es\nel tratamiento solar de agua y el aprovechamiento del potencial solar\nen t\u00e9rminos energ\u00e9ticos. Por otra parte el hacerlo en la UTA, se da\npor el hecho de tener un desarrollo importante y referente para los\ndem\u00e1s pa\u00edses en estos temas de desarrollo e investigaci\u00f3n. Tambi\u00e9n\neste Seminario permite invitar a destacados investigadores del\ntratamiento solar y de las energ\u00edas renovables de nuestros pa\u00edses\nvecinos, Per\u00fa y Bolivia, con varios de los cuales ya se vienen\ncolaborando desde hace algunos a\u00f1os\u201d.<\/p>\n\n\n\n<p>Concluy\u00f3\nse\u00f1alando que \u201ceste tipo de encuentros permite mostrar a nuestros\nalumnos, profesores y comunidad en general sobre los avances y\ndesaf\u00edos que se tienen y proyectar trabajos conjuntos a futuro para\ndar respuesta a ellos. Vale decir tambi\u00e9n que el cambio clim\u00e1tico y\nla sustentabilidad del desarrollo m\u00e1s que temas de actualidad son ya\nuna realidad con las cuales debemos necesariamente estar vinculados y\ntrabajar desde nuestras disciplinas para contribuir a ellas\u201d.<\/p>\n\n\n\n<ul class=\"wp-block-gallery columns-3 is-cropped\"><li class=\"blocks-gallery-item\"><figure><a href=\"https:\/\/www.uta.cl\/wp-content\/uploads\/2019\/07\/000_DSC_3590.jpg\"><img loading=\"lazy\" width=\"1000\" height=\"666\" src=\"https:\/\/www.uta.cl\/wp-content\/uploads\/2019\/07\/000_DSC_3590.jpg\" alt=\"\" data-id=\"20015\" data-link=\"https:\/\/www.uta.cl\/?attachment_id=20015\" class=\"wp-image-20015\" srcset=\"https:\/\/www.uta.cl\/wp-content\/uploads\/2019\/07\/000_DSC_3590.jpg 1000w, https:\/\/www.uta.cl\/wp-content\/uploads\/2019\/07\/000_DSC_3590-300x200.jpg 300w, https:\/\/www.uta.cl\/wp-content\/uploads\/2019\/07\/000_DSC_3590-768x511.jpg 768w\" sizes=\"(max-width: 1000px) 100vw, 1000px\" \/><\/a><\/figure><\/li><li class=\"blocks-gallery-item\"><figure><a href=\"https:\/\/www.uta.cl\/wp-content\/uploads\/2019\/07\/000_DSC_3582.jpg\"><img loading=\"lazy\" width=\"1000\" height=\"666\" src=\"https:\/\/www.uta.cl\/wp-content\/uploads\/2019\/07\/000_DSC_3582.jpg\" alt=\"\" data-id=\"20014\" data-link=\"https:\/\/www.uta.cl\/?attachment_id=20014\" class=\"wp-image-20014\" srcset=\"https:\/\/www.uta.cl\/wp-content\/uploads\/2019\/07\/000_DSC_3582.jpg 1000w, https:\/\/www.uta.cl\/wp-content\/uploads\/2019\/07\/000_DSC_3582-300x200.jpg 300w, https:\/\/www.uta.cl\/wp-content\/uploads\/2019\/07\/000_DSC_3582-768x511.jpg 768w\" sizes=\"(max-width: 1000px) 100vw, 1000px\" \/><\/a><\/figure><\/li><li class=\"blocks-gallery-item\"><figure><a href=\"https:\/\/www.uta.cl\/wp-content\/uploads\/2019\/07\/000_DSC_3577.jpg\"><img loading=\"lazy\" width=\"1000\" height=\"666\" src=\"https:\/\/www.uta.cl\/wp-content\/uploads\/2019\/07\/000_DSC_3577.jpg\" alt=\"\" data-id=\"20013\" data-link=\"https:\/\/www.uta.cl\/?attachment_id=20013\" class=\"wp-image-20013\" srcset=\"https:\/\/www.uta.cl\/wp-content\/uploads\/2019\/07\/000_DSC_3577.jpg 1000w, https:\/\/www.uta.cl\/wp-content\/uploads\/2019\/07\/000_DSC_3577-300x200.jpg 300w, https:\/\/www.uta.cl\/wp-content\/uploads\/2019\/07\/000_DSC_3577-768x511.jpg 768w\" sizes=\"(max-width: 1000px) 100vw, 1000px\" \/><\/a><\/figure><\/li><li class=\"blocks-gallery-item\"><figure><a href=\"https:\/\/www.uta.cl\/wp-content\/uploads\/2019\/07\/000_DSC_3569.jpg\"><img loading=\"lazy\" width=\"1000\" height=\"666\" src=\"https:\/\/www.uta.cl\/wp-content\/uploads\/2019\/07\/000_DSC_3569.jpg\" alt=\"\" data-id=\"20012\" data-link=\"https:\/\/www.uta.cl\/?attachment_id=20012\" class=\"wp-image-20012\" srcset=\"https:\/\/www.uta.cl\/wp-content\/uploads\/2019\/07\/000_DSC_3569.jpg 1000w, https:\/\/www.uta.cl\/wp-content\/uploads\/2019\/07\/000_DSC_3569-300x200.jpg 300w, https:\/\/www.uta.cl\/wp-content\/uploads\/2019\/07\/000_DSC_3569-768x511.jpg 768w\" sizes=\"(max-width: 1000px) 100vw, 1000px\" \/><\/a><\/figure><\/li><li class=\"blocks-gallery-item\"><figure><a href=\"https:\/\/www.uta.cl\/wp-content\/uploads\/2019\/07\/000_DSC_3561.jpg\"><img loading=\"lazy\" width=\"1000\" height=\"666\" src=\"https:\/\/www.uta.cl\/wp-content\/uploads\/2019\/07\/000_DSC_3561.jpg\" alt=\"\" data-id=\"20011\" data-link=\"https:\/\/www.uta.cl\/?attachment_id=20011\" class=\"wp-image-20011\" srcset=\"https:\/\/www.uta.cl\/wp-content\/uploads\/2019\/07\/000_DSC_3561.jpg 1000w, https:\/\/www.uta.cl\/wp-content\/uploads\/2019\/07\/000_DSC_3561-300x200.jpg 300w, https:\/\/www.uta.cl\/wp-content\/uploads\/2019\/07\/000_DSC_3561-768x511.jpg 768w\" sizes=\"(max-width: 1000px) 100vw, 1000px\" \/><\/a><\/figure><\/li><li class=\"blocks-gallery-item\"><figure><a href=\"https:\/\/www.uta.cl\/wp-content\/uploads\/2019\/07\/000_DSC_3558.jpg\"><img loading=\"lazy\" width=\"1000\" height=\"666\" src=\"https:\/\/www.uta.cl\/wp-content\/uploads\/2019\/07\/000_DSC_3558.jpg\" alt=\"\" data-id=\"20010\" data-link=\"https:\/\/www.uta.cl\/?attachment_id=20010\" class=\"wp-image-20010\" srcset=\"https:\/\/www.uta.cl\/wp-content\/uploads\/2019\/07\/000_DSC_3558.jpg 1000w, https:\/\/www.uta.cl\/wp-content\/uploads\/2019\/07\/000_DSC_3558-300x200.jpg 300w, https:\/\/www.uta.cl\/wp-content\/uploads\/2019\/07\/000_DSC_3558-768x511.jpg 768w\" sizes=\"(max-width: 1000px) 100vw, 1000px\" \/><\/a><\/figure><\/li><li class=\"blocks-gallery-item\"><figure><a href=\"https:\/\/www.uta.cl\/wp-content\/uploads\/2019\/07\/000_DSC_3554.jpg\"><img loading=\"lazy\" width=\"1000\" height=\"666\" src=\"https:\/\/www.uta.cl\/wp-content\/uploads\/2019\/07\/000_DSC_3554.jpg\" alt=\"\" data-id=\"20009\" data-link=\"https:\/\/www.uta.cl\/?attachment_id=20009\" class=\"wp-image-20009\" srcset=\"https:\/\/www.uta.cl\/wp-content\/uploads\/2019\/07\/000_DSC_3554.jpg 1000w, https:\/\/www.uta.cl\/wp-content\/uploads\/2019\/07\/000_DSC_3554-300x200.jpg 300w, https:\/\/www.uta.cl\/wp-content\/uploads\/2019\/07\/000_DSC_3554-768x511.jpg 768w\" sizes=\"(max-width: 1000px) 100vw, 1000px\" \/><\/a><\/figure><\/li><li class=\"blocks-gallery-item\"><figure><a href=\"https:\/\/www.uta.cl\/wp-content\/uploads\/2019\/07\/000_DSC_3553.jpg\"><img loading=\"lazy\" width=\"1000\" height=\"666\" src=\"https:\/\/www.uta.cl\/wp-content\/uploads\/2019\/07\/000_DSC_3553.jpg\" alt=\"\" data-id=\"20008\" data-link=\"https:\/\/www.uta.cl\/?attachment_id=20008\" class=\"wp-image-20008\" srcset=\"https:\/\/www.uta.cl\/wp-content\/uploads\/2019\/07\/000_DSC_3553.jpg 1000w, https:\/\/www.uta.cl\/wp-content\/uploads\/2019\/07\/000_DSC_3553-300x200.jpg 300w, https:\/\/www.uta.cl\/wp-content\/uploads\/2019\/07\/000_DSC_3553-768x511.jpg 768w\" sizes=\"(max-width: 1000px) 100vw, 1000px\" \/><\/a><\/figure><\/li><li class=\"blocks-gallery-item\"><figure><a href=\"https:\/\/www.uta.cl\/wp-content\/uploads\/2019\/07\/000_DSC_3551.jpg\"><img loading=\"lazy\" width=\"1000\" height=\"666\" src=\"https:\/\/www.uta.cl\/wp-content\/uploads\/2019\/07\/000_DSC_3551.jpg\" alt=\"\" data-id=\"20007\" data-link=\"https:\/\/www.uta.cl\/?attachment_id=20007\" class=\"wp-image-20007\" srcset=\"https:\/\/www.uta.cl\/wp-content\/uploads\/2019\/07\/000_DSC_3551.jpg 1000w, https:\/\/www.uta.cl\/wp-content\/uploads\/2019\/07\/000_DSC_3551-300x200.jpg 300w, https:\/\/www.uta.cl\/wp-content\/uploads\/2019\/07\/000_DSC_3551-768x511.jpg 768w\" sizes=\"(max-width: 1000px) 100vw, 1000px\" \/><\/a><\/figure><\/li><li class=\"blocks-gallery-item\"><figure><a href=\"https:\/\/www.uta.cl\/wp-content\/uploads\/2019\/07\/000_DSC_3547.jpg\"><img loading=\"lazy\" width=\"1000\" height=\"666\" src=\"https:\/\/www.uta.cl\/wp-content\/uploads\/2019\/07\/000_DSC_3547.jpg\" alt=\"\" data-id=\"20006\" data-link=\"https:\/\/www.uta.cl\/?attachment_id=20006\" class=\"wp-image-20006\" srcset=\"https:\/\/www.uta.cl\/wp-content\/uploads\/2019\/07\/000_DSC_3547.jpg 1000w, https:\/\/www.uta.cl\/wp-content\/uploads\/2019\/07\/000_DSC_3547-300x200.jpg 300w, https:\/\/www.uta.cl\/wp-content\/uploads\/2019\/07\/000_DSC_3547-768x511.jpg 768w\" sizes=\"(max-width: 1000px) 100vw, 1000px\" \/><\/a><\/figure><\/li><li class=\"blocks-gallery-item\"><figure><a href=\"https:\/\/www.uta.cl\/wp-content\/uploads\/2019\/07\/000_DSC_3545.jpg\"><img loading=\"lazy\" width=\"1000\" height=\"666\" src=\"https:\/\/www.uta.cl\/wp-content\/uploads\/2019\/07\/000_DSC_3545.jpg\" alt=\"\" data-id=\"20005\" data-link=\"https:\/\/www.uta.cl\/?attachment_id=20005\" class=\"wp-image-20005\" srcset=\"https:\/\/www.uta.cl\/wp-content\/uploads\/2019\/07\/000_DSC_3545.jpg 1000w, https:\/\/www.uta.cl\/wp-content\/uploads\/2019\/07\/000_DSC_3545-300x200.jpg 300w, https:\/\/www.uta.cl\/wp-content\/uploads\/2019\/07\/000_DSC_3545-768x511.jpg 768w\" sizes=\"(max-width: 1000px) 100vw, 1000px\" \/><\/a><\/figure><\/li><li class=\"blocks-gallery-item\"><figure><a href=\"https:\/\/www.uta.cl\/wp-content\/uploads\/2019\/07\/000_DSC_3539.jpg\"><img loading=\"lazy\" width=\"1000\" height=\"666\" src=\"https:\/\/www.uta.cl\/wp-content\/uploads\/2019\/07\/000_DSC_3539.jpg\" alt=\"\" data-id=\"20004\" data-link=\"https:\/\/www.uta.cl\/?attachment_id=20004\" class=\"wp-image-20004\" srcset=\"https:\/\/www.uta.cl\/wp-content\/uploads\/2019\/07\/000_DSC_3539.jpg 1000w, https:\/\/www.uta.cl\/wp-content\/uploads\/2019\/07\/000_DSC_3539-300x200.jpg 300w, https:\/\/www.uta.cl\/wp-content\/uploads\/2019\/07\/000_DSC_3539-768x511.jpg 768w\" sizes=\"(max-width: 1000px) 100vw, 1000px\" \/><\/a><\/figure><\/li><li class=\"blocks-gallery-item\"><figure><a href=\"https:\/\/www.uta.cl\/wp-content\/uploads\/2019\/07\/000_DSC_3536.jpg\"><img loading=\"lazy\" width=\"1000\" height=\"666\" src=\"https:\/\/www.uta.cl\/wp-content\/uploads\/2019\/07\/000_DSC_3536.jpg\" alt=\"\" data-id=\"20003\" data-link=\"https:\/\/www.uta.cl\/?attachment_id=20003\" class=\"wp-image-20003\" srcset=\"https:\/\/www.uta.cl\/wp-content\/uploads\/2019\/07\/000_DSC_3536.jpg 1000w, https:\/\/www.uta.cl\/wp-content\/uploads\/2019\/07\/000_DSC_3536-300x200.jpg 300w, https:\/\/www.uta.cl\/wp-content\/uploads\/2019\/07\/000_DSC_3536-768x511.jpg 768w\" sizes=\"(max-width: 1000px) 100vw, 1000px\" \/><\/a><\/figure><\/li><\/ul>\n","protected":false},"excerpt":{"rendered":"<p>Instancia tuvo por objetivo transferir conocimientos, adem\u00e1s de formar capital humano y aportar con la difusi\u00f3n de conocimientos sobre la aplicaci\u00f3n de soluciones solares a peque\u00f1a y mediana escala.<\/p>\n","protected":false},"author":1,"featured_media":20016,"comment_status":"open","ping_status":"open","sticky":false,"template":"","format":"standard","meta":[],"categories":[],"tags":[],"_links":{"self":[{"href":"https:\/\/www.uta.cl\/index.php\/wp-json\/wp\/v2\/posts\/20002"}],"collection":[{"href":"https:\/\/www.uta.cl\/index.php\/wp-json\/wp\/v2\/posts"}],"about":[{"href":"https:\/\/www.uta.cl\/index.php\/wp-json\/wp\/v2\/types\/post"}],"author":[{"embeddable":true,"href":"https:\/\/www.uta.cl\/index.php\/wp-json\/wp\/v2\/users\/1"}],"replies":[{"embeddable":true,"href":"https:\/\/www.uta.cl\/index.php\/wp-json\/wp\/v2\/comments?post=20002"}],"version-history":[{"count":2,"href":"https:\/\/www.uta.cl\/index.php\/wp-json\/wp\/v2\/posts\/20002\/revisions"}],"predecessor-version":[{"id":20295,"href":"https:\/\/www.uta.cl\/index.php\/wp-json\/wp\/v2\/posts\/20002\/revisions\/20295"}],"wp:featuredmedia":[{"embeddable":true,"href":"https:\/\/www.uta.cl\/index.php\/wp-json\/wp\/v2\/media\/20016"}],"wp:attachment":[{"href":"https:\/\/www.uta.cl\/index.php\/wp-json\/wp\/v2\/media?parent=20002"}],"wp:term":[{"taxonomy":"category","embeddable":true,"href":"https:\/\/www.uta.cl\/index.php\/wp-json\/wp\/v2\/categories?post=20002"},{"taxonomy":"post_tag","embeddable":true,"href":"https:\/\/www.uta.cl\/index.php\/wp-json\/wp\/v2\/tags?post=20002"}],"curies":[{"name":"wp","href":"https:\/\/api.w.org\/{rel}","templated":true}]}}