{"id":19879,"date":"2019-07-24T14:46:08","date_gmt":"2019-07-24T14:46:08","guid":{"rendered":"https:\/\/www.uta.cl\/?p=19879"},"modified":"2019-07-24T14:46:26","modified_gmt":"2019-07-24T14:46:26","slug":"taller-de-ceramica-de-la-uta-inicia-su-aniversario-n55-con-novedosa-exposicion-itinerante","status":"publish","type":"post","link":"https:\/\/www.uta.cl\/index.php\/2019\/07\/24\/taller-de-ceramica-de-la-uta-inicia-su-aniversario-n55-con-novedosa-exposicion-itinerante\/","title":{"rendered":"Taller de Cer\u00e1mica de la UTA inicia su Aniversario N\u00b055 con novedosa exposici\u00f3n itinerante"},"content":{"rendered":"\n<p>Desde el 10  de julio hasta el 14 de agosto, la comunidad universitaria podr\u00e1 visitar la exposici\u00f3n itinerante que exhibe piezas fabricadas por 25 personas, quienes participaron del Taller de Cer\u00e1mica de la Universidad de Tarapac\u00e1.<\/p>\n\n\n\n<figure class=\"wp-block-image\"><a href=\"https:\/\/www.uta.cl\/wp-content\/uploads\/2019\/07\/00000_DSC_3296.jpg\"><img loading=\"lazy\" width=\"1000\" height=\"666\" src=\"https:\/\/www.uta.cl\/wp-content\/uploads\/2019\/07\/00000_DSC_3296.jpg\" alt=\"\" class=\"wp-image-19897\" srcset=\"https:\/\/www.uta.cl\/wp-content\/uploads\/2019\/07\/00000_DSC_3296.jpg 1000w, https:\/\/www.uta.cl\/wp-content\/uploads\/2019\/07\/00000_DSC_3296-300x200.jpg 300w, https:\/\/www.uta.cl\/wp-content\/uploads\/2019\/07\/00000_DSC_3296-768x511.jpg 768w\" sizes=\"(max-width: 1000px) 100vw, 1000px\" \/><\/a><\/figure>\n\n\n\n<p>El\nTaller de Cer\u00e1mica a\ncargo del Acad\u00e9mico Arturo Pe\u00f1a Raymondi, se\nalberga en el Centro de Artes y est\u00e1 adscrito a la Direcci\u00f3n de\nExtensi\u00f3n y Vinculaci\u00f3n con el Medio. Este a\u00f1o cumple 55 a\u00f1os de\nininterrumpida labor acad\u00e9mica y cultural desde su creaci\u00f3n el a\u00f1o\n1964, estando al servicio de la Universidad de Tarapac\u00e1 y de la\ncomunidad arique\u00f1a realizando una importante labor de vinculaci\u00f3n\ncon el medio. \n<\/p>\n\n\n\n<p>Para\nel Director de Extensi\u00f3n y Vinculaci\u00f3n con el Medio, Sergio Medina\nParra, esta iniciativa \u201cpone de manifiesto el fecundo trabajo\nrealizado por los acad\u00e9micos del taller, formando generaciones con\nel complemento integral que entrega el arte y desarrollando una\nagenda de Vinculaci\u00f3n con el Medio art\u00edstico y cultural\nconsolidada. 55 a\u00f1os hablan de una s\u00f3lida trayectoria que como\nUniversidad del Estado debemos apoyar y valorar pues impacta\ntransversalmente en nuestra comunidad universitaria y regional. Aqu\u00ed\nparticipan acad\u00e9micos, acad\u00e9micas, estudiantes de diversas carreras\ny comunidad en general, por tanto felicito al Profesor Arturo Pe\u00f1a,\nequipo y quienes han formado parte de la historia de este gran taller\nque hoy reconocemos.\u201d.<\/p>\n\n\n\n<p>\nPor\nsu parte, el acad\u00e9mico del Centro de Artes y Jefe del Taller de\nCer\u00e1mica de la UTA, Arturo Pe\u00f1a Raymondi, destac\u00f3 que esta\nexposici\u00f3n itinerante tiene por objetivo, \u201cdar a conocer a la\ncomunidad universitaria el quehacer tanto acad\u00e9mico como art\u00edstico\nque el Taller de Cer\u00e1mica ha venido desarrollando durante sus 55\na\u00f1os de existencia. En esta muestra itinerante se exponen 30 obras\ncer\u00e1micas tanto funcionales, ornamentales y escult\u00f3ricas de 25\nexpositores entre profesores, alumnos del electivo de formaci\u00f3n\ngeneral y cursos de extensi\u00f3n, en los diferentes campus de nuestra\nUniversidad, destacando de esta manera el importante aporte cultural\ny art\u00edstico que nuestra Casa de Estudios Superiores proyecta a la\ncomunidad local, regional, nacional e internacional\u201d. \n<\/p>\n\n\n\n<p>En\ntanto, Alda Basaure, alumna desde hace ocho a\u00f1os del Taller de\nCer\u00e1mica expres\u00f3 que, \u201cha sido muy enriquecedor este taller. Me\nentrega esa seguridad de que yo soy algo, que puedo hacer cosas, para\nm\u00ed ha sido fabuloso. Uno se reencuentra con uno mismo, yo llego al\ntaller y se me olvida la casa porque me concentro tanto en lo que\nquiero crear que se pasan volando las horas\u201d. \n<\/p>\n\n\n\n<p>Esta imperdible exposici\u00f3n itinerante, abierta a toda la comunidad universitaria y arique\u00f1a, se podr\u00e1 apreciar el 25 de julio en el edificio de la FACSOJUR, del Campus Saucache, el 31 de julio se presentar\u00e1 en el frontis del Aula Magna del Campus Vel\u00e1squez, el 7 de agosto en Agronom\u00eda del Campus Azapa y finalizar\u00e1 el 14 de agosto en el Hall Central del Campus Saucache con una ceremonia de clausura.  <\/p>\n\n\n\n<figure class=\"wp-block-image\"><img loading=\"lazy\" width=\"1000\" height=\"666\" src=\"https:\/\/www.uta.cl\/wp-content\/uploads\/2019\/07\/00000_DSC_3289.jpg\" alt=\"\" class=\"wp-image-19891\" srcset=\"https:\/\/www.uta.cl\/wp-content\/uploads\/2019\/07\/00000_DSC_3289.jpg 1000w, https:\/\/www.uta.cl\/wp-content\/uploads\/2019\/07\/00000_DSC_3289-300x200.jpg 300w, https:\/\/www.uta.cl\/wp-content\/uploads\/2019\/07\/00000_DSC_3289-768x511.jpg 768w\" sizes=\"(max-width: 1000px) 100vw, 1000px\" \/><\/figure>\n\n\n\n<p><strong>Ininterrumpida\nlabor acad\u00e9mica  cultural y art\u00edstica<\/strong><\/p>\n\n\n\n<p>El\nTaller de Cer\u00e1mica de la Universidad de Tarapac\u00e1 fue creado en el\na\u00f1o 1964 y nace bajo el alero de la Escuela de Artes Aplicadas de la\nUniversidad de Chile sede Arica, su creador es el Acad\u00e9mico y\nEscultor Sr. Juan D\u00edaz Fleming, desde su creaci\u00f3n a la fecha este\ntaller ha realizado una ininterrumpida labor acad\u00e9mica cultural y\nart\u00edstica a trav\u00e9s de perfeccionamientos tanto a nivel local e\ninternacional dictando tambi\u00e9n cursos y talleres dirigidos a\ncolegios e instituciones tales como escuelas p\u00fablicas, escuelas\nespeciales, juntas vecinales, centros de madres, adultos mayores,\ncentros juveniles, centros de rehabilitaci\u00f3n e intercambios\nestudiantiles.<\/p>\n\n\n\n<p>El\nTaller de Cer\u00e1mica de esta Casa de Estudios Superiores pertenece al\nCentro de Artes y est\u00e1 bajo la direcci\u00f3n de Extensi\u00f3n y\nVinculaci\u00f3n con el Medio. Entre las actividades de docencia y de\nvinculaci\u00f3n con el medio que ha realizado el Taller de Cer\u00e1mica,\ndestacan: cursos de electivo de formaci\u00f3n general dirigido a las\ndiferentes carreras que ofrece la Universidad de Tarapac\u00e1, cursos de\nprestaci\u00f3n de servicios dirigidos a la comunidad de Arica, cursos de\nextensi\u00f3n dirigido a residentes del programa terap\u00e9utico Padre\nAlberto Hurtado y proyectos de investigaci\u00f3n y creaci\u00f3n Art\u00edstica,\nactividad desarrollada por sus acad\u00e9micos.<br>\nActualmente\nel Taller de Cer\u00e1mica est\u00e1 conformado por los acad\u00e9micos Arturo\nPe\u00f1a Raymondi, como jefe de Taller y el profesor Javier Vargas Tuna.\n\n<\/p>\n\n\n\n<ul class=\"wp-block-gallery columns-3 is-cropped\"><li class=\"blocks-gallery-item\"><figure><a href=\"https:\/\/www.uta.cl\/wp-content\/uploads\/2019\/07\/00000_1.jpg\"><img loading=\"lazy\" width=\"1000\" height=\"562\" src=\"https:\/\/www.uta.cl\/wp-content\/uploads\/2019\/07\/00000_1.jpg\" alt=\"\" data-id=\"19881\" data-link=\"https:\/\/www.uta.cl\/?attachment_id=19881\" class=\"wp-image-19881\" srcset=\"https:\/\/www.uta.cl\/wp-content\/uploads\/2019\/07\/00000_1.jpg 1000w, https:\/\/www.uta.cl\/wp-content\/uploads\/2019\/07\/00000_1-300x169.jpg 300w, https:\/\/www.uta.cl\/wp-content\/uploads\/2019\/07\/00000_1-768x432.jpg 768w\" sizes=\"(max-width: 1000px) 100vw, 1000px\" \/><\/a><\/figure><\/li><li class=\"blocks-gallery-item\"><figure><a href=\"https:\/\/www.uta.cl\/wp-content\/uploads\/2019\/07\/00000_2.jpg\"><img loading=\"lazy\" width=\"1000\" height=\"562\" src=\"https:\/\/www.uta.cl\/wp-content\/uploads\/2019\/07\/00000_2.jpg\" alt=\"\" data-id=\"19882\" data-link=\"https:\/\/www.uta.cl\/?attachment_id=19882\" class=\"wp-image-19882\" srcset=\"https:\/\/www.uta.cl\/wp-content\/uploads\/2019\/07\/00000_2.jpg 1000w, https:\/\/www.uta.cl\/wp-content\/uploads\/2019\/07\/00000_2-300x169.jpg 300w, https:\/\/www.uta.cl\/wp-content\/uploads\/2019\/07\/00000_2-768x432.jpg 768w\" sizes=\"(max-width: 1000px) 100vw, 1000px\" \/><\/a><\/figure><\/li><li class=\"blocks-gallery-item\"><figure><a href=\"https:\/\/www.uta.cl\/wp-content\/uploads\/2019\/07\/00000_DSC_3278.jpg\"><img loading=\"lazy\" width=\"1000\" height=\"666\" src=\"https:\/\/www.uta.cl\/wp-content\/uploads\/2019\/07\/00000_DSC_3278.jpg\" alt=\"\" data-id=\"19883\" data-link=\"https:\/\/www.uta.cl\/?attachment_id=19883\" class=\"wp-image-19883\" srcset=\"https:\/\/www.uta.cl\/wp-content\/uploads\/2019\/07\/00000_DSC_3278.jpg 1000w, https:\/\/www.uta.cl\/wp-content\/uploads\/2019\/07\/00000_DSC_3278-300x200.jpg 300w, https:\/\/www.uta.cl\/wp-content\/uploads\/2019\/07\/00000_DSC_3278-768x511.jpg 768w\" sizes=\"(max-width: 1000px) 100vw, 1000px\" \/><\/a><\/figure><\/li><li class=\"blocks-gallery-item\"><figure><a href=\"https:\/\/www.uta.cl\/wp-content\/uploads\/2019\/07\/00000_DSC_3279.jpg\"><img loading=\"lazy\" width=\"1000\" height=\"666\" src=\"https:\/\/www.uta.cl\/wp-content\/uploads\/2019\/07\/00000_DSC_3279.jpg\" alt=\"\" data-id=\"19884\" data-link=\"https:\/\/www.uta.cl\/?attachment_id=19884\" class=\"wp-image-19884\" srcset=\"https:\/\/www.uta.cl\/wp-content\/uploads\/2019\/07\/00000_DSC_3279.jpg 1000w, https:\/\/www.uta.cl\/wp-content\/uploads\/2019\/07\/00000_DSC_3279-300x200.jpg 300w, https:\/\/www.uta.cl\/wp-content\/uploads\/2019\/07\/00000_DSC_3279-768x511.jpg 768w\" sizes=\"(max-width: 1000px) 100vw, 1000px\" \/><\/a><\/figure><\/li><li class=\"blocks-gallery-item\"><figure><a href=\"https:\/\/www.uta.cl\/wp-content\/uploads\/2019\/07\/00000_DSC_3280.jpg\"><img loading=\"lazy\" width=\"1000\" height=\"666\" src=\"https:\/\/www.uta.cl\/wp-content\/uploads\/2019\/07\/00000_DSC_3280.jpg\" alt=\"\" data-id=\"19885\" data-link=\"https:\/\/www.uta.cl\/?attachment_id=19885\" class=\"wp-image-19885\" srcset=\"https:\/\/www.uta.cl\/wp-content\/uploads\/2019\/07\/00000_DSC_3280.jpg 1000w, https:\/\/www.uta.cl\/wp-content\/uploads\/2019\/07\/00000_DSC_3280-300x200.jpg 300w, https:\/\/www.uta.cl\/wp-content\/uploads\/2019\/07\/00000_DSC_3280-768x511.jpg 768w\" sizes=\"(max-width: 1000px) 100vw, 1000px\" \/><\/a><\/figure><\/li><li class=\"blocks-gallery-item\"><figure><a href=\"https:\/\/www.uta.cl\/wp-content\/uploads\/2019\/07\/00000_DSC_3281.jpg\"><img loading=\"lazy\" width=\"1000\" height=\"666\" src=\"https:\/\/www.uta.cl\/wp-content\/uploads\/2019\/07\/00000_DSC_3281.jpg\" alt=\"\" data-id=\"19886\" data-link=\"https:\/\/www.uta.cl\/?attachment_id=19886\" class=\"wp-image-19886\" srcset=\"https:\/\/www.uta.cl\/wp-content\/uploads\/2019\/07\/00000_DSC_3281.jpg 1000w, https:\/\/www.uta.cl\/wp-content\/uploads\/2019\/07\/00000_DSC_3281-300x200.jpg 300w, https:\/\/www.uta.cl\/wp-content\/uploads\/2019\/07\/00000_DSC_3281-768x511.jpg 768w\" sizes=\"(max-width: 1000px) 100vw, 1000px\" \/><\/a><\/figure><\/li><li class=\"blocks-gallery-item\"><figure><a href=\"https:\/\/www.uta.cl\/wp-content\/uploads\/2019\/07\/00000_DSC_3282.jpg\"><img loading=\"lazy\" width=\"1000\" height=\"666\" src=\"https:\/\/www.uta.cl\/wp-content\/uploads\/2019\/07\/00000_DSC_3282.jpg\" alt=\"\" data-id=\"19887\" data-link=\"https:\/\/www.uta.cl\/?attachment_id=19887\" class=\"wp-image-19887\" srcset=\"https:\/\/www.uta.cl\/wp-content\/uploads\/2019\/07\/00000_DSC_3282.jpg 1000w, https:\/\/www.uta.cl\/wp-content\/uploads\/2019\/07\/00000_DSC_3282-300x200.jpg 300w, https:\/\/www.uta.cl\/wp-content\/uploads\/2019\/07\/00000_DSC_3282-768x511.jpg 768w\" sizes=\"(max-width: 1000px) 100vw, 1000px\" \/><\/a><\/figure><\/li><li class=\"blocks-gallery-item\"><figure><a href=\"https:\/\/www.uta.cl\/wp-content\/uploads\/2019\/07\/00000_DSC_3283.jpg\"><img loading=\"lazy\" width=\"1000\" height=\"666\" src=\"https:\/\/www.uta.cl\/wp-content\/uploads\/2019\/07\/00000_DSC_3283.jpg\" alt=\"\" data-id=\"19888\" data-link=\"https:\/\/www.uta.cl\/?attachment_id=19888\" class=\"wp-image-19888\" srcset=\"https:\/\/www.uta.cl\/wp-content\/uploads\/2019\/07\/00000_DSC_3283.jpg 1000w, https:\/\/www.uta.cl\/wp-content\/uploads\/2019\/07\/00000_DSC_3283-300x200.jpg 300w, https:\/\/www.uta.cl\/wp-content\/uploads\/2019\/07\/00000_DSC_3283-768x511.jpg 768w\" sizes=\"(max-width: 1000px) 100vw, 1000px\" \/><\/a><\/figure><\/li><li class=\"blocks-gallery-item\"><figure><a href=\"https:\/\/www.uta.cl\/wp-content\/uploads\/2019\/07\/00000_DSC_3284.jpg\"><img loading=\"lazy\" width=\"1000\" height=\"666\" src=\"https:\/\/www.uta.cl\/wp-content\/uploads\/2019\/07\/00000_DSC_3284.jpg\" alt=\"\" data-id=\"19889\" data-link=\"https:\/\/www.uta.cl\/?attachment_id=19889\" class=\"wp-image-19889\" srcset=\"https:\/\/www.uta.cl\/wp-content\/uploads\/2019\/07\/00000_DSC_3284.jpg 1000w, https:\/\/www.uta.cl\/wp-content\/uploads\/2019\/07\/00000_DSC_3284-300x200.jpg 300w, https:\/\/www.uta.cl\/wp-content\/uploads\/2019\/07\/00000_DSC_3284-768x511.jpg 768w\" sizes=\"(max-width: 1000px) 100vw, 1000px\" \/><\/a><\/figure><\/li><li class=\"blocks-gallery-item\"><figure><a href=\"https:\/\/www.uta.cl\/wp-content\/uploads\/2019\/07\/00000_DSC_3285.jpg\"><img loading=\"lazy\" width=\"1000\" height=\"666\" src=\"https:\/\/www.uta.cl\/wp-content\/uploads\/2019\/07\/00000_DSC_3285.jpg\" alt=\"\" data-id=\"19890\" data-link=\"https:\/\/www.uta.cl\/?attachment_id=19890\" class=\"wp-image-19890\" srcset=\"https:\/\/www.uta.cl\/wp-content\/uploads\/2019\/07\/00000_DSC_3285.jpg 1000w, https:\/\/www.uta.cl\/wp-content\/uploads\/2019\/07\/00000_DSC_3285-300x200.jpg 300w, https:\/\/www.uta.cl\/wp-content\/uploads\/2019\/07\/00000_DSC_3285-768x511.jpg 768w\" sizes=\"(max-width: 1000px) 100vw, 1000px\" \/><\/a><\/figure><\/li><li class=\"blocks-gallery-item\"><figure><a href=\"https:\/\/www.uta.cl\/wp-content\/uploads\/2019\/07\/00000_DSC_3289.jpg\"><img loading=\"lazy\" width=\"1000\" height=\"666\" src=\"https:\/\/www.uta.cl\/wp-content\/uploads\/2019\/07\/00000_DSC_3289.jpg\" alt=\"\" data-id=\"19891\" data-link=\"https:\/\/www.uta.cl\/?attachment_id=19891\" class=\"wp-image-19891\" srcset=\"https:\/\/www.uta.cl\/wp-content\/uploads\/2019\/07\/00000_DSC_3289.jpg 1000w, https:\/\/www.uta.cl\/wp-content\/uploads\/2019\/07\/00000_DSC_3289-300x200.jpg 300w, https:\/\/www.uta.cl\/wp-content\/uploads\/2019\/07\/00000_DSC_3289-768x511.jpg 768w\" sizes=\"(max-width: 1000px) 100vw, 1000px\" \/><\/a><\/figure><\/li><li class=\"blocks-gallery-item\"><figure><a href=\"https:\/\/www.uta.cl\/wp-content\/uploads\/2019\/07\/00000_DSC_3290.jpg\"><img loading=\"lazy\" width=\"1000\" height=\"666\" src=\"https:\/\/www.uta.cl\/wp-content\/uploads\/2019\/07\/00000_DSC_3290.jpg\" alt=\"\" data-id=\"19892\" data-link=\"https:\/\/www.uta.cl\/?attachment_id=19892\" class=\"wp-image-19892\" srcset=\"https:\/\/www.uta.cl\/wp-content\/uploads\/2019\/07\/00000_DSC_3290.jpg 1000w, https:\/\/www.uta.cl\/wp-content\/uploads\/2019\/07\/00000_DSC_3290-300x200.jpg 300w, https:\/\/www.uta.cl\/wp-content\/uploads\/2019\/07\/00000_DSC_3290-768x511.jpg 768w\" sizes=\"(max-width: 1000px) 100vw, 1000px\" \/><\/a><\/figure><\/li><li class=\"blocks-gallery-item\"><figure><a href=\"https:\/\/www.uta.cl\/wp-content\/uploads\/2019\/07\/00000_DSC_3291.jpg\"><img loading=\"lazy\" width=\"1000\" height=\"666\" src=\"https:\/\/www.uta.cl\/wp-content\/uploads\/2019\/07\/00000_DSC_3291.jpg\" alt=\"\" data-id=\"19893\" data-link=\"https:\/\/www.uta.cl\/?attachment_id=19893\" class=\"wp-image-19893\" srcset=\"https:\/\/www.uta.cl\/wp-content\/uploads\/2019\/07\/00000_DSC_3291.jpg 1000w, https:\/\/www.uta.cl\/wp-content\/uploads\/2019\/07\/00000_DSC_3291-300x200.jpg 300w, https:\/\/www.uta.cl\/wp-content\/uploads\/2019\/07\/00000_DSC_3291-768x511.jpg 768w\" sizes=\"(max-width: 1000px) 100vw, 1000px\" \/><\/a><\/figure><\/li><li class=\"blocks-gallery-item\"><figure><a href=\"https:\/\/www.uta.cl\/wp-content\/uploads\/2019\/07\/00000_DSC_3292.jpg\"><img loading=\"lazy\" width=\"1000\" height=\"666\" src=\"https:\/\/www.uta.cl\/wp-content\/uploads\/2019\/07\/00000_DSC_3292.jpg\" alt=\"\" data-id=\"19894\" data-link=\"https:\/\/www.uta.cl\/?attachment_id=19894\" class=\"wp-image-19894\" srcset=\"https:\/\/www.uta.cl\/wp-content\/uploads\/2019\/07\/00000_DSC_3292.jpg 1000w, https:\/\/www.uta.cl\/wp-content\/uploads\/2019\/07\/00000_DSC_3292-300x200.jpg 300w, https:\/\/www.uta.cl\/wp-content\/uploads\/2019\/07\/00000_DSC_3292-768x511.jpg 768w\" sizes=\"(max-width: 1000px) 100vw, 1000px\" \/><\/a><\/figure><\/li><li class=\"blocks-gallery-item\"><figure><a href=\"https:\/\/www.uta.cl\/wp-content\/uploads\/2019\/07\/00000_DSC_3293.jpg\"><img loading=\"lazy\" width=\"1000\" height=\"666\" src=\"https:\/\/www.uta.cl\/wp-content\/uploads\/2019\/07\/00000_DSC_3293.jpg\" alt=\"\" data-id=\"19895\" data-link=\"https:\/\/www.uta.cl\/?attachment_id=19895\" class=\"wp-image-19895\" srcset=\"https:\/\/www.uta.cl\/wp-content\/uploads\/2019\/07\/00000_DSC_3293.jpg 1000w, https:\/\/www.uta.cl\/wp-content\/uploads\/2019\/07\/00000_DSC_3293-300x200.jpg 300w, https:\/\/www.uta.cl\/wp-content\/uploads\/2019\/07\/00000_DSC_3293-768x511.jpg 768w\" sizes=\"(max-width: 1000px) 100vw, 1000px\" \/><\/a><\/figure><\/li><li class=\"blocks-gallery-item\"><figure><a href=\"https:\/\/www.uta.cl\/wp-content\/uploads\/2019\/07\/00000_DSC_3294-683x1024.jpg\"><img loading=\"lazy\" width=\"683\" height=\"1024\" src=\"https:\/\/www.uta.cl\/wp-content\/uploads\/2019\/07\/00000_DSC_3294-683x1024.jpg\" alt=\"\" data-id=\"19896\" data-link=\"https:\/\/www.uta.cl\/?attachment_id=19896\" class=\"wp-image-19896\" srcset=\"https:\/\/www.uta.cl\/wp-content\/uploads\/2019\/07\/00000_DSC_3294-683x1024.jpg 683w, https:\/\/www.uta.cl\/wp-content\/uploads\/2019\/07\/00000_DSC_3294-200x300.jpg 200w, https:\/\/www.uta.cl\/wp-content\/uploads\/2019\/07\/00000_DSC_3294-768x1152.jpg 768w, https:\/\/www.uta.cl\/wp-content\/uploads\/2019\/07\/00000_DSC_3294.jpg 1000w\" sizes=\"(max-width: 683px) 100vw, 683px\" \/><\/a><\/figure><\/li><li class=\"blocks-gallery-item\"><figure><a href=\"https:\/\/www.uta.cl\/wp-content\/uploads\/2019\/07\/00000_DSC_3296.jpg\"><img loading=\"lazy\" width=\"1000\" height=\"666\" src=\"https:\/\/www.uta.cl\/wp-content\/uploads\/2019\/07\/00000_DSC_3296.jpg\" alt=\"\" data-id=\"19897\" data-link=\"https:\/\/www.uta.cl\/?attachment_id=19897\" class=\"wp-image-19897\" srcset=\"https:\/\/www.uta.cl\/wp-content\/uploads\/2019\/07\/00000_DSC_3296.jpg 1000w, https:\/\/www.uta.cl\/wp-content\/uploads\/2019\/07\/00000_DSC_3296-300x200.jpg 300w, https:\/\/www.uta.cl\/wp-content\/uploads\/2019\/07\/00000_DSC_3296-768x511.jpg 768w\" sizes=\"(max-width: 1000px) 100vw, 1000px\" \/><\/a><\/figure><\/li><\/ul>\n","protected":false},"excerpt":{"rendered":"<p>La exposici\u00f3n muestra el talento arique\u00f1o la cual se exhibe en diferentes espacios de la Universidad de Tarapac\u00e1 hasta el 14 de agosto.<\/p>\n","protected":false},"author":1,"featured_media":19880,"comment_status":"open","ping_status":"open","sticky":false,"template":"","format":"standard","meta":[],"categories":[51],"tags":[],"_links":{"self":[{"href":"https:\/\/www.uta.cl\/index.php\/wp-json\/wp\/v2\/posts\/19879"}],"collection":[{"href":"https:\/\/www.uta.cl\/index.php\/wp-json\/wp\/v2\/posts"}],"about":[{"href":"https:\/\/www.uta.cl\/index.php\/wp-json\/wp\/v2\/types\/post"}],"author":[{"embeddable":true,"href":"https:\/\/www.uta.cl\/index.php\/wp-json\/wp\/v2\/users\/1"}],"replies":[{"embeddable":true,"href":"https:\/\/www.uta.cl\/index.php\/wp-json\/wp\/v2\/comments?post=19879"}],"version-history":[{"count":1,"href":"https:\/\/www.uta.cl\/index.php\/wp-json\/wp\/v2\/posts\/19879\/revisions"}],"predecessor-version":[{"id":19898,"href":"https:\/\/www.uta.cl\/index.php\/wp-json\/wp\/v2\/posts\/19879\/revisions\/19898"}],"wp:featuredmedia":[{"embeddable":true,"href":"https:\/\/www.uta.cl\/index.php\/wp-json\/wp\/v2\/media\/19880"}],"wp:attachment":[{"href":"https:\/\/www.uta.cl\/index.php\/wp-json\/wp\/v2\/media?parent=19879"}],"wp:term":[{"taxonomy":"category","embeddable":true,"href":"https:\/\/www.uta.cl\/index.php\/wp-json\/wp\/v2\/categories?post=19879"},{"taxonomy":"post_tag","embeddable":true,"href":"https:\/\/www.uta.cl\/index.php\/wp-json\/wp\/v2\/tags?post=19879"}],"curies":[{"name":"wp","href":"https:\/\/api.w.org\/{rel}","templated":true}]}}