{"id":19855,"date":"2019-07-19T15:59:30","date_gmt":"2019-07-19T15:59:30","guid":{"rendered":"https:\/\/www.uta.cl\/?p=19855"},"modified":"2019-07-19T15:59:34","modified_gmt":"2019-07-19T15:59:34","slug":"uta-sede-iquique-titulo-a-nuevos-profesionales-en-solemne-ceremonia","status":"publish","type":"post","link":"https:\/\/www.uta.cl\/index.php\/2019\/07\/19\/uta-sede-iquique-titulo-a-nuevos-profesionales-en-solemne-ceremonia\/","title":{"rendered":"UTA Sede Iquique titul\u00f3 a nuevos profesionales en solemne ceremonia"},"content":{"rendered":"\n<p>Con la presencia del Vicerrector Acad\u00e9mico, Dr. Alfonso D\u00edaz Aguad, del Secretario, Luis Tapia Iturrieta, de la Registradora, Marlene Cisternas Riveros; de la Directora de Sede Iquique, Yasna Godoy Henr\u00edquez y del Director de Administraci\u00f3n y Finanzas de dicha sede, Dr. Pablo G\u00e1lvez C\u00e1stex, se realiz\u00f3  la tradicional y solemne ceremonia de titulaci\u00f3n en el Sal\u00f3n Tarapac\u00e1 de la ciudad de Iquique.  <\/p>\n\n\n\n<figure class=\"wp-block-image\"><a href=\"https:\/\/www.uta.cl\/wp-content\/uploads\/2019\/07\/IMG_20190613_193129_1.jpg\"><img loading=\"lazy\" width=\"1000\" height=\"409\" src=\"https:\/\/www.uta.cl\/wp-content\/uploads\/2019\/07\/IMG_20190613_193129_1.jpg\" alt=\"\" class=\"wp-image-19858\" srcset=\"https:\/\/www.uta.cl\/wp-content\/uploads\/2019\/07\/IMG_20190613_193129_1.jpg 1000w, https:\/\/www.uta.cl\/wp-content\/uploads\/2019\/07\/IMG_20190613_193129_1-300x123.jpg 300w, https:\/\/www.uta.cl\/wp-content\/uploads\/2019\/07\/IMG_20190613_193129_1-768x314.jpg 768w\" sizes=\"(max-width: 1000px) 100vw, 1000px\" \/><\/a><figcaption>fznor<\/figcaption><\/figure>\n\n\n\n<p>En\nesta oportunidad, recibieron sus diplomas de t\u00edtulos los egresados\nde las carreras de: Psicolog\u00eda, Derecho, Trabajo Social,\nKinesiolog\u00eda y Rehabilitaci\u00f3n; enfermer\u00eda, Nutrici\u00f3n y Diet\u00e9tica;\nIngenier\u00eda Civil El\u00e9ctrica, Ingenier\u00eda Civil Industrial,\nIngenier\u00eda Comercial con menci\u00f3n en Gesti\u00f3n y Comercio Exterior,\nIngenier\u00eda Civil en Inform\u00e1tica y Pedagog\u00eda en Educaci\u00f3n B\u00e1sica.\n\n<\/p>\n\n\n\n<p>En\nsu discurso, la Directora de la Sede Iquique, Dra. Yasna Godoy\nHenr\u00edquez, incentiv\u00f3 al grupo de profesionales destacar los valores\ncomo seres humanos que han construido, porque \u201cpara hacer ciencia\ntambi\u00e9n se necesita una profunda empat\u00eda social que permita\nsintonizar con el sentir de los dem\u00e1s y saber qu\u00e9 acciones\nprofesionales ser\u00e1n nutritivas para el bienestar y el progreso\ncom\u00fan. La empat\u00eda social fundamenta la realizaci\u00f3n de acciones\nprofesionales que se nutren del sentir de los otros, de sus\nnecesidades, miedos y alegr\u00edas. De ello se desprender\u00e1n las\npol\u00edticas p\u00fablicas, las atenciones individuales y las\ninvestigaciones sociales que podr\u00e1n proponer soluciones efectivas y\nreales a las demandas de las personas de nuestros territorios\u201d<em>.<\/em>\n\n<\/p>\n\n\n\n<figure class=\"wp-block-image\"><a href=\"https:\/\/www.uta.cl\/wp-content\/uploads\/2019\/07\/1560468134989_edit1.jpg\"><img loading=\"lazy\" width=\"1000\" height=\"645\" src=\"https:\/\/www.uta.cl\/wp-content\/uploads\/2019\/07\/1560468134989_edit1.jpg\" alt=\"\" class=\"wp-image-19856\" srcset=\"https:\/\/www.uta.cl\/wp-content\/uploads\/2019\/07\/1560468134989_edit1.jpg 1000w, https:\/\/www.uta.cl\/wp-content\/uploads\/2019\/07\/1560468134989_edit1-300x194.jpg 300w, https:\/\/www.uta.cl\/wp-content\/uploads\/2019\/07\/1560468134989_edit1-768x495.jpg 768w\" sizes=\"(max-width: 1000px) 100vw, 1000px\" \/><\/a><\/figure>\n\n\n\n<p>Asimismo,\nse refiri\u00f3 al aprendizaje continuo, indic\u00e1ndole a los titulados que\n\u201cdeben actualizarse permanentemente en nuevos m\u00e9todos, nuevas\nteor\u00edas y nuevas t\u00e9cnicas que permitan dar soluciones nuevas a\nproblemas antiguos. En tiempos del Big Data, las ciencias sociales\nest\u00e1n llamadas a nutrir sus reflexiones y acciones con informaci\u00f3n\npertinente y actualizada. Y por otro lado, en tiempos de gran\nexpansi\u00f3n tecnol\u00f3gica, se hace necesario abrazar la voz de los\notros con m\u00e9todos cualitativos que permitan ser voz y espejo de los\ndem\u00e1s\u201d.\n<\/p>\n\n\n\n<p>Concluyo\nse\u00f1alando que, \u201csean valientes, perseverantes y met\u00f3dicos, porque\nahora son quienes tienen el deber de fertilizar nuestras ciudades,\npueblos y quebradas de compromiso social, inclusi\u00f3n y excelencia\nprofesional. Tienen el deber se ser ciudadanos, hombres y mujeres de\nbien, que aporten a la construcci\u00f3n de un Chile m\u00e1s humano e\ninclusivo, con la pasi\u00f3n que requieren los grandes ideales\u201d,\nindic\u00f3 la acad\u00e9mica y autoridad acad\u00e9mica de la Sede Iquique.<\/p>\n\n\n\n<p><strong>Ceremonia\nde Titulaci\u00f3n: Tradici\u00f3n Uta<\/strong><\/p>\n\n\n\n<div class=\"wp-block-image\"><figure class=\"alignleft is-resized\"><img loading=\"lazy\" src=\"https:\/\/www.uta.cl\/wp-content\/uploads\/2019\/07\/IMG_20190612_200550_1.jpg\" alt=\"\" class=\"wp-image-19857\" width=\"323\" height=\"242\" srcset=\"https:\/\/www.uta.cl\/wp-content\/uploads\/2019\/07\/IMG_20190612_200550_1.jpg 1000w, https:\/\/www.uta.cl\/wp-content\/uploads\/2019\/07\/IMG_20190612_200550_1-300x225.jpg 300w, https:\/\/www.uta.cl\/wp-content\/uploads\/2019\/07\/IMG_20190612_200550_1-768x576.jpg 768w\" sizes=\"(max-width: 323px) 100vw, 323px\" \/><figcaption>fznor<\/figcaption><\/figure><\/div>\n\n\n\n<p>\nLa Universidad de Tarapac\u00e1, este\na\u00f1o cumple su Trig\u00e9simo Octavo Aniversario, generando una de las\ntradiciones m\u00e1s solemnes por medio de la titulaci\u00f3n. Al respecto,\nel anterior Secretario de la Universidad de Tarapac\u00e1, Luis Tapia\nIturrieta, se refiri\u00f3 a los avances que ha visualizado en las\nceremonias de esta Casa de Estudios Superiores y el significado que\ntiene para la Comunidad Universitaria y la sociedad, con la entrega\nde profesionales de excelencia.<\/p>\n\n\n\n<p>\u201cHemos\n visto que en estas \u00faltimas generaciones, en muchos casos, son los\nprimeros integrantes de su n\u00facleo familiar  que alcanzan la\neducaci\u00f3n superior, y con ello, un t\u00edtulo universitario, por lo\ntanto, se sienten muy orgullosos y participan con mucha emoci\u00f3n al\nrecibir un miembro de sus familias con estas caracter\u00edsticas\u201d,\nexpres\u00f3 el Secretario. \n<\/p>\n\n\n\n<p>Respecto\nde los simbolismos que engloban esta tradicional ceremonia, coment\u00f3\nque, \u201ccomo Secretario, me corresponde tomar el juramento\nprofesional. Hay que destacar, que nuestra Instituci\u00f3n es una de las\nuniversidades que va manteniendo esta tradici\u00f3n, porque otras casas\nde estudios, finalizan el proceso del estudiante con el examen de\ngrado. No hay un espacio para compartir desde lo masivo, como en una\nceremonia. Aqu\u00ed, el profesional siente que se compromete con su\ninstituci\u00f3n, de otorgarle a sus familias y la sociedad, la\nposibilidad de retribuir lo que obtuvo en su formaci\u00f3n\u201d, concluy\u00f3\nla autoridad universitaria.<\/p>\n","protected":false},"excerpt":{"rendered":"<p>La tradicional ceremonia se realiz\u00f3 en el Sal\u00f3n Tarapac\u00e1, frente a m\u00e1s de 500 personas que se congregaron para acompa\u00f1ar a los egresados que recib\u00edan t\u00edtulos y\/o grados en la finalizaci\u00f3n de esta etapa de formaci\u00f3n acad\u00e9mica.<\/p>\n","protected":false},"author":1,"featured_media":19856,"comment_status":"open","ping_status":"open","sticky":false,"template":"","format":"standard","meta":[],"categories":[42,51],"tags":[],"_links":{"self":[{"href":"https:\/\/www.uta.cl\/index.php\/wp-json\/wp\/v2\/posts\/19855"}],"collection":[{"href":"https:\/\/www.uta.cl\/index.php\/wp-json\/wp\/v2\/posts"}],"about":[{"href":"https:\/\/www.uta.cl\/index.php\/wp-json\/wp\/v2\/types\/post"}],"author":[{"embeddable":true,"href":"https:\/\/www.uta.cl\/index.php\/wp-json\/wp\/v2\/users\/1"}],"replies":[{"embeddable":true,"href":"https:\/\/www.uta.cl\/index.php\/wp-json\/wp\/v2\/comments?post=19855"}],"version-history":[{"count":1,"href":"https:\/\/www.uta.cl\/index.php\/wp-json\/wp\/v2\/posts\/19855\/revisions"}],"predecessor-version":[{"id":19859,"href":"https:\/\/www.uta.cl\/index.php\/wp-json\/wp\/v2\/posts\/19855\/revisions\/19859"}],"wp:featuredmedia":[{"embeddable":true,"href":"https:\/\/www.uta.cl\/index.php\/wp-json\/wp\/v2\/media\/19856"}],"wp:attachment":[{"href":"https:\/\/www.uta.cl\/index.php\/wp-json\/wp\/v2\/media?parent=19855"}],"wp:term":[{"taxonomy":"category","embeddable":true,"href":"https:\/\/www.uta.cl\/index.php\/wp-json\/wp\/v2\/categories?post=19855"},{"taxonomy":"post_tag","embeddable":true,"href":"https:\/\/www.uta.cl\/index.php\/wp-json\/wp\/v2\/tags?post=19855"}],"curies":[{"name":"wp","href":"https:\/\/api.w.org\/{rel}","templated":true}]}}