{"id":19852,"date":"2019-07-19T15:47:48","date_gmt":"2019-07-19T15:47:48","guid":{"rendered":"https:\/\/www.uta.cl\/?p=19852"},"modified":"2019-07-19T15:48:10","modified_gmt":"2019-07-19T15:48:10","slug":"ballet-folclorico-de-la-universidad-de-tarapaca-realiza-exitosa-gala-folclorica-bafut-rumbo-al-viejo-continente","status":"publish","type":"post","link":"https:\/\/www.uta.cl\/index.php\/2019\/07\/19\/ballet-folclorico-de-la-universidad-de-tarapaca-realiza-exitosa-gala-folclorica-bafut-rumbo-al-viejo-continente\/","title":{"rendered":"Ballet Folcl\u00f3rico de la Universidad de Tarapac\u00e1, realiza exitosa gala folcl\u00f3rica \u201cBAFUT rumbo al viejo continente\u201d"},"content":{"rendered":"\n<p>Con un Teatro Municipal completamente lleno, este s\u00e1bado 13 de julio, el Ballet Folcl\u00f3rico de la Universidad de Tarapac\u00e1, BAFUT, realiz\u00f3 su tradicional gala folcl\u00f3rica deleitando a los asistentes con su diversidad de cuadros de danza, espect\u00e1culo de calidad que a\u00f1o tras a\u00f1o deleita a la comunidad arique\u00f1a.  <\/p>\n\n\n\n<figure class=\"wp-block-image\"><img loading=\"lazy\" width=\"1024\" height=\"607\" src=\"https:\/\/www.uta.cl\/wp-content\/uploads\/2019\/07\/base-5-1024x607.jpg\" alt=\"\" class=\"wp-image-19853\" srcset=\"https:\/\/www.uta.cl\/wp-content\/uploads\/2019\/07\/base-5-1024x607.jpg 1024w, https:\/\/www.uta.cl\/wp-content\/uploads\/2019\/07\/base-5-300x178.jpg 300w, https:\/\/www.uta.cl\/wp-content\/uploads\/2019\/07\/base-5-768x455.jpg 768w, https:\/\/www.uta.cl\/wp-content\/uploads\/2019\/07\/base-5.jpg 1217w\" sizes=\"(max-width: 1024px) 100vw, 1024px\" \/><\/figure>\n\n\n\n<p>\nLa\ngala art\u00edstica titulada en esta oportunidad \u201cBAFUT\nrumbo al viejo continente\u201d, tuvo por objetivo reunir\nfondos suficientes para viajar a Europa en el mes de agosto, donde\nrecorrer\u00e1 distintas regiones de Espa\u00f1a donde fueron invitados a\ncuatro Festivales Internacionales de Danzas Folcl\u00f3ricas del Congreso\nInternacional de Organizaciones de Festivales de Folklore y de las\nArtes Tradicionales (CIOFF), destacando presentaciones en la XXXI\nMuestra Internacional de Folclor por las Tierras de Cantabria; 40\u00ba\nFestival Internacional  de Danzas Villablanca; 46\u00ba Festival\nFolcl\u00f3rico Internacional de Ronda 2019 y el XXVIII Encuentro\nInternacional  de Folclor Ciudad de Zaragoza.<\/p>\n\n\n\n<p>Durante\n1 hora y 30 minutos, el BAFUT inici\u00f3 su espect\u00e1culo con videos de\nsaludos desde Espa\u00f1a y una maleta vieja en el centro del escenario,\ninvitando a los asistentes a realizar un recorrido por toda la\ngeograf\u00eda musical y folcl\u00f3rica de nuestro pa\u00eds, destacando\nlos cuadros: Viva Chile (Huaso), Chilo\u00e9, Semblanza Nortina (Norte),\nRapa Nui, Afmapu, los confines de la tierra (Arauco) y especialmente\nsu cuadro en homenaje a la cultura Afrodescendiente \u201cTumbe\u201d,\nrecopilado a trav\u00e9s del trabajo realizado con la Agrupaci\u00f3n Sabor\nMoreno, cumpliendo con la promesa de difundir la cultura Afro\nArique\u00f1a al mundo.<\/p>\n\n\n\n<p>\nAl\nfinalizar el espect\u00e1culo, el Director de Extensi\u00f3n y Vinculaci\u00f3n\ncon el Medio de la Universidad de Tarapac\u00e1, Sergio Medina Parra,\nfelicit\u00f3 a sus 27 integrantes entre m\u00fasicos y bailarines, y a su\nencargada la profesora Vilma Blanco Labarca, expresando que esta\ndestacada agrupaci\u00f3n demostr\u00f3 una vez m\u00e1s su profesionalismo que\nlos ha llevado a ser dignos embajadores de la Regi\u00f3n de Arica y\nParinacota en nuestra regi\u00f3n y en el mundo.<\/p>\n\n\n\n<figure class=\"wp-block-image\"><a href=\"https:\/\/photos.app.goo.gl\/KXqyJiMr6NoJC6Jq5\" target=\"_blank\"><img loading=\"lazy\" width=\"300\" height=\"60\" src=\"https:\/\/www.uta.cl\/wp-content\/uploads\/2019\/05\/ver_galeria.jpg\" alt=\"\" class=\"wp-image-8828\"\/><\/a><\/figure>\n","protected":false},"excerpt":{"rendered":"<p>El s\u00e1bado 13 de julio, se realiz\u00f3 la gala del BAFUT, qu\u00e9 pr\u00f3ximamente recorrer\u00e1 distintas regiones de Espa\u00f1a para participar en cuatro festivales internacionales de danzas folcl\u00f3ricas del Congreso Internacional de Organizaciones de Festivales de Folklore y de las Artes Tradicionales (CIOFF).<\/p>\n","protected":false},"author":1,"featured_media":19853,"comment_status":"open","ping_status":"open","sticky":false,"template":"","format":"standard","meta":[],"categories":[],"tags":[],"_links":{"self":[{"href":"https:\/\/www.uta.cl\/index.php\/wp-json\/wp\/v2\/posts\/19852"}],"collection":[{"href":"https:\/\/www.uta.cl\/index.php\/wp-json\/wp\/v2\/posts"}],"about":[{"href":"https:\/\/www.uta.cl\/index.php\/wp-json\/wp\/v2\/types\/post"}],"author":[{"embeddable":true,"href":"https:\/\/www.uta.cl\/index.php\/wp-json\/wp\/v2\/users\/1"}],"replies":[{"embeddable":true,"href":"https:\/\/www.uta.cl\/index.php\/wp-json\/wp\/v2\/comments?post=19852"}],"version-history":[{"count":1,"href":"https:\/\/www.uta.cl\/index.php\/wp-json\/wp\/v2\/posts\/19852\/revisions"}],"predecessor-version":[{"id":19854,"href":"https:\/\/www.uta.cl\/index.php\/wp-json\/wp\/v2\/posts\/19852\/revisions\/19854"}],"wp:featuredmedia":[{"embeddable":true,"href":"https:\/\/www.uta.cl\/index.php\/wp-json\/wp\/v2\/media\/19853"}],"wp:attachment":[{"href":"https:\/\/www.uta.cl\/index.php\/wp-json\/wp\/v2\/media?parent=19852"}],"wp:term":[{"taxonomy":"category","embeddable":true,"href":"https:\/\/www.uta.cl\/index.php\/wp-json\/wp\/v2\/categories?post=19852"},{"taxonomy":"post_tag","embeddable":true,"href":"https:\/\/www.uta.cl\/index.php\/wp-json\/wp\/v2\/tags?post=19852"}],"curies":[{"name":"wp","href":"https:\/\/api.w.org\/{rel}","templated":true}]}}