{"id":19755,"date":"2019-07-11T21:33:40","date_gmt":"2019-07-11T21:33:40","guid":{"rendered":"https:\/\/www.uta.cl\/?p=19755"},"modified":"2019-07-11T21:33:57","modified_gmt":"2019-07-11T21:33:57","slug":"carrera-de-ingenieria-civil-industrial-de-la-uta-realiza-exitosa-feria-informativa-ici-break-2019","status":"publish","type":"post","link":"https:\/\/www.uta.cl\/index.php\/2019\/07\/11\/carrera-de-ingenieria-civil-industrial-de-la-uta-realiza-exitosa-feria-informativa-ici-break-2019\/","title":{"rendered":"Carrera de Ingenier\u00eda Civil Industrial de la UTA realiza exitosa feria informativa: ICI Break 2019"},"content":{"rendered":"\n<p>Por tercer a\u00f1o consecutivo, estudiantes de primer a\u00f1o de la carrera de Ingenier\u00eda Civil Industrial de la Universidad de Tarapac\u00e1, sede Arica, organizaron y llevaron a cabo su feria informativa, la cual adem\u00e1s de difundir sobre las distintas unidades de la UTA, cont\u00f3 con actividades deportivas, bailes, juegos y concursos.<\/p>\n\n\n\n<figure class=\"wp-block-image\"><img loading=\"lazy\" width=\"700\" height=\"467\" src=\"https:\/\/www.uta.cl\/wp-content\/uploads\/2019\/07\/DSC_0285-copia.jpg\" alt=\"\" class=\"wp-image-19756\" srcset=\"https:\/\/www.uta.cl\/wp-content\/uploads\/2019\/07\/DSC_0285-copia.jpg 700w, https:\/\/www.uta.cl\/wp-content\/uploads\/2019\/07\/DSC_0285-copia-300x200.jpg 300w\" sizes=\"(max-width: 700px) 100vw, 700px\" \/><\/figure>\n\n\n\n<p>En\nesta oportunidad, la actividad fue denominada ICI BREAK, contando con\nla gu\u00eda del equipo de tutores pares de la carrera, y tuvo como\nobjetivo principal poner a prueba la capacidad de gesti\u00f3n,\norganizaci\u00f3n, trabajo en equipo y liderazgo de los estudiantes de\nprimer a\u00f1o, permiti\u00e9ndoles adem\u00e1s, acercarse a la labor que\nimplica realizar presupuestos, obtener ganancias en algo que podr\u00eda\nser su labor en el futuro como profesionales. \n<\/p>\n\n\n\n<p>La\njornada se desarroll\u00f3 exitosamente gracias a la labor comprometida\nde los estudiantes y al apoyo de las unidades de la Instituci\u00f3n que\nse hicieron presentes, permitiendo contar con una exitosa\nconvocatoria de estudiantes de tercero y cuarto a\u00f1o de Ense\u00f1anza\nMedia y primer a\u00f1o de Educaci\u00f3n Superior quienes recibieron\ninformaci\u00f3n y orientaci\u00f3n acerca de cada uno de los servicios\ninstitucionales que brinda esta Casa de Estudios Superiores. \n<\/p>\n\n\n\n<figure class=\"wp-block-image\"><img loading=\"lazy\" width=\"900\" height=\"302\" src=\"https:\/\/www.uta.cl\/wp-content\/uploads\/2019\/07\/feria_ici_4.jpg\" alt=\"\" class=\"wp-image-19759\" srcset=\"https:\/\/www.uta.cl\/wp-content\/uploads\/2019\/07\/feria_ici_4.jpg 900w, https:\/\/www.uta.cl\/wp-content\/uploads\/2019\/07\/feria_ici_4-300x101.jpg 300w, https:\/\/www.uta.cl\/wp-content\/uploads\/2019\/07\/feria_ici_4-768x258.jpg 768w\" sizes=\"(max-width: 900px) 100vw, 900px\" \/><\/figure>\n\n\n\n<p><strong>BALANCE\n<\/strong>\n<\/p>\n\n\n\n<p>La\nTutora Par de la carrera de Ingenier\u00eda Civil Industrial, Coraz\u00f3n\nMurga Villanueva, indic\u00f3 que este es el tercer a\u00f1o que se realiza\nesta feria, cada a\u00f1o con un nuevo aprendizaje con la finalidad de\nseguir mejorando. \u201cDesde nuestro punto de vista la feria fue\nun&nbsp;\u00e9xito, tuvo una gran concurrencia, hubo diversas actividades\nentretenidas que hicieron que los asistentes participaran\nactivamente.  Cada a\u00f1o la feria ha podido ir mejorando y ha sido\nimportante para nosotros ver como una actividad que es realizada\nnetamente por el equipo de tutores y estudiantes de primer a\u00f1o es\ndesarrollada de una forma tan positiva\u201d, relat\u00f3 la estudiante.<\/p>\n\n\n\n<figure class=\"wp-block-image\"><img loading=\"lazy\" width=\"900\" height=\"302\" src=\"https:\/\/www.uta.cl\/wp-content\/uploads\/2019\/07\/feria_ici_3.jpg\" alt=\"\" class=\"wp-image-19758\" srcset=\"https:\/\/www.uta.cl\/wp-content\/uploads\/2019\/07\/feria_ici_3.jpg 900w, https:\/\/www.uta.cl\/wp-content\/uploads\/2019\/07\/feria_ici_3-300x101.jpg 300w, https:\/\/www.uta.cl\/wp-content\/uploads\/2019\/07\/feria_ici_3-768x258.jpg 768w\" sizes=\"(max-width: 900px) 100vw, 900px\" \/><\/figure>\n\n\n\n<p>Por\notra parte, la tutora reflexion\u00f3 en torno a la relevancia de hacer\npart\u00edcipes a los estudiantes de primer a\u00f1o en actividades de esta\n\u00edndole. \u201cEsta actividad es de suma importancia para los\nestudiantes de primer a\u00f1o, la hemos integrado como una\nacci\u00f3n&nbsp;imprescindible,&nbsp;ya que es parte del perfil con el\ncual deben salir. Como Ingenieros Civiles Industriales es muy\nimportante el saber organizar tiempos, recursos, ser proactivos y\ntener la capacidad de&nbsp;resoluci\u00f3n&nbsp;de problemas.  Estas son\nalgunas de las habilidades que queremos que nuestros\nfuturos&nbsp;ingenieros&nbsp;empiecen a desarrollar desde sus\ninicios. Es por todo lo anteriormente mencionado que nos esforzamos\nen que nuestros tutorados vivan esta experiencia y puedan obtener una\nretroalimentaci\u00f3n que les sirva en un futuro\u201d, argument\u00f3 Murga\nVillanueva.<\/p>\n\n\n\n<figure class=\"wp-block-image\"><img loading=\"lazy\" width=\"900\" height=\"302\" src=\"https:\/\/www.uta.cl\/wp-content\/uploads\/2019\/07\/feria_ici_2.jpg\" alt=\"\" class=\"wp-image-19757\" srcset=\"https:\/\/www.uta.cl\/wp-content\/uploads\/2019\/07\/feria_ici_2.jpg 900w, https:\/\/www.uta.cl\/wp-content\/uploads\/2019\/07\/feria_ici_2-300x101.jpg 300w, https:\/\/www.uta.cl\/wp-content\/uploads\/2019\/07\/feria_ici_2-768x258.jpg 768w\" sizes=\"(max-width: 900px) 100vw, 900px\" \/><\/figure>\n\n\n\n<p>\nPor su parte, la estudiante de primer a\u00f1o, Estefan\u00eda Avenda\u00f1o,\nmanifest\u00f3 su satisfacci\u00f3n por el resultado de la actividad\norganizada. \u201cPienso que la feria nos result\u00f3 muy bien, la\norganizamos con tiempo y al final hubo buenas opiniones de los\nvisitantes, quienes se informaron en los distintos stands dispuestos.\nMe siento muy feliz de haber participado y creo que fue una\nexperiencia que sin dudas nos enriquece en muchos sentidos\u201d,\nexpres\u00f3.<\/p>\n","protected":false},"excerpt":{"rendered":"<p>La Feria, dirigida a toda la comunidad universitaria y escolar, fue gestionada por los propios estudiantes de primer a\u00f1o, con apoyo del equipo de Tutores Pares de la Direcci\u00f3n de Docencia.<\/p>\n","protected":false},"author":1,"featured_media":19756,"comment_status":"open","ping_status":"open","sticky":false,"template":"","format":"standard","meta":[],"categories":[48],"tags":[],"_links":{"self":[{"href":"https:\/\/www.uta.cl\/index.php\/wp-json\/wp\/v2\/posts\/19755"}],"collection":[{"href":"https:\/\/www.uta.cl\/index.php\/wp-json\/wp\/v2\/posts"}],"about":[{"href":"https:\/\/www.uta.cl\/index.php\/wp-json\/wp\/v2\/types\/post"}],"author":[{"embeddable":true,"href":"https:\/\/www.uta.cl\/index.php\/wp-json\/wp\/v2\/users\/1"}],"replies":[{"embeddable":true,"href":"https:\/\/www.uta.cl\/index.php\/wp-json\/wp\/v2\/comments?post=19755"}],"version-history":[{"count":1,"href":"https:\/\/www.uta.cl\/index.php\/wp-json\/wp\/v2\/posts\/19755\/revisions"}],"predecessor-version":[{"id":19760,"href":"https:\/\/www.uta.cl\/index.php\/wp-json\/wp\/v2\/posts\/19755\/revisions\/19760"}],"wp:featuredmedia":[{"embeddable":true,"href":"https:\/\/www.uta.cl\/index.php\/wp-json\/wp\/v2\/media\/19756"}],"wp:attachment":[{"href":"https:\/\/www.uta.cl\/index.php\/wp-json\/wp\/v2\/media?parent=19755"}],"wp:term":[{"taxonomy":"category","embeddable":true,"href":"https:\/\/www.uta.cl\/index.php\/wp-json\/wp\/v2\/categories?post=19755"},{"taxonomy":"post_tag","embeddable":true,"href":"https:\/\/www.uta.cl\/index.php\/wp-json\/wp\/v2\/tags?post=19755"}],"curies":[{"name":"wp","href":"https:\/\/api.w.org\/{rel}","templated":true}]}}