{"id":19733,"date":"2019-07-11T17:40:07","date_gmt":"2019-07-11T17:40:07","guid":{"rendered":"https:\/\/www.uta.cl\/?p=19733"},"modified":"2019-07-11T17:40:16","modified_gmt":"2019-07-11T17:40:16","slug":"uta-forma-parte-del-nuevo-consejo-urbano-para-trazar-el-futuro-de-arica","status":"publish","type":"post","link":"https:\/\/www.uta.cl\/index.php\/2019\/07\/11\/uta-forma-parte-del-nuevo-consejo-urbano-para-trazar-el-futuro-de-arica\/","title":{"rendered":"UTA forma parte del nuevo Consejo Urbano para trazar el futuro de Arica"},"content":{"rendered":"\n<p>Plasmando sus manos en un lienzo, los integrantes del nuevo Consejo Urbano de Arica integrado por organizaciones p\u00fablicas y privadas se comprometieron a trabajar en conjunto su primer gran desaf\u00edo: Visi\u00f3n de Ciudad, cuyo objetivo es promover un proceso de participaci\u00f3n y di\u00e1logo que permita la convergencia de las opiniones de la comunidad y sus actores sociales m\u00e1s relevantes.<\/p>\n\n\n\n<figure class=\"wp-block-image\"><a href=\"https:\/\/www.uta.cl\/wp-content\/uploads\/2019\/07\/000_DSC_3261.jpg\"><img loading=\"lazy\" width=\"1000\" height=\"666\" src=\"https:\/\/www.uta.cl\/wp-content\/uploads\/2019\/07\/000_DSC_3261.jpg\" alt=\"\" class=\"wp-image-19748\" srcset=\"https:\/\/www.uta.cl\/wp-content\/uploads\/2019\/07\/000_DSC_3261.jpg 1000w, https:\/\/www.uta.cl\/wp-content\/uploads\/2019\/07\/000_DSC_3261-300x200.jpg 300w, https:\/\/www.uta.cl\/wp-content\/uploads\/2019\/07\/000_DSC_3261-768x511.jpg 768w\" sizes=\"(max-width: 1000px) 100vw, 1000px\" \/><\/a><\/figure>\n\n\n\n<p>La\niniciativa fue realizada en dependencias del Mallplaza, donde los\nrepresentantes del seremi de Obras P\u00fablicas, seremi de Vivienda,\nServiu, Seremi de la Cultura, las Artes y el Patrimonio, Universidad\nde Tarapac\u00e1, Inacap, Fundaci\u00f3n Arica Revive, Uni\u00f3n Comunal,\nMallplaza y la C\u00e1mara Chilena de la Construcci\u00f3n oficializaron este\ncompromiso. \n<\/p>\n\n\n\n<p>\u201cPromover\nel crecimiento y desarrollo sostenible de nuestra ciudad es parte\nimportante del quehacer de la C\u00e1mara Chilena de la Construcci\u00f3n,\npero no es posible promover formas de desarrollo urbano sostenible\nsin contar con un enfoque compartido que sea coherente con las\ndistintas visiones que conviven y forman parte de Arica. Es por eso\nque hoy invitamos a otros l\u00edderes locales y a toda la comunidad a\nque construyamos una visi\u00f3n conjunta sobre c\u00f3mo queremos nuestra\nciudad\u201d, expres\u00f3 Marcelo Gonz\u00e1lez, representante de la CChC y el\nvocero de esta oportunidad.<\/p>\n\n\n\n<p><strong>DESAF\u00cdOS<\/strong><\/p>\n\n\n\n<p>Uno\nde sus primeros desaf\u00edos ser\u00e1 velar\npor el cumplimiento de los objetivos del proyecto Visi\u00f3n Ciudad que\ncuenta con dos instancias claves: la\nConsulta Abierta, donde se invitar\u00e1 a toda la comunidad a\nidentificar los desaf\u00edos de futuro de la ciudad y sus principales\nbrechas para el desarrollo; y los Di\u00e1logos Ciudad, instancia de\nconversaci\u00f3n que convocar\u00e1 a representantes de los diferentes\nsectores de la comunidad para definir lineamientos estrat\u00e9gicos de\ndesarrollo urbano. \n<\/p>\n\n\n\n<p>Como\nresultado del proyecto Visi\u00f3n Ciudad, se espera contar con\ninformaci\u00f3n relevante para entender qu\u00e9 identifica a la ciudad,\ncu\u00e1les son sus din\u00e1micas particulares, sus expectativas de futuro,\nas\u00ed como tambi\u00e9n las brechas o limitantes que las separan de ella,\na fin de generar lineamientos estrat\u00e9gicos de desarrollo urbano, que\npermitan potenciar el crecimiento de la ciudad en el mediano y largo\nplazo.<\/p>\n\n\n\n<p>Durante\nel lanzamiento se congregaron los diferentes representantes del\nConsejo Urbano, quienes participaron de una actividad llamada: \u00bfC\u00f3mo\nsue\u00f1a mi Arica para el futuro?, en la que se invit\u00f3 a los\nciudadanos a expresar sus anhelos y aspiraciones de ciudad en\ndiferentes plataformas.<\/p>\n\n\n\n<p>La\nvicerrectora de Desarrollo Estrat\u00e9gico de la UTA, Dra. Jennifer\nPeralta, dijo: \u201cEstamos muy contentos como Universidad de Tarapac\u00e1\nde ser parte constituyente de este Consejo Urbano porque a trav\u00e9s de\nla formaci\u00f3n, la cultura, la investigaci\u00f3n y desde el aporte\ncontinuo que queremos hacer en vinculaci\u00f3n con el medio hacia el\ndesarrollo de la ciudad, estamos muy comprometidos con esta instancia\ny ser parte de esta fundaci\u00f3n del Consejo Urbano es para la\nUniversidad parte de nuestro compromiso con el desarrollo de nuestra\nregi\u00f3n\u201d. \n<\/p>\n\n\n\n<p>En\ntanto, el\nseremi de Obras P\u00fablicas, Guillermo Beretta, como representante del\nente p\u00fablico agreg\u00f3: \u201cComo representante del MOP en esta regi\u00f3n\nes un orgullo y una responsabilidad haber sido convocado como miembro\nde este Consejo Urbano, que permitir\u00e1 generar instancias de\narticulaci\u00f3n con los actores sociales de Arica, y de esta forma\nconsensuar una visi\u00f3n de futuro, para el desarrollo urbano de la\nciudad\u201d.<\/p>\n\n\n\n<ul class=\"wp-block-gallery columns-3 is-cropped\"><li class=\"blocks-gallery-item\"><figure><a href=\"https:\/\/www.uta.cl\/wp-content\/uploads\/2019\/07\/000_DSC_3261.jpg\"><img loading=\"lazy\" width=\"1000\" height=\"666\" src=\"https:\/\/www.uta.cl\/wp-content\/uploads\/2019\/07\/000_DSC_3261.jpg\" alt=\"\" data-id=\"19748\" data-link=\"https:\/\/www.uta.cl\/?attachment_id=19748\" class=\"wp-image-19748\" srcset=\"https:\/\/www.uta.cl\/wp-content\/uploads\/2019\/07\/000_DSC_3261.jpg 1000w, https:\/\/www.uta.cl\/wp-content\/uploads\/2019\/07\/000_DSC_3261-300x200.jpg 300w, https:\/\/www.uta.cl\/wp-content\/uploads\/2019\/07\/000_DSC_3261-768x511.jpg 768w\" sizes=\"(max-width: 1000px) 100vw, 1000px\" \/><\/a><\/figure><\/li><li class=\"blocks-gallery-item\"><figure><a href=\"https:\/\/www.uta.cl\/wp-content\/uploads\/2019\/07\/000_DSC_3244.jpg\"><img loading=\"lazy\" width=\"1000\" height=\"666\" src=\"https:\/\/www.uta.cl\/wp-content\/uploads\/2019\/07\/000_DSC_3244.jpg\" alt=\"\" data-id=\"19747\" data-link=\"https:\/\/www.uta.cl\/?attachment_id=19747\" class=\"wp-image-19747\" srcset=\"https:\/\/www.uta.cl\/wp-content\/uploads\/2019\/07\/000_DSC_3244.jpg 1000w, https:\/\/www.uta.cl\/wp-content\/uploads\/2019\/07\/000_DSC_3244-300x200.jpg 300w, https:\/\/www.uta.cl\/wp-content\/uploads\/2019\/07\/000_DSC_3244-768x511.jpg 768w\" sizes=\"(max-width: 1000px) 100vw, 1000px\" \/><\/a><\/figure><\/li><li class=\"blocks-gallery-item\"><figure><a href=\"https:\/\/www.uta.cl\/wp-content\/uploads\/2019\/07\/000_DSC_3226.jpg\"><img loading=\"lazy\" width=\"1000\" height=\"666\" src=\"https:\/\/www.uta.cl\/wp-content\/uploads\/2019\/07\/000_DSC_3226.jpg\" alt=\"\" data-id=\"19746\" data-link=\"https:\/\/www.uta.cl\/?attachment_id=19746\" class=\"wp-image-19746\" srcset=\"https:\/\/www.uta.cl\/wp-content\/uploads\/2019\/07\/000_DSC_3226.jpg 1000w, https:\/\/www.uta.cl\/wp-content\/uploads\/2019\/07\/000_DSC_3226-300x200.jpg 300w, https:\/\/www.uta.cl\/wp-content\/uploads\/2019\/07\/000_DSC_3226-768x511.jpg 768w\" sizes=\"(max-width: 1000px) 100vw, 1000px\" \/><\/a><\/figure><\/li><li class=\"blocks-gallery-item\"><figure><a href=\"https:\/\/www.uta.cl\/wp-content\/uploads\/2019\/07\/000_DSC_3220.jpg\"><img loading=\"lazy\" width=\"1000\" height=\"666\" src=\"https:\/\/www.uta.cl\/wp-content\/uploads\/2019\/07\/000_DSC_3220.jpg\" alt=\"\" data-id=\"19745\" data-link=\"https:\/\/www.uta.cl\/?attachment_id=19745\" class=\"wp-image-19745\" srcset=\"https:\/\/www.uta.cl\/wp-content\/uploads\/2019\/07\/000_DSC_3220.jpg 1000w, https:\/\/www.uta.cl\/wp-content\/uploads\/2019\/07\/000_DSC_3220-300x200.jpg 300w, https:\/\/www.uta.cl\/wp-content\/uploads\/2019\/07\/000_DSC_3220-768x511.jpg 768w\" sizes=\"(max-width: 1000px) 100vw, 1000px\" \/><\/a><\/figure><\/li><li class=\"blocks-gallery-item\"><figure><a href=\"https:\/\/www.uta.cl\/wp-content\/uploads\/2019\/07\/000_DSC_3208.jpg\"><img loading=\"lazy\" width=\"1000\" height=\"666\" src=\"https:\/\/www.uta.cl\/wp-content\/uploads\/2019\/07\/000_DSC_3208.jpg\" alt=\"\" data-id=\"19744\" data-link=\"https:\/\/www.uta.cl\/?attachment_id=19744\" class=\"wp-image-19744\" srcset=\"https:\/\/www.uta.cl\/wp-content\/uploads\/2019\/07\/000_DSC_3208.jpg 1000w, https:\/\/www.uta.cl\/wp-content\/uploads\/2019\/07\/000_DSC_3208-300x200.jpg 300w, https:\/\/www.uta.cl\/wp-content\/uploads\/2019\/07\/000_DSC_3208-768x511.jpg 768w\" sizes=\"(max-width: 1000px) 100vw, 1000px\" \/><\/a><\/figure><\/li><li class=\"blocks-gallery-item\"><figure><a href=\"https:\/\/www.uta.cl\/wp-content\/uploads\/2019\/07\/000_DSC_3202.jpg\"><img loading=\"lazy\" width=\"1000\" height=\"666\" src=\"https:\/\/www.uta.cl\/wp-content\/uploads\/2019\/07\/000_DSC_3202.jpg\" alt=\"\" data-id=\"19743\" data-link=\"https:\/\/www.uta.cl\/?attachment_id=19743\" class=\"wp-image-19743\" srcset=\"https:\/\/www.uta.cl\/wp-content\/uploads\/2019\/07\/000_DSC_3202.jpg 1000w, https:\/\/www.uta.cl\/wp-content\/uploads\/2019\/07\/000_DSC_3202-300x200.jpg 300w, https:\/\/www.uta.cl\/wp-content\/uploads\/2019\/07\/000_DSC_3202-768x511.jpg 768w\" sizes=\"(max-width: 1000px) 100vw, 1000px\" \/><\/a><\/figure><\/li><li class=\"blocks-gallery-item\"><figure><a href=\"https:\/\/www.uta.cl\/wp-content\/uploads\/2019\/07\/000_DSC_3189.jpg\"><img loading=\"lazy\" width=\"1000\" height=\"666\" src=\"https:\/\/www.uta.cl\/wp-content\/uploads\/2019\/07\/000_DSC_3189.jpg\" alt=\"\" data-id=\"19742\" data-link=\"https:\/\/www.uta.cl\/?attachment_id=19742\" class=\"wp-image-19742\" srcset=\"https:\/\/www.uta.cl\/wp-content\/uploads\/2019\/07\/000_DSC_3189.jpg 1000w, https:\/\/www.uta.cl\/wp-content\/uploads\/2019\/07\/000_DSC_3189-300x200.jpg 300w, https:\/\/www.uta.cl\/wp-content\/uploads\/2019\/07\/000_DSC_3189-768x511.jpg 768w\" sizes=\"(max-width: 1000px) 100vw, 1000px\" \/><\/a><\/figure><\/li><li class=\"blocks-gallery-item\"><figure><a href=\"https:\/\/www.uta.cl\/wp-content\/uploads\/2019\/07\/000_DSC_3183.jpg\"><img loading=\"lazy\" width=\"1000\" height=\"666\" src=\"https:\/\/www.uta.cl\/wp-content\/uploads\/2019\/07\/000_DSC_3183.jpg\" alt=\"\" data-id=\"19741\" data-link=\"https:\/\/www.uta.cl\/?attachment_id=19741\" class=\"wp-image-19741\" srcset=\"https:\/\/www.uta.cl\/wp-content\/uploads\/2019\/07\/000_DSC_3183.jpg 1000w, https:\/\/www.uta.cl\/wp-content\/uploads\/2019\/07\/000_DSC_3183-300x200.jpg 300w, https:\/\/www.uta.cl\/wp-content\/uploads\/2019\/07\/000_DSC_3183-768x511.jpg 768w\" sizes=\"(max-width: 1000px) 100vw, 1000px\" \/><\/a><\/figure><\/li><li class=\"blocks-gallery-item\"><figure><a href=\"https:\/\/www.uta.cl\/wp-content\/uploads\/2019\/07\/000_DSC_3160.jpg\"><img loading=\"lazy\" width=\"1000\" height=\"666\" src=\"https:\/\/www.uta.cl\/wp-content\/uploads\/2019\/07\/000_DSC_3160.jpg\" alt=\"\" data-id=\"19740\" data-link=\"https:\/\/www.uta.cl\/?attachment_id=19740\" class=\"wp-image-19740\" srcset=\"https:\/\/www.uta.cl\/wp-content\/uploads\/2019\/07\/000_DSC_3160.jpg 1000w, https:\/\/www.uta.cl\/wp-content\/uploads\/2019\/07\/000_DSC_3160-300x200.jpg 300w, https:\/\/www.uta.cl\/wp-content\/uploads\/2019\/07\/000_DSC_3160-768x511.jpg 768w\" sizes=\"(max-width: 1000px) 100vw, 1000px\" \/><\/a><\/figure><\/li><li class=\"blocks-gallery-item\"><figure><a href=\"https:\/\/www.uta.cl\/wp-content\/uploads\/2019\/07\/000_DSC_3148.jpg\"><img loading=\"lazy\" width=\"1000\" height=\"666\" src=\"https:\/\/www.uta.cl\/wp-content\/uploads\/2019\/07\/000_DSC_3148.jpg\" alt=\"\" data-id=\"19739\" data-link=\"https:\/\/www.uta.cl\/?attachment_id=19739\" class=\"wp-image-19739\" srcset=\"https:\/\/www.uta.cl\/wp-content\/uploads\/2019\/07\/000_DSC_3148.jpg 1000w, https:\/\/www.uta.cl\/wp-content\/uploads\/2019\/07\/000_DSC_3148-300x200.jpg 300w, https:\/\/www.uta.cl\/wp-content\/uploads\/2019\/07\/000_DSC_3148-768x511.jpg 768w\" sizes=\"(max-width: 1000px) 100vw, 1000px\" \/><\/a><\/figure><\/li><li class=\"blocks-gallery-item\"><figure><a href=\"https:\/\/www.uta.cl\/wp-content\/uploads\/2019\/07\/000_DSC_3145.jpg\"><img loading=\"lazy\" width=\"1000\" height=\"666\" src=\"https:\/\/www.uta.cl\/wp-content\/uploads\/2019\/07\/000_DSC_3145.jpg\" alt=\"\" data-id=\"19738\" data-link=\"https:\/\/www.uta.cl\/?attachment_id=19738\" class=\"wp-image-19738\" srcset=\"https:\/\/www.uta.cl\/wp-content\/uploads\/2019\/07\/000_DSC_3145.jpg 1000w, https:\/\/www.uta.cl\/wp-content\/uploads\/2019\/07\/000_DSC_3145-300x200.jpg 300w, https:\/\/www.uta.cl\/wp-content\/uploads\/2019\/07\/000_DSC_3145-768x511.jpg 768w\" sizes=\"(max-width: 1000px) 100vw, 1000px\" \/><\/a><\/figure><\/li><li class=\"blocks-gallery-item\"><figure><a href=\"https:\/\/www.uta.cl\/wp-content\/uploads\/2019\/07\/000_DSC_3133.jpg\"><img loading=\"lazy\" width=\"1000\" height=\"666\" src=\"https:\/\/www.uta.cl\/wp-content\/uploads\/2019\/07\/000_DSC_3133.jpg\" alt=\"\" data-id=\"19737\" data-link=\"https:\/\/www.uta.cl\/?attachment_id=19737\" class=\"wp-image-19737\" srcset=\"https:\/\/www.uta.cl\/wp-content\/uploads\/2019\/07\/000_DSC_3133.jpg 1000w, https:\/\/www.uta.cl\/wp-content\/uploads\/2019\/07\/000_DSC_3133-300x200.jpg 300w, https:\/\/www.uta.cl\/wp-content\/uploads\/2019\/07\/000_DSC_3133-768x511.jpg 768w\" sizes=\"(max-width: 1000px) 100vw, 1000px\" \/><\/a><\/figure><\/li><li class=\"blocks-gallery-item\"><figure><a href=\"https:\/\/www.uta.cl\/wp-content\/uploads\/2019\/07\/000_DSC_3128.jpg\"><img loading=\"lazy\" width=\"1000\" height=\"666\" src=\"https:\/\/www.uta.cl\/wp-content\/uploads\/2019\/07\/000_DSC_3128.jpg\" alt=\"\" data-id=\"19736\" data-link=\"https:\/\/www.uta.cl\/?attachment_id=19736\" class=\"wp-image-19736\" srcset=\"https:\/\/www.uta.cl\/wp-content\/uploads\/2019\/07\/000_DSC_3128.jpg 1000w, https:\/\/www.uta.cl\/wp-content\/uploads\/2019\/07\/000_DSC_3128-300x200.jpg 300w, https:\/\/www.uta.cl\/wp-content\/uploads\/2019\/07\/000_DSC_3128-768x511.jpg 768w\" sizes=\"(max-width: 1000px) 100vw, 1000px\" \/><\/a><\/figure><\/li><li class=\"blocks-gallery-item\"><figure><a href=\"https:\/\/www.uta.cl\/wp-content\/uploads\/2019\/07\/000_DSC_3125.jpg\"><img loading=\"lazy\" width=\"1000\" height=\"666\" src=\"https:\/\/www.uta.cl\/wp-content\/uploads\/2019\/07\/000_DSC_3125.jpg\" alt=\"\" data-id=\"19735\" data-link=\"https:\/\/www.uta.cl\/?attachment_id=19735\" class=\"wp-image-19735\" srcset=\"https:\/\/www.uta.cl\/wp-content\/uploads\/2019\/07\/000_DSC_3125.jpg 1000w, https:\/\/www.uta.cl\/wp-content\/uploads\/2019\/07\/000_DSC_3125-300x200.jpg 300w, https:\/\/www.uta.cl\/wp-content\/uploads\/2019\/07\/000_DSC_3125-768x511.jpg 768w\" sizes=\"(max-width: 1000px) 100vw, 1000px\" \/><\/a><\/figure><\/li><li class=\"blocks-gallery-item\"><figure><a href=\"https:\/\/www.uta.cl\/wp-content\/uploads\/2019\/07\/000_DSC_3118.jpg\"><img loading=\"lazy\" width=\"1000\" height=\"666\" src=\"https:\/\/www.uta.cl\/wp-content\/uploads\/2019\/07\/000_DSC_3118.jpg\" alt=\"\" data-id=\"19734\" data-link=\"https:\/\/www.uta.cl\/?attachment_id=19734\" class=\"wp-image-19734\" srcset=\"https:\/\/www.uta.cl\/wp-content\/uploads\/2019\/07\/000_DSC_3118.jpg 1000w, https:\/\/www.uta.cl\/wp-content\/uploads\/2019\/07\/000_DSC_3118-300x200.jpg 300w, https:\/\/www.uta.cl\/wp-content\/uploads\/2019\/07\/000_DSC_3118-768x511.jpg 768w\" sizes=\"(max-width: 1000px) 100vw, 1000px\" \/><\/a><\/figure><\/li><\/ul>\n","protected":false},"excerpt":{"rendered":"<p>Dra. Jenniffer Peralta Montecinos, Vicerrectora de Desarrollo Estrat\u00e9gico, represent\u00f3 a la Universidad de Tarapac\u00e1 destacando que dicha instancia de conversaci\u00f3n sea una plataforma virtuosa para el desarrollo consensuado para so\u00f1ar juntos por una ciudad que nos llene de bienestar y de felicidad.<\/p>\n","protected":false},"author":1,"featured_media":19748,"comment_status":"open","ping_status":"open","sticky":false,"template":"","format":"standard","meta":[],"categories":[],"tags":[],"_links":{"self":[{"href":"https:\/\/www.uta.cl\/index.php\/wp-json\/wp\/v2\/posts\/19733"}],"collection":[{"href":"https:\/\/www.uta.cl\/index.php\/wp-json\/wp\/v2\/posts"}],"about":[{"href":"https:\/\/www.uta.cl\/index.php\/wp-json\/wp\/v2\/types\/post"}],"author":[{"embeddable":true,"href":"https:\/\/www.uta.cl\/index.php\/wp-json\/wp\/v2\/users\/1"}],"replies":[{"embeddable":true,"href":"https:\/\/www.uta.cl\/index.php\/wp-json\/wp\/v2\/comments?post=19733"}],"version-history":[{"count":1,"href":"https:\/\/www.uta.cl\/index.php\/wp-json\/wp\/v2\/posts\/19733\/revisions"}],"predecessor-version":[{"id":19749,"href":"https:\/\/www.uta.cl\/index.php\/wp-json\/wp\/v2\/posts\/19733\/revisions\/19749"}],"wp:featuredmedia":[{"embeddable":true,"href":"https:\/\/www.uta.cl\/index.php\/wp-json\/wp\/v2\/media\/19748"}],"wp:attachment":[{"href":"https:\/\/www.uta.cl\/index.php\/wp-json\/wp\/v2\/media?parent=19733"}],"wp:term":[{"taxonomy":"category","embeddable":true,"href":"https:\/\/www.uta.cl\/index.php\/wp-json\/wp\/v2\/categories?post=19733"},{"taxonomy":"post_tag","embeddable":true,"href":"https:\/\/www.uta.cl\/index.php\/wp-json\/wp\/v2\/tags?post=19733"}],"curies":[{"name":"wp","href":"https:\/\/api.w.org\/{rel}","templated":true}]}}