{"id":19727,"date":"2019-07-11T17:34:24","date_gmt":"2019-07-11T17:34:24","guid":{"rendered":"https:\/\/www.uta.cl\/?p=19727"},"modified":"2019-07-11T17:34:43","modified_gmt":"2019-07-11T17:34:43","slug":"decana-de-la-facultad-de-ciencias-agronomicas-participo-en-visita-de-agricultores-de-tacna-para-conocer-cultivos-en-pampa-concordia-y-valle-de-azapa","status":"publish","type":"post","link":"https:\/\/www.uta.cl\/index.php\/2019\/07\/11\/decana-de-la-facultad-de-ciencias-agronomicas-participo-en-visita-de-agricultores-de-tacna-para-conocer-cultivos-en-pampa-concordia-y-valle-de-azapa\/","title":{"rendered":"Decana de la Facultad de Ciencias Agron\u00f3micas particip\u00f3 en visita de agricultores de Tacna para conocer cultivos en Pampa Concordia y Valle de Azapa"},"content":{"rendered":"\n<p>\nCon\nla visita de agricultores, empresarios y autoridades vinculadas al\nagro de la Regi\u00f3n de Tacna, se dio a conocer el avance tecnol\u00f3gico\ny sustentable que tienen los productores locales. La actividad es uno\nde los compromisos del \u00faltimo Comit\u00e9 de Integraci\u00f3n y Desarrollo\nFronterizo con apoyo de la Plataforma INNOVACT UE \u2013 CELAC,\nfinanciado por la Uni\u00f3n Europea, con  el objetivo de difundir en\nAm\u00e9rica Latina la experiencia de la Uni\u00f3n Europea en pol\u00edticas\nregionales de innovaci\u00f3n y facilitar una mayor cooperaci\u00f3n entre\nlas autoridades regionales de zonas fronterizas de la UE y Am\u00e9rica\nLatina.<\/p>\n\n\n\n<figure class=\"wp-block-image\"><a href=\"https:\/\/www.uta.cl\/wp-content\/uploads\/2019\/07\/6-Grupo-Arica-Tacna.jpg\"><img loading=\"lazy\" width=\"1024\" height=\"768\" src=\"https:\/\/www.uta.cl\/wp-content\/uploads\/2019\/07\/6-Grupo-Arica-Tacna-1024x768.jpg\" alt=\"\" class=\"wp-image-19731\" srcset=\"https:\/\/www.uta.cl\/wp-content\/uploads\/2019\/07\/6-Grupo-Arica-Tacna-1024x768.jpg 1024w, https:\/\/www.uta.cl\/wp-content\/uploads\/2019\/07\/6-Grupo-Arica-Tacna-300x225.jpg 300w, https:\/\/www.uta.cl\/wp-content\/uploads\/2019\/07\/6-Grupo-Arica-Tacna-768x576.jpg 768w, https:\/\/www.uta.cl\/wp-content\/uploads\/2019\/07\/6-Grupo-Arica-Tacna.jpg 1040w\" sizes=\"(max-width: 1024px) 100vw, 1024px\" \/><\/a><\/figure>\n\n\n\n<p>Esta\nactividad fue organizada por el SEREMI de Agricultura de Arica y\nParinacota; Jorge Heiden, quien recibi\u00f3 a su hom\u00f3logo en Tacna,\nAlfredo Calizaya, Director Regional de Agricultura del Gobierno\nRegional de Tacna, junto a agricultores y empresarios de Tacna. En\nPampa Concordia fueron recibidos por Juan Carlos C\u00e1rdenas,\nPresidente de la Agrupaci\u00f3n de Peque\u00f1os Agricultores de Arica y\nParinacota, quien cont\u00f3 su experiencia y la importancia de\nasociarse, a trav\u00e9s de cooperativas para lograr un mejor resultado y\nposicionamiento de sus productos. En Pampa Concordia, los\nparticipantes de la gira conocieron un sistema productivo intensivo\ncon tomates <em>cherry<\/em>\nbajo malla y un cultivo de pimiento bajo pl\u00e1stico. Conocieron un\nsistema hidrop\u00f3nico con yerbabuena en mesa flotante del agricultor\nManuel Donoso que se vende directamente al consumidor. Este productor\ndestac\u00f3 el apoyo brindado por la Facultad de Ciencias Agron\u00f3micas\nen el curso de Cultivo sin Suelo que permiti\u00f3 tener los\nconocimientos b\u00e1sicos para iniciar este emprendimiento. Por la\ntarde, el grupo se dirigi\u00f3 al valle de Azapa donde visitaron la\nempresa productora de aceitunas y aceite de oliva \u201cBezma\u201d,\nfinalizando la gira en el vivero \u201cLas Maitas\u201d, de CONAF, donde\nobservaron la propagaci\u00f3n de plantas end\u00e9micas de la Regi\u00f3n.<\/p>\n\n\n\n<p><strong>La\nintegraci\u00f3n Arica-Tacna<\/strong><\/p>\n\n\n\n<p>\u00c1lvaro\nD\u00edaz, coordinador del proyecto INNOVACT en Chile indica como\nobjetivo el coordinar esfuerzos transfronterizos y detectar aquellos\nsectores econ\u00f3micos en los que tiene sentido que se trabaje en\nconjunto actores que comparten frontera, como es el caso de\nArica-Tacna. Destac\u00f3 la importancia de conocer experiencias de\nagricultura inteligente en zonas de escasez h\u00eddrica, la realidad de\nla agroindustria y el trabajo de CONAF, es muy importante, \u201cporque\nles permite entender posibles acciones comerciales a futuro e\nincrementa el capital social y relacional\u201d. \u201cEn definitiva \u00e9stos\nson los primeros pasos para perder la l\u00f3gica de las fronteras\nf\u00edsicas y hacer negocios conjuntos m\u00e1s adelante\u201d.<\/p>\n\n\n\n<p>La\nDecana Pilar Mazuela, destac\u00f3 la importancia de la agricultura como\neje de integraci\u00f3n entre las ciudades de Tacna y Arica a trav\u00e9s de\ndiplomados, capacitaciones y asistencia t\u00e9cnica. Informo que en\njulio se inicia el Diplomado el Olivicultura, en conjunto con la\nUNJBG de Tacna, financiado por el Convenio de Desempe\u00f1o 1795.\nAdem\u00e1s, gracias a un convenio de colaboraci\u00f3n con el CITE\nAgroindustrial de Tacna, se dictar\u00e1 el curso de Cultivos Sin Suelo\nen Tacna, con el apoyo de los Convenios de Desempe\u00f1o 1795 y 1799.<\/p>\n\n\n\n<p>Para\nfinalizar, una comitiva de Arica, visitar\u00e1 Tacna el pr\u00f3ximo 11 de\njulio, donde participar\u00e1 el Seremi de Agricultura de Arica y\nParinacota, Jorge Heiden, la decana de la Facultad de Ciencias\nAgron\u00f3micas de la Universidad de Tarapac\u00e1, Pilar Mazuela y el\ncoordinador del Proyecto INNOVACT, \u00c1lvaro D\u00edaz, junto a\nagricultores que quieran conocer los avances tecnol\u00f3gicos en la\nvecina ciudad de Tacna. Esta visita es coordinada por el equipo de la\nSecretar\u00eda Regional Ministerial de Agricultura y es financiado por\nproyecto Plataforma INNOVACT UE-CELAC.<\/p>\n\n\n\n<ul class=\"wp-block-gallery columns-3 is-cropped\"><li class=\"blocks-gallery-item\"><figure><a href=\"https:\/\/www.uta.cl\/wp-content\/uploads\/2019\/07\/3-Pimiento-1024x768.jpg\"><img loading=\"lazy\" width=\"1024\" height=\"768\" src=\"https:\/\/www.uta.cl\/wp-content\/uploads\/2019\/07\/3-Pimiento-1024x768.jpg\" alt=\"\" data-id=\"19730\" data-link=\"https:\/\/www.uta.cl\/?attachment_id=19730\" class=\"wp-image-19730\" srcset=\"https:\/\/www.uta.cl\/wp-content\/uploads\/2019\/07\/3-Pimiento-1024x768.jpg 1024w, https:\/\/www.uta.cl\/wp-content\/uploads\/2019\/07\/3-Pimiento-300x225.jpg 300w, https:\/\/www.uta.cl\/wp-content\/uploads\/2019\/07\/3-Pimiento-768x576.jpg 768w, https:\/\/www.uta.cl\/wp-content\/uploads\/2019\/07\/3-Pimiento.jpg 1040w\" sizes=\"(max-width: 1024px) 100vw, 1024px\" \/><\/a><\/figure><\/li><li class=\"blocks-gallery-item\"><figure><a href=\"https:\/\/www.uta.cl\/wp-content\/uploads\/2019\/07\/2-Tomate-Grupo.jpg\"><img loading=\"lazy\" width=\"1000\" height=\"667\" src=\"https:\/\/www.uta.cl\/wp-content\/uploads\/2019\/07\/2-Tomate-Grupo.jpg\" alt=\"\" data-id=\"19729\" data-link=\"https:\/\/www.uta.cl\/?attachment_id=19729\" class=\"wp-image-19729\" srcset=\"https:\/\/www.uta.cl\/wp-content\/uploads\/2019\/07\/2-Tomate-Grupo.jpg 1000w, https:\/\/www.uta.cl\/wp-content\/uploads\/2019\/07\/2-Tomate-Grupo-300x200.jpg 300w, https:\/\/www.uta.cl\/wp-content\/uploads\/2019\/07\/2-Tomate-Grupo-768x512.jpg 768w\" sizes=\"(max-width: 1000px) 100vw, 1000px\" \/><\/a><\/figure><\/li><li class=\"blocks-gallery-item\"><figure><a href=\"https:\/\/www.uta.cl\/wp-content\/uploads\/2019\/07\/1-mesaje-inicial.jpg\"><img loading=\"lazy\" width=\"1000\" height=\"667\" src=\"https:\/\/www.uta.cl\/wp-content\/uploads\/2019\/07\/1-mesaje-inicial.jpg\" alt=\"\" data-id=\"19728\" data-link=\"https:\/\/www.uta.cl\/?attachment_id=19728\" class=\"wp-image-19728\" srcset=\"https:\/\/www.uta.cl\/wp-content\/uploads\/2019\/07\/1-mesaje-inicial.jpg 1000w, https:\/\/www.uta.cl\/wp-content\/uploads\/2019\/07\/1-mesaje-inicial-300x200.jpg 300w, https:\/\/www.uta.cl\/wp-content\/uploads\/2019\/07\/1-mesaje-inicial-768x512.jpg 768w\" sizes=\"(max-width: 1000px) 100vw, 1000px\" \/><\/a><\/figure><\/li><\/ul>\n","protected":false},"excerpt":{"rendered":"<p>La visita es parte de proyecto Plataforma INNOVACT UE \u2013 CELAC (\u2018Innovaci\u00f3n para promover la Cohesi\u00f3n Territorial\u2019), financiado por la Uni\u00f3n Europea y fue organizado por la SEREMI de Agricultura de Arica y Parinacota. <\/p>\n","protected":false},"author":1,"featured_media":19730,"comment_status":"open","ping_status":"open","sticky":false,"template":"","format":"standard","meta":[],"categories":[39,51],"tags":[],"_links":{"self":[{"href":"https:\/\/www.uta.cl\/index.php\/wp-json\/wp\/v2\/posts\/19727"}],"collection":[{"href":"https:\/\/www.uta.cl\/index.php\/wp-json\/wp\/v2\/posts"}],"about":[{"href":"https:\/\/www.uta.cl\/index.php\/wp-json\/wp\/v2\/types\/post"}],"author":[{"embeddable":true,"href":"https:\/\/www.uta.cl\/index.php\/wp-json\/wp\/v2\/users\/1"}],"replies":[{"embeddable":true,"href":"https:\/\/www.uta.cl\/index.php\/wp-json\/wp\/v2\/comments?post=19727"}],"version-history":[{"count":1,"href":"https:\/\/www.uta.cl\/index.php\/wp-json\/wp\/v2\/posts\/19727\/revisions"}],"predecessor-version":[{"id":19732,"href":"https:\/\/www.uta.cl\/index.php\/wp-json\/wp\/v2\/posts\/19727\/revisions\/19732"}],"wp:featuredmedia":[{"embeddable":true,"href":"https:\/\/www.uta.cl\/index.php\/wp-json\/wp\/v2\/media\/19730"}],"wp:attachment":[{"href":"https:\/\/www.uta.cl\/index.php\/wp-json\/wp\/v2\/media?parent=19727"}],"wp:term":[{"taxonomy":"category","embeddable":true,"href":"https:\/\/www.uta.cl\/index.php\/wp-json\/wp\/v2\/categories?post=19727"},{"taxonomy":"post_tag","embeddable":true,"href":"https:\/\/www.uta.cl\/index.php\/wp-json\/wp\/v2\/tags?post=19727"}],"curies":[{"name":"wp","href":"https:\/\/api.w.org\/{rel}","templated":true}]}}