{"id":19720,"date":"2019-07-10T16:33:42","date_gmt":"2019-07-10T16:33:42","guid":{"rendered":"https:\/\/www.uta.cl\/?p=19720"},"modified":"2019-07-10T16:33:51","modified_gmt":"2019-07-10T16:33:51","slug":"delegacion-de-tarapaca-viajo-a-la-higuera-para-ver-el-eclipse-solar-del-2-de-julio","status":"publish","type":"post","link":"https:\/\/www.uta.cl\/index.php\/2019\/07\/10\/delegacion-de-tarapaca-viajo-a-la-higuera-para-ver-el-eclipse-solar-del-2-de-julio\/","title":{"rendered":"Delegaci\u00f3n de Tarapac\u00e1 viaj\u00f3 a La Higuera  para ver el eclipse solar del 2 de julio"},"content":{"rendered":"\n<p>\nMotivaci\u00f3n, alegr\u00eda y expectaci\u00f3n eran los\nprincipales sentimientos que ten\u00edan los estudiantes y participantes\nde la delegaci\u00f3n intercultural m\u00e1s grande de la regi\u00f3n de Tarapac\u00e1\nque viaj\u00f3 hasta la regi\u00f3n de Coquimbo buscando la totalidad de\neclipse solar del 2 de julio. Esta delegaci\u00f3n compuesta por 94\npersonas y  liderada por el Proyecto Asociativo Regional (PAR)\nExplora de CONICYT Tarapac\u00e1 viaj\u00f3 en b\u00fasqueda del cien porciento\nde este evento astron\u00f3mico. \n<\/p>\n\n\n\n<figure class=\"wp-block-image\"><a href=\"https:\/\/www.uta.cl\/wp-content\/uploads\/2019\/07\/05_cazadoreseclipses_lahiguera.jpeg\"><img loading=\"lazy\" width=\"640\" height=\"427\" src=\"https:\/\/www.uta.cl\/wp-content\/uploads\/2019\/07\/05_cazadoreseclipses_lahiguera.jpeg\" alt=\"\" class=\"wp-image-19725\" srcset=\"https:\/\/www.uta.cl\/wp-content\/uploads\/2019\/07\/05_cazadoreseclipses_lahiguera.jpeg 640w, https:\/\/www.uta.cl\/wp-content\/uploads\/2019\/07\/05_cazadoreseclipses_lahiguera-300x200.jpeg 300w\" sizes=\"(max-width: 640px) 100vw, 640px\" \/><\/a><\/figure>\n\n\n\n<p>Para\nel Explora Tarapac\u00e1 esta actividad es una iniciativa emergente\norientada a estudiantes de ense\u00f1anza b\u00e1sica y media de la regi\u00f3n\nde Tarapac\u00e1, pero al mismo tiempo transformarse en un reconocimiento\npor la participaci\u00f3n activa en las distintas iniciativas de Explora\nen la regi\u00f3n.<\/p>\n\n\n\n<p>Como\nrepresentantes de la regi\u00f3n participaron: el Liceo T\u00e9cnico\nProfesional de Colchane; el Liceo Academia Nacional y el Colegio\nMacaya, ambos de Alto Hospicio, as\u00ed como estudiantes del Liceo A-7\nLibertador General Bernardo O\u2019higgins, Colegio Luis Cruz Mart\u00ednez,\nEscuela Gabriela Mistral, la Escuela de Chanavayita y del Colegio\nBajo Molle, estos \u00faltimos de Iquique.<\/p>\n\n\n\n<p>Carlos\nCandia N\u00fa\u00f1ez es un estudiante de s\u00e9ptimo b\u00e1sico de la Escuela\nB\u00e1sica de Chanavayita, caleta que est\u00e1 a 45 minutos de Iquique y\nsus expresiones son s\u00f3lo un ejemplo de las motivaciones y emociones\nal haber participado de una instancia como esta: \u201cYo quise venir\nporque generalmente estoy en la caleta, ya que mis padres trabajan\nah\u00ed. Me llam\u00f3 la atenci\u00f3n cuando se puso todo oscuro, ya que era\nde d\u00eda y de repente era de noche y se puso bastante helado. Me\nemocion\u00e9 mucho y me gustar\u00eda seguir viendo eclipses\u201d.<\/p>\n\n\n\n<p>Mauricio\nGonz\u00e1lez es otro de los profesores motivados por la ciencia en la\nregi\u00f3n. Trabaja en el Liceo T\u00e9cnico Profesional de Colchane y el\na\u00f1o pasado fue nominado al Global Teacher Prize como uno de los\nmejores profesores del pa\u00eds. Es un embajador Explora en el altiplano\nandino y es un motivado divulgador de ciencia y tecnolog\u00eda. \u201cYo\ntuve la oportunidad no s\u00f3lo de ver el eclipse, sino que ver la cara\nde los ni\u00f1os y ni\u00f1as durante el eclipse en La Higuera. Los\nestudiantes de la regi\u00f3n tuvieron la oportunidad de ver este\neclipse, compartir con cient\u00edficos y profesionales de las ciencias,\nadem\u00e1s tuvieron la posibilidad de compartir su cultura e identidad\nen la cuarta regi\u00f3n, por lo cual se complet\u00f3 un desaf\u00edo cient\u00edfico\ne identitario importante para nuestra regi\u00f3n\u201d<\/p>\n\n\n\n<p>El\nviaje fue toda una traves\u00eda ya que fueron 18 horas de traslado para\nlos que partieron desde Iquique y m\u00e1s que 20 horas para los\nparticipantes que salieron desde la comuna de Colchane.<\/p>\n\n\n\n<p>Para\nla directora del PAR Explora de CONICYT Tarapac\u00e1, Valeska Zepeda:\n\u201cUno de los aspectos principales de esta experiencia educativa es\nque los estudiantes participaron activamente de distintas actividades\nen torno a tem\u00e1ticas astron\u00f3micas, se relacionaron con estudiantes\nde la Escuela de La Higuera, culminando con la observaci\u00f3n del\neclipse. Cabe se\u00f1alar como un aspecto relevante es que parte de la\ndelegaci\u00f3n estaba compuesta por ni\u00f1os y ni\u00f1as aymaras que llevaron\nsu identidad y su m\u00fasica hasta la cuarta regi\u00f3n. El Programa\nExplora nos invita a ser curiosos, a hacernos preguntas y aprender a\ntrav\u00e9s de la experiencia, lo que es sin duda fundamental para\ngenerar en nuestros ni\u00f1os y ni\u00f1as un aprendizaje realmente\nsignificativo\u201d.<\/p>\n\n\n\n<p>Esta\niniciativa emergente se realiz\u00f3 gracias al trabajo conjunto con una\nserie de instituciones y empresas, tales como: La Municipalidad de\nIquique, Municipalidad de Colchane, Municipalidad de La Higuera, as\u00ed\ncomo tambi\u00e9n el apoyo de la Seremi de Medioambiente, la Seremi de\nEducaci\u00f3n y JUNAEB. Corpesca y Aguas del Altiplano tambi\u00e9n\nquisieron estar presentes en esta oportunidad.  Finalmente, las\nuniversidades locales se sumaron como parte de la delegaci\u00f3n, y es\nas\u00ed como estudiantes y profesores de la Universidad de Tarapac\u00e1\nSede Iquique y de la Universidad Arturo Prat de Iquique fueron parte\nde este evento astron\u00f3mico.<\/p>\n\n\n\n<ul class=\"wp-block-gallery columns-3 is-cropped\"><li class=\"blocks-gallery-item\"><figure><a href=\"https:\/\/www.uta.cl\/wp-content\/uploads\/2019\/07\/04_cazadoreseclipses_lahiguera.jpeg\"><img loading=\"lazy\" width=\"640\" height=\"427\" src=\"https:\/\/www.uta.cl\/wp-content\/uploads\/2019\/07\/04_cazadoreseclipses_lahiguera.jpeg\" alt=\"\" data-id=\"19724\" data-link=\"https:\/\/www.uta.cl\/?attachment_id=19724\" class=\"wp-image-19724\" srcset=\"https:\/\/www.uta.cl\/wp-content\/uploads\/2019\/07\/04_cazadoreseclipses_lahiguera.jpeg 640w, https:\/\/www.uta.cl\/wp-content\/uploads\/2019\/07\/04_cazadoreseclipses_lahiguera-300x200.jpeg 300w\" sizes=\"(max-width: 640px) 100vw, 640px\" \/><\/a><\/figure><\/li><li class=\"blocks-gallery-item\"><figure><a href=\"https:\/\/www.uta.cl\/wp-content\/uploads\/2019\/07\/03_cazadoreseclipses_lahiguera.jpeg\"><img loading=\"lazy\" width=\"640\" height=\"427\" src=\"https:\/\/www.uta.cl\/wp-content\/uploads\/2019\/07\/03_cazadoreseclipses_lahiguera.jpeg\" alt=\"\" data-id=\"19723\" data-link=\"https:\/\/www.uta.cl\/?attachment_id=19723\" class=\"wp-image-19723\" srcset=\"https:\/\/www.uta.cl\/wp-content\/uploads\/2019\/07\/03_cazadoreseclipses_lahiguera.jpeg 640w, https:\/\/www.uta.cl\/wp-content\/uploads\/2019\/07\/03_cazadoreseclipses_lahiguera-300x200.jpeg 300w\" sizes=\"(max-width: 640px) 100vw, 640px\" \/><\/a><\/figure><\/li><li class=\"blocks-gallery-item\"><figure><a href=\"https:\/\/www.uta.cl\/wp-content\/uploads\/2019\/07\/02_cazadoreseclipses_lahiguera.jpeg\"><img loading=\"lazy\" width=\"640\" height=\"427\" src=\"https:\/\/www.uta.cl\/wp-content\/uploads\/2019\/07\/02_cazadoreseclipses_lahiguera.jpeg\" alt=\"\" data-id=\"19722\" data-link=\"https:\/\/www.uta.cl\/?attachment_id=19722\" class=\"wp-image-19722\" srcset=\"https:\/\/www.uta.cl\/wp-content\/uploads\/2019\/07\/02_cazadoreseclipses_lahiguera.jpeg 640w, https:\/\/www.uta.cl\/wp-content\/uploads\/2019\/07\/02_cazadoreseclipses_lahiguera-300x200.jpeg 300w\" sizes=\"(max-width: 640px) 100vw, 640px\" \/><\/a><\/figure><\/li><li class=\"blocks-gallery-item\"><figure><a href=\"https:\/\/www.uta.cl\/wp-content\/uploads\/2019\/07\/01_cazadoreseclipses_lahiguera.jpeg\"><img loading=\"lazy\" width=\"640\" height=\"428\" src=\"https:\/\/www.uta.cl\/wp-content\/uploads\/2019\/07\/01_cazadoreseclipses_lahiguera.jpeg\" alt=\"\" data-id=\"19721\" data-link=\"https:\/\/www.uta.cl\/?attachment_id=19721\" class=\"wp-image-19721\" srcset=\"https:\/\/www.uta.cl\/wp-content\/uploads\/2019\/07\/01_cazadoreseclipses_lahiguera.jpeg 640w, https:\/\/www.uta.cl\/wp-content\/uploads\/2019\/07\/01_cazadoreseclipses_lahiguera-300x201.jpeg 300w\" sizes=\"(max-width: 640px) 100vw, 640px\" \/><\/a><\/figure><\/li><\/ul>\n\n\n\n<p>Finalmente,\nla temporada de eclipses no termina, ya que el 12 diciembre del 2020\nhabr\u00e1 un nuevo eclipse solar total en la regi\u00f3n de La Araucan\u00eda.<\/p>\n","protected":false},"excerpt":{"rendered":"<p>Actividad pedag\u00f3gica del PAR Explora de CONICYT Tarapac\u00e1, llev\u00f3 a estudiantes de Colchane, Alto Hospicio e Iquique a la regi\u00f3n de Coquimbo para observar el eclipse solar del 2 de julio, lugar donde se vio al cien por ciento.<\/p>\n","protected":false},"author":1,"featured_media":19725,"comment_status":"open","ping_status":"open","sticky":false,"template":"","format":"standard","meta":[],"categories":[42,51],"tags":[],"_links":{"self":[{"href":"https:\/\/www.uta.cl\/index.php\/wp-json\/wp\/v2\/posts\/19720"}],"collection":[{"href":"https:\/\/www.uta.cl\/index.php\/wp-json\/wp\/v2\/posts"}],"about":[{"href":"https:\/\/www.uta.cl\/index.php\/wp-json\/wp\/v2\/types\/post"}],"author":[{"embeddable":true,"href":"https:\/\/www.uta.cl\/index.php\/wp-json\/wp\/v2\/users\/1"}],"replies":[{"embeddable":true,"href":"https:\/\/www.uta.cl\/index.php\/wp-json\/wp\/v2\/comments?post=19720"}],"version-history":[{"count":1,"href":"https:\/\/www.uta.cl\/index.php\/wp-json\/wp\/v2\/posts\/19720\/revisions"}],"predecessor-version":[{"id":19726,"href":"https:\/\/www.uta.cl\/index.php\/wp-json\/wp\/v2\/posts\/19720\/revisions\/19726"}],"wp:featuredmedia":[{"embeddable":true,"href":"https:\/\/www.uta.cl\/index.php\/wp-json\/wp\/v2\/media\/19725"}],"wp:attachment":[{"href":"https:\/\/www.uta.cl\/index.php\/wp-json\/wp\/v2\/media?parent=19720"}],"wp:term":[{"taxonomy":"category","embeddable":true,"href":"https:\/\/www.uta.cl\/index.php\/wp-json\/wp\/v2\/categories?post=19720"},{"taxonomy":"post_tag","embeddable":true,"href":"https:\/\/www.uta.cl\/index.php\/wp-json\/wp\/v2\/tags?post=19720"}],"curies":[{"name":"wp","href":"https:\/\/api.w.org\/{rel}","templated":true}]}}