{"id":19696,"date":"2019-07-09T20:49:20","date_gmt":"2019-07-09T20:49:20","guid":{"rendered":"https:\/\/www.uta.cl\/?p=19696"},"modified":"2019-07-17T12:36:37","modified_gmt":"2019-07-17T12:36:37","slug":"ballet-folclorico-de-la-universidad-de-tarapaca-bafut-se-prepara-para-su-gira-por-espana","status":"publish","type":"post","link":"https:\/\/www.uta.cl\/index.php\/2019\/07\/09\/ballet-folclorico-de-la-universidad-de-tarapaca-bafut-se-prepara-para-su-gira-por-espana\/","title":{"rendered":"Ballet Folcl\u00f3rico de la Universidad de Tarapac\u00e1, BAFUT, se prepara para su gira por Espa\u00f1a"},"content":{"rendered":"\n<p>\nEl\nBallet Folcl\u00f3rico de la Universidad de Tarapac\u00e1, BAFUT, elenco\nestable de la Universidad de Tarapac\u00e1, dependiente de la Direcci\u00f3n\nde Extensi\u00f3n y Vinculaci\u00f3n con el Medio, con una dilatada\ntrayectoria de rescate y difusi\u00f3n del folclor nacional e\ninternacional, desde el 8 de agosto al 10 de septiembre iniciar\u00e1 su\ntrig\u00e9sima octava gira internacional, llevando el nombre de Chile y\nde nuestra regi\u00f3n al viejo continente.<\/p>\n\n\n\n<figure class=\"wp-block-image\"><a href=\"https:\/\/www.uta.cl\/wp-content\/uploads\/2019\/07\/1-1.jpg\"><img loading=\"lazy\" width=\"1024\" height=\"819\" src=\"https:\/\/www.uta.cl\/wp-content\/uploads\/2019\/07\/1-1-1024x819.jpg\" alt=\"\" class=\"wp-image-19697\" srcset=\"https:\/\/www.uta.cl\/wp-content\/uploads\/2019\/07\/1-1-1024x819.jpg 1024w, https:\/\/www.uta.cl\/wp-content\/uploads\/2019\/07\/1-1-300x240.jpg 300w, https:\/\/www.uta.cl\/wp-content\/uploads\/2019\/07\/1-1-768x614.jpg 768w, https:\/\/www.uta.cl\/wp-content\/uploads\/2019\/07\/1-1.jpg 1280w\" sizes=\"(max-width: 1024px) 100vw, 1024px\" \/><\/a><\/figure>\n\n\n\n<p>Con\n48 a\u00f1os de ininterrumpida labor art\u00edstica, el BAFUT inicia una\nnueva gira por Europa donde en esta oportunidad recorrer\u00e1 distintas\nregiones de Espa\u00f1a. Invitados a cuatro Festivales Internacionales de\nDanzas Folcl\u00f3ricas del Congreso Internacional de Organizaciones de\nFestivales de Folklore y de las Artes Tradicionales (CIOFF), destacan\nlas presentaciones en la XXXI Muestra Internacional de Folclor por\nlas Tierras de Cantabria; 40\u00ba Festival Internacional  de Danzas\nVillablanca; 46\u00ba Festival Folcl\u00f3rico Internacional de Ronda 2019 y\nel XXVIII Encuentro Internacional  de Folclor Ciudad de Zaragoza \n<\/p>\n\n\n\n<p>En\nesta oportunidad el BAFUT llevara a Europa de su amplio repertorio,\ndanzas que dar\u00e1n muestra de toda la geograf\u00eda folcl\u00f3rica nacional,\ndestacando los cuadros: Viva Chile (Huaso), Chilo\u00e9, Semblanza\nNortina (Norte), Rapa Nui, Afmapu, los confines de la tierra (Arauco)\ny especialmente su cuadro en homenaje a la cultura Afrodescendiente\n\u201cTumbe\u201d, recopilado a trav\u00e9s del trabajo realizado con la\nAgrupaci\u00f3n Sabor Moreno, cumpliendo con la promesa de difundir la\ncultura Afro Arique\u00f1a al mundo.<\/p>\n\n\n\n<p>\nEl\nBAFUT para esta gira fue favorecido con un proyecto de la Direcci\u00f3n\nde Asuntos Culturales, DIRAC del Ministerio de Relaciones Exteriores\nde Chile, que apoya en la compra de un porcentaje de pasajes el resto\nes producto del trabajo del grupo.<\/p>\n\n\n\n<p>Para\nesta gira internacional, ser\u00e1n 27 los integrantes de esta destacada\nagrupaci\u00f3n que conformar\u00e1n la delegaci\u00f3n entre bailarines y\nm\u00fasicos que viajar\u00e1 a Espa\u00f1a, siendo la mayor\u00eda estudiantes de la\nUniversidad de Tarapac\u00e1 y otros estudiantes de ense\u00f1anza media.\nDirigidos por la profesora Vilma Blanco Labarca, el BAFUT nuevamente\nhace maletas para representarnos, siempre con su destacado\nprofesionalismo que los ha llevado a ser dignos embajadores de la\nRegi\u00f3n de Arica y Parinacota en el mundo.<\/p>\n\n\n\n<p><strong>GALA\nFOLCL\u00d3RICA \u201cBAFUT RUMBO AL VIEJO CONTINENTE\u201d<\/strong><\/p>\n\n\n\n<p>Con\nla finalidad de recaudar fondos, el BAFUT realizar\u00e1 su tradicional\ngala el s\u00e1bado 13 de julio, a las 19:00 horas, en el Teatro\nMunicipal, donde este destacado elenco art\u00edstico institucional\ndeleitar\u00e1 a los asistentes con sus cuadros de danzas, espect\u00e1culo\nde calidad que a\u00f1o tras a\u00f1o repleta el recinto. Las entradas tienen\nun valor de tres mil pesos y podr\u00e1n ser adquiridas en la boleter\u00eda\ndel Teatro Municipal y la Direcci\u00f3n de Extensi\u00f3n y Vinculaci\u00f3n con\nel Medio, ubicada en Av. 18 de Septiembre 2222. \n<\/p>\n\n\n\n<figure class=\"wp-block-image\"><a href=\"https:\/\/www.uta.cl\/wp-content\/uploads\/2019\/07\/2-1.jpg\"><img loading=\"lazy\" width=\"819\" height=\"1024\" src=\"https:\/\/www.uta.cl\/wp-content\/uploads\/2019\/07\/2-1-819x1024.jpg\" alt=\"\" class=\"wp-image-19698\" srcset=\"https:\/\/www.uta.cl\/wp-content\/uploads\/2019\/07\/2-1-819x1024.jpg 819w, https:\/\/www.uta.cl\/wp-content\/uploads\/2019\/07\/2-1-240x300.jpg 240w, https:\/\/www.uta.cl\/wp-content\/uploads\/2019\/07\/2-1-768x960.jpg 768w, https:\/\/www.uta.cl\/wp-content\/uploads\/2019\/07\/2-1.jpg 1024w\" sizes=\"(max-width: 819px) 100vw, 819px\" \/><\/a><\/figure>\n","protected":false},"excerpt":{"rendered":"<p>Delegaci\u00f3n de 27 integrantes entre m\u00fasicos y cuerpo de baile, emprender\u00e1 el su viaje para participar en diferentes regiones de Espa\u00f1a.<\/p>\n","protected":false},"author":1,"featured_media":19697,"comment_status":"open","ping_status":"open","sticky":false,"template":"","format":"standard","meta":[],"categories":[],"tags":[],"_links":{"self":[{"href":"https:\/\/www.uta.cl\/index.php\/wp-json\/wp\/v2\/posts\/19696"}],"collection":[{"href":"https:\/\/www.uta.cl\/index.php\/wp-json\/wp\/v2\/posts"}],"about":[{"href":"https:\/\/www.uta.cl\/index.php\/wp-json\/wp\/v2\/types\/post"}],"author":[{"embeddable":true,"href":"https:\/\/www.uta.cl\/index.php\/wp-json\/wp\/v2\/users\/1"}],"replies":[{"embeddable":true,"href":"https:\/\/www.uta.cl\/index.php\/wp-json\/wp\/v2\/comments?post=19696"}],"version-history":[{"count":1,"href":"https:\/\/www.uta.cl\/index.php\/wp-json\/wp\/v2\/posts\/19696\/revisions"}],"predecessor-version":[{"id":19699,"href":"https:\/\/www.uta.cl\/index.php\/wp-json\/wp\/v2\/posts\/19696\/revisions\/19699"}],"wp:featuredmedia":[{"embeddable":true,"href":"https:\/\/www.uta.cl\/index.php\/wp-json\/wp\/v2\/media\/19697"}],"wp:attachment":[{"href":"https:\/\/www.uta.cl\/index.php\/wp-json\/wp\/v2\/media?parent=19696"}],"wp:term":[{"taxonomy":"category","embeddable":true,"href":"https:\/\/www.uta.cl\/index.php\/wp-json\/wp\/v2\/categories?post=19696"},{"taxonomy":"post_tag","embeddable":true,"href":"https:\/\/www.uta.cl\/index.php\/wp-json\/wp\/v2\/tags?post=19696"}],"curies":[{"name":"wp","href":"https:\/\/api.w.org\/{rel}","templated":true}]}}