{"id":19670,"date":"2019-07-03T13:57:30","date_gmt":"2019-07-03T13:57:30","guid":{"rendered":"https:\/\/www.uta.cl\/?p=19670"},"modified":"2019-07-03T13:57:45","modified_gmt":"2019-07-03T13:57:45","slug":"uta-sede-iquique-realiza-foro-descentralizando-desde-iquique-la-conversacion-de-la-perspectiva-de-genero","status":"publish","type":"post","link":"https:\/\/www.uta.cl\/index.php\/2019\/07\/03\/uta-sede-iquique-realiza-foro-descentralizando-desde-iquique-la-conversacion-de-la-perspectiva-de-genero\/","title":{"rendered":"UTA Sede Iquique realiza foro \u201cDescentralizando desde Iquique la Conversaci\u00f3n de la Perspectiva de G\u00e9nero\u201d"},"content":{"rendered":"\n<p>\nCon las\npresentaciones de destacadas panelistas, donde convergieron las \u00e1reas\nde la academia, la pol\u00edtica p\u00fablica y la experiencia, se realiz\u00f3\nel foro \u201cDescentralizando desde Iquique la Conversaci\u00f3n de la\nPerspectiva de G\u00e9nero\u201d, actividad que cont\u00f3 con las panelistas:\nMilca Pardo, Secretaria Regional Ministerial de la Mujer y la Equidad\nde G\u00e9nero, quien convers\u00f3 sobre la pol\u00edtica p\u00fablica: Agenda\nMujer; Marcela D\u00edaz, jueza laboral y acad\u00e9mica de jornada parcial\nde la carrera de Derecho, quien expuso  la tem\u00e1tica sobre la brecha\nsalarial: La feminizaci\u00f3n de la pobreza; y desde Santiago en su\nvisita en Iquique, la Dra. Yolanda Pizarro, consultora especialista\nen la tem\u00e1tica &#8211; siendo destacada como una de las 100 Mujeres\nL\u00edderes 2017, por el diario El Mercurio- , trat\u00f3 la prevenci\u00f3n\npara ni\u00f1os, con perspectiva de g\u00e9nero: Educaci\u00f3n e identificaci\u00f3n.<\/p>\n\n\n\n<figure class=\"wp-block-image\"><a href=\"https:\/\/www.uta.cl\/wp-content\/uploads\/2019\/07\/1561558452575_edit2.jpg\"><img loading=\"lazy\" width=\"1000\" height=\"496\" src=\"https:\/\/www.uta.cl\/wp-content\/uploads\/2019\/07\/1561558452575_edit2.jpg\" alt=\"\" class=\"wp-image-19672\" srcset=\"https:\/\/www.uta.cl\/wp-content\/uploads\/2019\/07\/1561558452575_edit2.jpg 1000w, https:\/\/www.uta.cl\/wp-content\/uploads\/2019\/07\/1561558452575_edit2-300x149.jpg 300w, https:\/\/www.uta.cl\/wp-content\/uploads\/2019\/07\/1561558452575_edit2-768x381.jpg 768w\" sizes=\"(max-width: 1000px) 100vw, 1000px\" \/><\/a><\/figure>\n\n\n\n<p>\nLa Directora\nGeneral de Sede (s), Ang\u00e9lica Cazenave Gonz\u00e1lez, dio las palabras\nde bienvenida al espacio de conversaci\u00f3n, destacando el rol que hoy\nlas mujeres tienen en la sociedad. <em>\u201c<\/em>Afortunadamente,\nlas mujeres de hoy nacieron en otro Chile y pudieron darse cuenta de\naquello que debe cambiar y alzaron la voz ante la injusticia y la\nnecesidad de equidad de g\u00e9nero que posee la cultura en nuestros\nd\u00edas. Hoy las mujeres estamos llamadas a ser plenas constructoras de\nla historia del mundo. Estamos llamadas a ser las empresarias, las\npol\u00edticas, las acad\u00e9micas, las deportistas, las artistas que el\nmundo necesita para la construcci\u00f3n de una sociedad m\u00e1s plena, m\u00e1s\njusta y m\u00e1s desarrollada\u201d, para finalizar, agrego \u201cestamos\nllamados a fertilizar la sociedad actual con respeto, inclusi\u00f3n,\ninnovaci\u00f3n y equidad; llevemos estos valores a las playas,\nquebradas, y\nmonta\u00f1as de Tarapac\u00e1 y de todas las regiones de Chile\u201d. \n<\/p>\n\n\n\n<p>\n\u201cTodas las\ninstancias son relevantes. Aqu\u00ed, [en la universidad], donde se\ndesarrolla la masa cr\u00edtica de la regi\u00f3n de Tarapac\u00e1, es una muy\nbuena instancia; adem\u00e1s, de traer a expertos del \u00e1rea, para hacer\nuna sociedad m\u00e1s justa. Tenemos una deuda pendiente con las\nconvocatorias a estos encuentros. Debemos trabajar m\u00e1s porque hoy\nnos vemos limitados que no llegamos a todos. Con esta actividad est\u00e1\nevidenciado que las puertas de nuestro ministerio, las de la\nUniversidad, est\u00e1n abiertas\u201d, puntualiz\u00f3 Pamela Hern\u00e1ndez,\ndirectora del Servicio Nacional de la Mujer y la Equidad de G\u00e9nero,\nquien asisti\u00f3 como p\u00fablico a la actividad que cont\u00f3 con la\nmoderaci\u00f3n del acad\u00e9mico del Departamento de Ciencias Sociales, Dr.\nNorman Garrido.<\/p>\n\n\n\n<figure class=\"wp-block-image\"><a href=\"https:\/\/www.uta.cl\/wp-content\/uploads\/2019\/07\/1561558317209_edit2.jpg\"><img loading=\"lazy\" width=\"1000\" height=\"701\" src=\"https:\/\/www.uta.cl\/wp-content\/uploads\/2019\/07\/1561558317209_edit2.jpg\" alt=\"\" class=\"wp-image-19671\" srcset=\"https:\/\/www.uta.cl\/wp-content\/uploads\/2019\/07\/1561558317209_edit2.jpg 1000w, https:\/\/www.uta.cl\/wp-content\/uploads\/2019\/07\/1561558317209_edit2-300x210.jpg 300w, https:\/\/www.uta.cl\/wp-content\/uploads\/2019\/07\/1561558317209_edit2-768x538.jpg 768w\" sizes=\"(max-width: 1000px) 100vw, 1000px\" \/><\/a><\/figure>\n","protected":false},"excerpt":{"rendered":"<p>Actividad organizada en conjunto entre la Federaci\u00f3n de Estudiantes y la Direcci\u00f3n General de Sede<\/p>\n","protected":false},"author":1,"featured_media":19671,"comment_status":"open","ping_status":"open","sticky":false,"template":"","format":"standard","meta":[],"categories":[42,51],"tags":[],"_links":{"self":[{"href":"https:\/\/www.uta.cl\/index.php\/wp-json\/wp\/v2\/posts\/19670"}],"collection":[{"href":"https:\/\/www.uta.cl\/index.php\/wp-json\/wp\/v2\/posts"}],"about":[{"href":"https:\/\/www.uta.cl\/index.php\/wp-json\/wp\/v2\/types\/post"}],"author":[{"embeddable":true,"href":"https:\/\/www.uta.cl\/index.php\/wp-json\/wp\/v2\/users\/1"}],"replies":[{"embeddable":true,"href":"https:\/\/www.uta.cl\/index.php\/wp-json\/wp\/v2\/comments?post=19670"}],"version-history":[{"count":1,"href":"https:\/\/www.uta.cl\/index.php\/wp-json\/wp\/v2\/posts\/19670\/revisions"}],"predecessor-version":[{"id":19673,"href":"https:\/\/www.uta.cl\/index.php\/wp-json\/wp\/v2\/posts\/19670\/revisions\/19673"}],"wp:featuredmedia":[{"embeddable":true,"href":"https:\/\/www.uta.cl\/index.php\/wp-json\/wp\/v2\/media\/19671"}],"wp:attachment":[{"href":"https:\/\/www.uta.cl\/index.php\/wp-json\/wp\/v2\/media?parent=19670"}],"wp:term":[{"taxonomy":"category","embeddable":true,"href":"https:\/\/www.uta.cl\/index.php\/wp-json\/wp\/v2\/categories?post=19670"},{"taxonomy":"post_tag","embeddable":true,"href":"https:\/\/www.uta.cl\/index.php\/wp-json\/wp\/v2\/tags?post=19670"}],"curies":[{"name":"wp","href":"https:\/\/api.w.org\/{rel}","templated":true}]}}