{"id":19666,"date":"2019-07-03T12:49:21","date_gmt":"2019-07-03T12:49:21","guid":{"rendered":"https:\/\/www.uta.cl\/?p=19666"},"modified":"2019-07-03T12:49:43","modified_gmt":"2019-07-03T12:49:43","slug":"alumnos-de-auditoria-de-la-uta-destacan-con-su-ponencia-en-el-xxxv-congreso-nacional-de-la-conecac","status":"publish","type":"post","link":"https:\/\/www.uta.cl\/index.php\/2019\/07\/03\/alumnos-de-auditoria-de-la-uta-destacan-con-su-ponencia-en-el-xxxv-congreso-nacional-de-la-conecac\/","title":{"rendered":"Alumnos de Auditor\u00eda de la UTA, destacan con su ponencia en el XXXV Congreso Nacional de la CONECAC"},"content":{"rendered":"\n<p>\nUna relevante participaci\u00f3n\ntuvieron los estudiantes de tercer a\u00f1o de la carrera de Contador\nAuditor-Contador P\u00fablico de la Universidad de Tarapac\u00e1, Javiera\nManlla, Milagros Rueda, Luis Ortega y Evans Oyarce, quienes\nobtuvieron el cuarto lugar en el \u201cXXXV Congreso Nacional de\nEstudiantes de Contador P\u00fablico y\/o Auditor de Chile\u201d, encuentro\nrealizado desde el 19 al 21 de junio, en la sede de la Universidad\nCat\u00f3lica del Norte.<\/p>\n\n\n\n<figure class=\"wp-block-image\"><img loading=\"lazy\" width=\"1000\" height=\"691\" src=\"https:\/\/www.uta.cl\/wp-content\/uploads\/2019\/07\/1.jpg\" alt=\"\" class=\"wp-image-19667\" srcset=\"https:\/\/www.uta.cl\/wp-content\/uploads\/2019\/07\/1.jpg 1000w, https:\/\/www.uta.cl\/wp-content\/uploads\/2019\/07\/1-300x207.jpg 300w, https:\/\/www.uta.cl\/wp-content\/uploads\/2019\/07\/1-768x531.jpg 768w\" sizes=\"(max-width: 1000px) 100vw, 1000px\" \/><\/figure>\n\n\n\n<p>\nOrganizado por el Consejo de\nEstudiantes de la especialidad (CONECAC), la tem\u00e1tica central de\neste congreso fue \u201cEl auditor en el emprendimiento\u201d y cont\u00f3 con\nla participaci\u00f3n de delegaciones de estudiantes provenientes de todo\nel pa\u00eds, quienes accedieron a ponencias acad\u00e9micas y charlas\nespecializadas, con el fin de potenciar su formaci\u00f3n profesional a\ntrav\u00e9s de la investigaci\u00f3n junto con conocer temas de contingencia\nque afectan a la profesi\u00f3n.<\/p>\n\n\n\n<div class=\"wp-block-image\"><figure class=\"alignright is-resized\"><img loading=\"lazy\" src=\"https:\/\/www.uta.cl\/wp-content\/uploads\/2019\/07\/2.jpg\" alt=\"\" class=\"wp-image-19668\" width=\"256\" height=\"343\" srcset=\"https:\/\/www.uta.cl\/wp-content\/uploads\/2019\/07\/2.jpg 747w, https:\/\/www.uta.cl\/wp-content\/uploads\/2019\/07\/2-224x300.jpg 224w\" sizes=\"(max-width: 256px) 100vw, 256px\" \/><\/figure><\/div>\n\n\n\n<p>\nCon la ponencia \u201c<em><strong>Una\naproximaci\u00f3n al emprendimiento desde el personal Brandinger en la\nCarrera de Contador \u2013Contador P\u00fablico<\/strong><\/em>\u201d\ndirigida por el Dr. Jorge Bernal Peralta, los estudiantes de la\ncarrera adscrita a la FAE, lograron imponerse al resto de los equipos\nparticipantes. \u201cNosotros como alumnos y  representantes de la\ncarrera de Auditor\u00eda, trabajamos arduamente, porque era nuestra\nprimera presentaci\u00f3n y adem\u00e1s ten\u00edamos la convicci\u00f3n de hacer una\nbuena presentaci\u00f3n, y all\u00ed nos dimos cuenta que nuestras\ncompetencias est\u00e1n en un muy buen nivel\u201d, manifestaron los\nalumnos. \n<\/p>\n\n\n\n<p>\nPara la acad\u00e9mica y jefa de\ncarrera de Contador Auditor-Contador P\u00fablico, Sof\u00eda Chura Untoja,\n\u201ces un orgullo que nuestros estudiantes se hayan motivado y logrado\npresentar el tema de investigaci\u00f3n, sobretodo por que en este\nCongreso compitieron con estudiantes de otras universidades, pudieron\ndarse cuenta de distintas realidades y demostrando sus competencias y\nla s\u00f3lida formaci\u00f3n que han recibido durante estos a\u00f1os de\nestudio\u201d.<\/p>\n","protected":false},"excerpt":{"rendered":"<p>Evento congreg\u00f3 a m\u00e1s de 10 universidades del pa\u00eds, donde los estudiantes de la Universidad de Tarapac\u00e1, obtuvieron el cuarto lugar.<\/p>\n","protected":false},"author":1,"featured_media":19667,"comment_status":"open","ping_status":"open","sticky":false,"template":"","format":"standard","meta":[],"categories":[51],"tags":[],"_links":{"self":[{"href":"https:\/\/www.uta.cl\/index.php\/wp-json\/wp\/v2\/posts\/19666"}],"collection":[{"href":"https:\/\/www.uta.cl\/index.php\/wp-json\/wp\/v2\/posts"}],"about":[{"href":"https:\/\/www.uta.cl\/index.php\/wp-json\/wp\/v2\/types\/post"}],"author":[{"embeddable":true,"href":"https:\/\/www.uta.cl\/index.php\/wp-json\/wp\/v2\/users\/1"}],"replies":[{"embeddable":true,"href":"https:\/\/www.uta.cl\/index.php\/wp-json\/wp\/v2\/comments?post=19666"}],"version-history":[{"count":1,"href":"https:\/\/www.uta.cl\/index.php\/wp-json\/wp\/v2\/posts\/19666\/revisions"}],"predecessor-version":[{"id":19669,"href":"https:\/\/www.uta.cl\/index.php\/wp-json\/wp\/v2\/posts\/19666\/revisions\/19669"}],"wp:featuredmedia":[{"embeddable":true,"href":"https:\/\/www.uta.cl\/index.php\/wp-json\/wp\/v2\/media\/19667"}],"wp:attachment":[{"href":"https:\/\/www.uta.cl\/index.php\/wp-json\/wp\/v2\/media?parent=19666"}],"wp:term":[{"taxonomy":"category","embeddable":true,"href":"https:\/\/www.uta.cl\/index.php\/wp-json\/wp\/v2\/categories?post=19666"},{"taxonomy":"post_tag","embeddable":true,"href":"https:\/\/www.uta.cl\/index.php\/wp-json\/wp\/v2\/tags?post=19666"}],"curies":[{"name":"wp","href":"https:\/\/api.w.org\/{rel}","templated":true}]}}