{"id":19642,"date":"2019-07-01T21:42:06","date_gmt":"2019-07-01T21:42:06","guid":{"rendered":"https:\/\/www.uta.cl\/?p=19642"},"modified":"2019-07-02T19:08:18","modified_gmt":"2019-07-02T19:08:18","slug":"se-realiza-exitosa-jornada-para-validar-perfil-de-egreso-de-futuras-carreras-profesionales-vespertinas","status":"publish","type":"post","link":"https:\/\/www.uta.cl\/index.php\/2019\/07\/01\/se-realiza-exitosa-jornada-para-validar-perfil-de-egreso-de-futuras-carreras-profesionales-vespertinas\/","title":{"rendered":"Se realiza exitosa jornada para validar perfil de egreso de futuras carreras profesionales vespertinas"},"content":{"rendered":"\n<p> Con la presencia de empleadores, acad\u00e9micos y egresados de la UTA, el pasado jueves 20 de junio, se llev\u00f3 a cabo la validaci\u00f3n de los perfiles de egreso de las dos primeras carreras profesionales vespertinas que impartir\u00e1 la Universidad de Tarapac\u00e1: Ingenier\u00eda en Administraci\u00f3n de Empresas y Administraci\u00f3n P\u00fablica.<\/p>\n\n\n\n<figure class=\"wp-block-image\"><img loading=\"lazy\" width=\"1000\" height=\"650\" src=\"https:\/\/www.uta.cl\/wp-content\/uploads\/2019\/07\/base.jpg\" alt=\"\" class=\"wp-image-19652\" srcset=\"https:\/\/www.uta.cl\/wp-content\/uploads\/2019\/07\/base.jpg 1000w, https:\/\/www.uta.cl\/wp-content\/uploads\/2019\/07\/base-300x195.jpg 300w, https:\/\/www.uta.cl\/wp-content\/uploads\/2019\/07\/base-768x499.jpg 768w\" sizes=\"(max-width: 1000px) 100vw, 1000px\" \/><\/figure>\n\n\n\n<p>El encuentro organizado por la Comisi\u00f3n Acad\u00e9mica de Creaci\u00f3n de las Carreras Profesionales Vespertinas de esta Casa de Estudios Superiores, estuvo encabezada por el Decano de la Facultad de Ciencias de la Salud, Dr. Carlos \u00dabeda de la Cerda, quien estuvo acompa\u00f1ado de las acad\u00e9micas de la Escuela de Administraci\u00f3n y Negocios, Andrea Pincheira Varas y Ximena Vega Donoso; del acad\u00e9mico de la Facultad de Ciencias Sociales y Jur\u00eddicas, Iv\u00e1n Barrientos Bordoli; del Centro de Innovaci\u00f3n y Desarrollo de la Docencia, dependiente de la Direcci\u00f3n de Docencia, Ang\u00e9lica Pizarro Iriarte y como asesor del Rector, el acad\u00e9mico Gonzalo Vald\u00e9s Gonz\u00e1lez.  <\/p>\n\n\n\n<p>Durante\nla jornada realizada en los laboratorios de Radioterapia y Fotograf\u00eda\nde la Facultad de Ciencias de la Salud, se trabaj\u00f3 para lograr\nacuerdos para la mejora del perfil de egreso de ambas carreras,\nreflejando y atendiendo las necesidades en el mercado laboral y a las\ndemandas de los estudiantes, lo que significa un gran avance en\nmateria de mejora continua. \n<\/p>\n\n\n\n<p>Para\nel Seremi de Econom\u00eda, Fomento y Turismo, Cristian Sayes Maldonado,\nquien destac\u00f3 la importancia de la jornada, \u201cen la cual p\u00fablicos\ncomo privados podr\u00e1n expresar o dar a conocer las necesidades\nrespecto a lo que se espera de los egresados, lo cual permitir\u00e1\nvalidar y generar una relaci\u00f3n mucho m\u00e1s cercana. Creo que los\nobjetivos que se pueden lograr son bastante buenos, esperando que\nsean personas de la regi\u00f3n que se queden con la finalidad de mejorar\nlas relaciones y que nuestros j\u00f3venes sean l\u00edderes a futuro de los\nservicios p\u00fablicos como de la empresa privada\u201d.<\/p>\n\n\n\n<p>En\ntanto, Rossana Testa Salinas, Directora del Departamento de Salud\nMunicipal de Arica (DESAMU), se\u00f1al\u00f3 que esta instancia en la cual\nparticipan los diferentes empleadores de la regi\u00f3n, demuestra que,\n\u201cla Universidad de Tarapac\u00e1 est\u00e1 dando un paso gigante\nespecialmente en carreras que son muy demandadas, especialmente en la\nmunicipalidad que es donde yo pertenezco y para otros servicios\np\u00fablicos donde tenemos mucho que aportar de este perfil de egreso\u201d.\n\n<\/p>\n\n\n\n<p>Por\nsu parte, el Director Regional de CORFO, Manuel Rodr\u00edguez Campillay,\nexpres\u00f3 que \u201cinvitar a personas con trayectoria acad\u00e9mica de\nvarias d\u00e9cadas es un gran aporte para acordar y conciliar ideas de\ndesarrollo, crecimiento y perfeccionamiento. Los perfiles de carreras\nson tan din\u00e1micos al igual que el mundo laboral, donde la\nparticipaci\u00f3n del mundo acad\u00e9mico no puede estar ajeno a estos\nencuentros cuya finalidad es ir viendo los desaf\u00edos y dificultades\nque nos presenta el mercado laboral\u201d.<\/p>\n\n\n\n<p>\nEn\nla jornada tambi\u00e9n estuvo presente el Secretario Regional del\nTrabajo y Previsi\u00f3n Social de Arica y Parinacota, Juan Manuel\nCarrasco Bravo, quien resalt\u00f3 que, \u201cdesde la perspectiva de la\npr\u00e1ctica es importante que nosotros podamos ir incorporando ciertos\naspectos relevantes. Es sin duda importante que los futuros\nprofesionales tengan conocimiento de la realidad que van a enfrentar\nen el mundo laboral y sin duda, si nosotros podemos colaborar en\nalgo, bienvenido sea\u201d. \n<\/p>\n\n\n\n<p>Finalmente,\nel Gerente General de la Cl\u00ednica San Jos\u00e9, Jorge Correa Flores\nexpres\u00f3 que, \u201cestas instancias son muy importantes. El permitir\neste acercamiento entre la Universidad de Tarapac\u00e1 y la empresa\np\u00fablica y privada, nos permite desarrollar el perfil de lo que\nrealmente queremos de los futuros profesionales para la ciudad\u201d. \n<\/p>\n\n\n\n<ul class=\"wp-block-gallery columns-3 is-cropped\"><li class=\"blocks-gallery-item\"><figure><a href=\"https:\/\/www.uta.cl\/wp-content\/uploads\/2019\/07\/000_DSC_3045.jpg\"><img loading=\"lazy\" width=\"1000\" height=\"666\" src=\"https:\/\/www.uta.cl\/wp-content\/uploads\/2019\/07\/000_DSC_3045.jpg\" alt=\"\" data-id=\"19651\" data-link=\"https:\/\/www.uta.cl\/?attachment_id=19651\" class=\"wp-image-19651\" srcset=\"https:\/\/www.uta.cl\/wp-content\/uploads\/2019\/07\/000_DSC_3045.jpg 1000w, https:\/\/www.uta.cl\/wp-content\/uploads\/2019\/07\/000_DSC_3045-300x200.jpg 300w, https:\/\/www.uta.cl\/wp-content\/uploads\/2019\/07\/000_DSC_3045-768x511.jpg 768w\" sizes=\"(max-width: 1000px) 100vw, 1000px\" \/><\/a><\/figure><\/li><li class=\"blocks-gallery-item\"><figure><a href=\"https:\/\/www.uta.cl\/wp-content\/uploads\/2019\/07\/000_DSC_3038.jpg\"><img loading=\"lazy\" width=\"1000\" height=\"666\" src=\"https:\/\/www.uta.cl\/wp-content\/uploads\/2019\/07\/000_DSC_3038.jpg\" alt=\"\" data-id=\"19650\" data-link=\"https:\/\/www.uta.cl\/?attachment_id=19650\" class=\"wp-image-19650\" srcset=\"https:\/\/www.uta.cl\/wp-content\/uploads\/2019\/07\/000_DSC_3038.jpg 1000w, https:\/\/www.uta.cl\/wp-content\/uploads\/2019\/07\/000_DSC_3038-300x200.jpg 300w, https:\/\/www.uta.cl\/wp-content\/uploads\/2019\/07\/000_DSC_3038-768x511.jpg 768w\" sizes=\"(max-width: 1000px) 100vw, 1000px\" \/><\/a><\/figure><\/li><li class=\"blocks-gallery-item\"><figure><a href=\"https:\/\/www.uta.cl\/wp-content\/uploads\/2019\/07\/000_DSC_3033.jpg\"><img loading=\"lazy\" width=\"1000\" height=\"666\" src=\"https:\/\/www.uta.cl\/wp-content\/uploads\/2019\/07\/000_DSC_3033.jpg\" alt=\"\" data-id=\"19649\" data-link=\"https:\/\/www.uta.cl\/?attachment_id=19649\" class=\"wp-image-19649\" srcset=\"https:\/\/www.uta.cl\/wp-content\/uploads\/2019\/07\/000_DSC_3033.jpg 1000w, https:\/\/www.uta.cl\/wp-content\/uploads\/2019\/07\/000_DSC_3033-300x200.jpg 300w, https:\/\/www.uta.cl\/wp-content\/uploads\/2019\/07\/000_DSC_3033-768x511.jpg 768w\" sizes=\"(max-width: 1000px) 100vw, 1000px\" \/><\/a><\/figure><\/li><li class=\"blocks-gallery-item\"><figure><a href=\"https:\/\/www.uta.cl\/wp-content\/uploads\/2019\/07\/000_DSC_3030.jpg\"><img loading=\"lazy\" width=\"1000\" height=\"666\" src=\"https:\/\/www.uta.cl\/wp-content\/uploads\/2019\/07\/000_DSC_3030.jpg\" alt=\"\" data-id=\"19648\" data-link=\"https:\/\/www.uta.cl\/?attachment_id=19648\" class=\"wp-image-19648\" srcset=\"https:\/\/www.uta.cl\/wp-content\/uploads\/2019\/07\/000_DSC_3030.jpg 1000w, https:\/\/www.uta.cl\/wp-content\/uploads\/2019\/07\/000_DSC_3030-300x200.jpg 300w, https:\/\/www.uta.cl\/wp-content\/uploads\/2019\/07\/000_DSC_3030-768x511.jpg 768w\" sizes=\"(max-width: 1000px) 100vw, 1000px\" \/><\/a><\/figure><\/li><li class=\"blocks-gallery-item\"><figure><a href=\"https:\/\/www.uta.cl\/wp-content\/uploads\/2019\/07\/000_DSC_3027.jpg\"><img loading=\"lazy\" width=\"1000\" height=\"666\" src=\"https:\/\/www.uta.cl\/wp-content\/uploads\/2019\/07\/000_DSC_3027.jpg\" alt=\"\" data-id=\"19647\" data-link=\"https:\/\/www.uta.cl\/?attachment_id=19647\" class=\"wp-image-19647\" srcset=\"https:\/\/www.uta.cl\/wp-content\/uploads\/2019\/07\/000_DSC_3027.jpg 1000w, https:\/\/www.uta.cl\/wp-content\/uploads\/2019\/07\/000_DSC_3027-300x200.jpg 300w, https:\/\/www.uta.cl\/wp-content\/uploads\/2019\/07\/000_DSC_3027-768x511.jpg 768w\" sizes=\"(max-width: 1000px) 100vw, 1000px\" \/><\/a><\/figure><\/li><li class=\"blocks-gallery-item\"><figure><a href=\"https:\/\/www.uta.cl\/wp-content\/uploads\/2019\/07\/000_DSC_3025.jpg\"><img loading=\"lazy\" width=\"1000\" height=\"666\" src=\"https:\/\/www.uta.cl\/wp-content\/uploads\/2019\/07\/000_DSC_3025.jpg\" alt=\"\" data-id=\"19646\" data-link=\"https:\/\/www.uta.cl\/?attachment_id=19646\" class=\"wp-image-19646\" srcset=\"https:\/\/www.uta.cl\/wp-content\/uploads\/2019\/07\/000_DSC_3025.jpg 1000w, https:\/\/www.uta.cl\/wp-content\/uploads\/2019\/07\/000_DSC_3025-300x200.jpg 300w, https:\/\/www.uta.cl\/wp-content\/uploads\/2019\/07\/000_DSC_3025-768x511.jpg 768w\" sizes=\"(max-width: 1000px) 100vw, 1000px\" \/><\/a><\/figure><\/li><li class=\"blocks-gallery-item\"><figure><a href=\"https:\/\/www.uta.cl\/wp-content\/uploads\/2019\/07\/000_DSC_3023.jpg\"><img loading=\"lazy\" width=\"1000\" height=\"666\" src=\"https:\/\/www.uta.cl\/wp-content\/uploads\/2019\/07\/000_DSC_3023.jpg\" alt=\"\" data-id=\"19645\" data-link=\"https:\/\/www.uta.cl\/?attachment_id=19645\" class=\"wp-image-19645\" srcset=\"https:\/\/www.uta.cl\/wp-content\/uploads\/2019\/07\/000_DSC_3023.jpg 1000w, https:\/\/www.uta.cl\/wp-content\/uploads\/2019\/07\/000_DSC_3023-300x200.jpg 300w, https:\/\/www.uta.cl\/wp-content\/uploads\/2019\/07\/000_DSC_3023-768x511.jpg 768w\" sizes=\"(max-width: 1000px) 100vw, 1000px\" \/><\/a><\/figure><\/li><li class=\"blocks-gallery-item\"><figure><a href=\"https:\/\/www.uta.cl\/wp-content\/uploads\/2019\/07\/000_DSC_3022.jpg\"><img loading=\"lazy\" width=\"1000\" height=\"666\" src=\"https:\/\/www.uta.cl\/wp-content\/uploads\/2019\/07\/000_DSC_3022.jpg\" alt=\"\" data-id=\"19644\" data-link=\"https:\/\/www.uta.cl\/?attachment_id=19644\" class=\"wp-image-19644\" srcset=\"https:\/\/www.uta.cl\/wp-content\/uploads\/2019\/07\/000_DSC_3022.jpg 1000w, https:\/\/www.uta.cl\/wp-content\/uploads\/2019\/07\/000_DSC_3022-300x200.jpg 300w, https:\/\/www.uta.cl\/wp-content\/uploads\/2019\/07\/000_DSC_3022-768x511.jpg 768w\" sizes=\"(max-width: 1000px) 100vw, 1000px\" \/><\/a><\/figure><\/li><li class=\"blocks-gallery-item\"><figure><a href=\"https:\/\/www.uta.cl\/wp-content\/uploads\/2019\/07\/000_DSC_3018.jpg\"><img loading=\"lazy\" width=\"1000\" height=\"666\" src=\"https:\/\/www.uta.cl\/wp-content\/uploads\/2019\/07\/000_DSC_3018.jpg\" alt=\"\" data-id=\"19643\" data-link=\"https:\/\/www.uta.cl\/?attachment_id=19643\" class=\"wp-image-19643\" srcset=\"https:\/\/www.uta.cl\/wp-content\/uploads\/2019\/07\/000_DSC_3018.jpg 1000w, https:\/\/www.uta.cl\/wp-content\/uploads\/2019\/07\/000_DSC_3018-300x200.jpg 300w, https:\/\/www.uta.cl\/wp-content\/uploads\/2019\/07\/000_DSC_3018-768x511.jpg 768w\" sizes=\"(max-width: 1000px) 100vw, 1000px\" \/><\/a><\/figure><\/li><\/ul>\n","protected":false},"excerpt":{"rendered":"<p>Actualmente, la Universidad de Tarapac\u00e1 contempla en su planificaci\u00f3n la apertura de las nuevas carreras vespertinas de Ingenier\u00eda en Administraci\u00f3n de Empresas y Administraci\u00f3n P\u00fablica. <\/p>\n","protected":false},"author":1,"featured_media":19652,"comment_status":"open","ping_status":"open","sticky":false,"template":"","format":"standard","meta":[],"categories":[35],"tags":[],"_links":{"self":[{"href":"https:\/\/www.uta.cl\/index.php\/wp-json\/wp\/v2\/posts\/19642"}],"collection":[{"href":"https:\/\/www.uta.cl\/index.php\/wp-json\/wp\/v2\/posts"}],"about":[{"href":"https:\/\/www.uta.cl\/index.php\/wp-json\/wp\/v2\/types\/post"}],"author":[{"embeddable":true,"href":"https:\/\/www.uta.cl\/index.php\/wp-json\/wp\/v2\/users\/1"}],"replies":[{"embeddable":true,"href":"https:\/\/www.uta.cl\/index.php\/wp-json\/wp\/v2\/comments?post=19642"}],"version-history":[{"count":2,"href":"https:\/\/www.uta.cl\/index.php\/wp-json\/wp\/v2\/posts\/19642\/revisions"}],"predecessor-version":[{"id":19663,"href":"https:\/\/www.uta.cl\/index.php\/wp-json\/wp\/v2\/posts\/19642\/revisions\/19663"}],"wp:featuredmedia":[{"embeddable":true,"href":"https:\/\/www.uta.cl\/index.php\/wp-json\/wp\/v2\/media\/19652"}],"wp:attachment":[{"href":"https:\/\/www.uta.cl\/index.php\/wp-json\/wp\/v2\/media?parent=19642"}],"wp:term":[{"taxonomy":"category","embeddable":true,"href":"https:\/\/www.uta.cl\/index.php\/wp-json\/wp\/v2\/categories?post=19642"},{"taxonomy":"post_tag","embeddable":true,"href":"https:\/\/www.uta.cl\/index.php\/wp-json\/wp\/v2\/tags?post=19642"}],"curies":[{"name":"wp","href":"https:\/\/api.w.org\/{rel}","templated":true}]}}