{"id":19634,"date":"2019-07-01T16:49:13","date_gmt":"2019-07-01T16:49:13","guid":{"rendered":"https:\/\/www.uta.cl\/?p=19634"},"modified":"2019-07-01T16:51:56","modified_gmt":"2019-07-01T16:51:56","slug":"seminario-abordo-legado-femenino-en-el-patrimonio-cultural-regional","status":"publish","type":"post","link":"https:\/\/www.uta.cl\/index.php\/2019\/07\/01\/seminario-abordo-legado-femenino-en-el-patrimonio-cultural-regional\/","title":{"rendered":"Seminario abord\u00f3 legado femenino en el patrimonio cultural regional"},"content":{"rendered":"\n<p>Reflexionar sobre la importancia del aporte de las mujeres en el patrimonio cultural regional y dotar de perspectiva de g\u00e9nero los trabajos desarrollado en torno a la gesti\u00f3n patrimonial fueron los objetivos del seminario \u201cMujeres y Patrimonio\u201d, que cont\u00f3 con las exposiciones de tres reconocidas investigadoras vinculadas a la regi\u00f3n: Vivian Gavil\u00e1n, acad\u00e9mica del Departamento de Antropolog\u00eda de la Universidad de Tarapac\u00e1 (UTA); Nicole Cort\u00e9s, historiadora e investigadora de la UTA y Alexandra Saintard, M\u00e1ster en Historia y Gesti\u00f3n del Patrimonio de la Universidad de Santiago de Chile (USACH).<\/p>\n\n\n\n<figure class=\"wp-block-image\"><a href=\"https:\/\/www.uta.cl\/wp-content\/uploads\/2019\/07\/asistencia.jpg\"><img loading=\"lazy\" width=\"1000\" height=\"635\" src=\"https:\/\/www.uta.cl\/wp-content\/uploads\/2019\/07\/asistencia.jpg\" alt=\"\" class=\"wp-image-19636\" srcset=\"https:\/\/www.uta.cl\/wp-content\/uploads\/2019\/07\/asistencia.jpg 1000w, https:\/\/www.uta.cl\/wp-content\/uploads\/2019\/07\/asistencia-300x191.jpg 300w, https:\/\/www.uta.cl\/wp-content\/uploads\/2019\/07\/asistencia-768x488.jpg 768w\" sizes=\"(max-width: 1000px) 100vw, 1000px\" \/><\/a><\/figure>\n\n\n\n<p>La\nrelevancia de la tradici\u00f3n culinaria en la cultura \u2013en tanto\nofrece elementos que identifican y distinguen, por ejemplo, un pueblo\nde otro\u2013, el significado espiritual detr\u00e1s de la textiler\u00eda\naymara y el valioso rol que desempe\u00f1an las mujeres al criar a sus\nhijos en la l\u00f3gica andina, fueron los principales t\u00f3picos expuestos\npor la antrop\u00f3loga Vivian Gavil\u00e1n, quien se ha dedicado a\ninvestigar la cultura aymara y quien se identifica a s\u00ed misma como\nparte de este pueblo originario. \n<\/p>\n\n\n\n<p>\u201cEs\nmuy interesante y entretenido ponerse a pensar el patrimonio desde el\ng\u00e9nero. Es algo que en Chile no se ha realizado mucho, si bien en\npa\u00edses como en Espa\u00f1a est\u00e1n algo m\u00e1s avanzados. Yo siempre he\nestado en el tema de g\u00e9nero. Siempre estoy pendiente de esa relaci\u00f3n\nsocial como parte de la vida, sin embargo, la tem\u00e1tica de este\nseminario me oblig\u00f3 a verlo desde otro \u00e1ngulo, entonces me parece\nque es un enfoque que hay que seguir abriendo\u201d, se\u00f1al\u00f3 respecto\nde su presentaci\u00f3n Gavil\u00e1n, quien adem\u00e1s es feminista y fue una de\nlas fundadoras de la Red de Mujeres del Norte de Iquique, creada en\n2004. \n<\/p>\n\n\n\n<p>Por\nsu parte, Nicole Cort\u00e9s, de la Universidad de Tarapac\u00e1, expuso\nsobre la inserci\u00f3n de las mujeres en las bandas de bronces,\nagrupaciones que originalmente estuvieron conformadas solo por\nvarones y donde hoy en d\u00eda, si bien no son la mayor\u00eda, cuentan con\nparticipaci\u00f3n femenina en todos sus instrumentos. \n<\/p>\n\n\n\n<p>\u201cA\npartir de los a\u00f1os noventa, comienza a existir una ruptura en los\nroles de g\u00e9nero tradicionales dentro de las l\u00f3gicas de los bailes\nreligiosos. Hist\u00f3ricamente, en esos espacios las mujeres ejerc\u00edan\nsolo labores dom\u00e9sticas, como cocinar, confeccionar trajes, vestir a\nlas im\u00e1genes y cargar estandartes. Pero a partir de los noventa, y\npor la necesidad de los bailes de contar con mayor cantidad de\nm\u00fasicos que pudieran acompa\u00f1ar a los danzantes sin cobrar, las\nmujeres comienzan a insertarse en las bandas\u201d, explic\u00f3 Cort\u00e9s,\nquien adem\u00e1s de ser investigadora tambi\u00e9n participa bailando en el\nbaile Morenos Hind\u00faes de Iquique y es trompetista. \n<\/p>\n\n\n\n<p>En\ncuanto a experiencias en gesti\u00f3n patrimonial, mag\u00edster en Historia\ny Gesti\u00f3n del Patrimonio Cultural de la USACH, Alexandra Saintard,\nse refiri\u00f3 a su trabajo de tesis donde trabaj\u00f3 con un equipo\nconformado solo por mujeres mediante el cual se logr\u00f3 rescatar y\nponer en valor las obras del pintor Waldo Vila Silva (1894-1979).\n\u201cCreo que hace mucha falta que se presenten nuevas investigaciones\nen torno a herramientas, a metodolog\u00edas de la investigaci\u00f3n\npatrimonial, porque es algo que est\u00e1 muy en boga en este momento en\nla regi\u00f3n y especialmente en Iquique, donde tenemos tantos bienes\npatrimoniales que necesitan ser conservados y catalogados, entonces\nes s\u00faper importante que sigamos reflexionando sobre los temas\nmetodol\u00f3gicos\u201d. \n<\/p>\n\n\n\n<p>La\nmayor cantidad de asistentes al seminario fueron mujeres, entre ellas\nMargaret N\u00fa\u00f1ez, parte del C\u00edrculo de Gu\u00edas de Turismo Cultural,\nquien mencion\u00f3 respecto del encuentro que \u201cfue una actividad\nrealmente muy buena, porque nos proporcion\u00f3 otra forma de pensar el\npatrimonio. Muchas veces se invisibiliza el aporte de las mujeres, es\nalgo que no se menciona y me parece de mucha relevancia poder\ncomenzar a reflexionarlo\u201d, asegur\u00f3.<\/p>\n\n\n\n<ul class=\"wp-block-gallery columns-3 is-cropped\"><li class=\"blocks-gallery-item\"><figure><a href=\"https:\/\/www.uta.cl\/wp-content\/uploads\/2019\/07\/vivian-gavila\u0301n.jpg\"><img loading=\"lazy\" width=\"1000\" height=\"663\" src=\"https:\/\/www.uta.cl\/wp-content\/uploads\/2019\/07\/vivian-gavila\u0301n.jpg\" alt=\"\" data-id=\"19638\" data-link=\"https:\/\/www.uta.cl\/?attachment_id=19638\" class=\"wp-image-19638\" srcset=\"https:\/\/www.uta.cl\/wp-content\/uploads\/2019\/07\/vivian-gavila\u0301n.jpg 1000w, https:\/\/www.uta.cl\/wp-content\/uploads\/2019\/07\/vivian-gavila\u0301n-300x199.jpg 300w, https:\/\/www.uta.cl\/wp-content\/uploads\/2019\/07\/vivian-gavila\u0301n-768x509.jpg 768w\" sizes=\"(max-width: 1000px) 100vw, 1000px\" \/><\/a><figcaption>Vivian Gavil\u00e1n, acad\u00e9mica del Departamento de Antropolog\u00eda de la Universidad de Tarapac\u00e1<\/figcaption><\/figure><\/li><li class=\"blocks-gallery-item\"><figure><a href=\"https:\/\/www.uta.cl\/wp-content\/uploads\/2019\/07\/nico.jpg\"><img loading=\"lazy\" width=\"720\" height=\"480\" src=\"https:\/\/www.uta.cl\/wp-content\/uploads\/2019\/07\/nico.jpg\" alt=\"\" data-id=\"19637\" data-link=\"https:\/\/www.uta.cl\/?attachment_id=19637\" class=\"wp-image-19637\" srcset=\"https:\/\/www.uta.cl\/wp-content\/uploads\/2019\/07\/nico.jpg 720w, https:\/\/www.uta.cl\/wp-content\/uploads\/2019\/07\/nico-300x200.jpg 300w\" sizes=\"(max-width: 720px) 100vw, 720px\" \/><\/a><figcaption>Nicole Cort\u00e9s, historiadora e investigadora de la UTA<\/figcaption><\/figure><\/li><li class=\"blocks-gallery-item\"><figure><a href=\"https:\/\/www.uta.cl\/wp-content\/uploads\/2019\/07\/alexandra.jpg\"><img loading=\"lazy\" width=\"1000\" height=\"630\" src=\"https:\/\/www.uta.cl\/wp-content\/uploads\/2019\/07\/alexandra.jpg\" alt=\"\" data-id=\"19635\" data-link=\"https:\/\/www.uta.cl\/?attachment_id=19635\" class=\"wp-image-19635\" srcset=\"https:\/\/www.uta.cl\/wp-content\/uploads\/2019\/07\/alexandra.jpg 1000w, https:\/\/www.uta.cl\/wp-content\/uploads\/2019\/07\/alexandra-300x189.jpg 300w, https:\/\/www.uta.cl\/wp-content\/uploads\/2019\/07\/alexandra-768x484.jpg 768w\" sizes=\"(max-width: 1000px) 100vw, 1000px\" \/><\/a><figcaption>Alexandra Saintard, M\u00e1ster en Historia y Gesti\u00f3n del Patrimonio de la Universidad de Santiago de Chile (USACH)<\/figcaption><\/figure><\/li><\/ul>\n","protected":false},"excerpt":{"rendered":"<p>Una alta convocatoria tuvo el seminario \u201cMujeres y Patrimonio\u201d, donde las investigadoras Vivian Gavil\u00e1n (UTA), Alexandra Saintard (USACH) y Nicole Cort\u00e9s (UTA) reflexionaron sobre diversos t\u00f3picos referentes al rol de las mujeres en ciertas expresiones culturales y en la gesti\u00f3n del patrimonio regional.<\/p>\n","protected":false},"author":1,"featured_media":19636,"comment_status":"open","ping_status":"open","sticky":false,"template":"","format":"standard","meta":[],"categories":[42,51],"tags":[],"_links":{"self":[{"href":"https:\/\/www.uta.cl\/index.php\/wp-json\/wp\/v2\/posts\/19634"}],"collection":[{"href":"https:\/\/www.uta.cl\/index.php\/wp-json\/wp\/v2\/posts"}],"about":[{"href":"https:\/\/www.uta.cl\/index.php\/wp-json\/wp\/v2\/types\/post"}],"author":[{"embeddable":true,"href":"https:\/\/www.uta.cl\/index.php\/wp-json\/wp\/v2\/users\/1"}],"replies":[{"embeddable":true,"href":"https:\/\/www.uta.cl\/index.php\/wp-json\/wp\/v2\/comments?post=19634"}],"version-history":[{"count":1,"href":"https:\/\/www.uta.cl\/index.php\/wp-json\/wp\/v2\/posts\/19634\/revisions"}],"predecessor-version":[{"id":19639,"href":"https:\/\/www.uta.cl\/index.php\/wp-json\/wp\/v2\/posts\/19634\/revisions\/19639"}],"wp:featuredmedia":[{"embeddable":true,"href":"https:\/\/www.uta.cl\/index.php\/wp-json\/wp\/v2\/media\/19636"}],"wp:attachment":[{"href":"https:\/\/www.uta.cl\/index.php\/wp-json\/wp\/v2\/media?parent=19634"}],"wp:term":[{"taxonomy":"category","embeddable":true,"href":"https:\/\/www.uta.cl\/index.php\/wp-json\/wp\/v2\/categories?post=19634"},{"taxonomy":"post_tag","embeddable":true,"href":"https:\/\/www.uta.cl\/index.php\/wp-json\/wp\/v2\/tags?post=19634"}],"curies":[{"name":"wp","href":"https:\/\/api.w.org\/{rel}","templated":true}]}}