{"id":19622,"date":"2019-06-28T15:22:58","date_gmt":"2019-06-28T15:22:58","guid":{"rendered":"https:\/\/www.uta.cl\/?p=19622"},"modified":"2019-06-28T16:51:28","modified_gmt":"2019-06-28T16:51:28","slug":"en-iquique-jefes-de-carrera-recibieron-importante-socializacion-de-los-apoyos-que-brinda-la-direccion-de-docencia","status":"publish","type":"post","link":"https:\/\/www.uta.cl\/index.php\/2019\/06\/28\/en-iquique-jefes-de-carrera-recibieron-importante-socializacion-de-los-apoyos-que-brinda-la-direccion-de-docencia\/","title":{"rendered":"En Iquique jefes de carrera recibieron importante socializaci\u00f3n de los apoyos que brinda la Direcci\u00f3n de Docencia"},"content":{"rendered":"\n<p>\nUn enriquecedor encuentro entre al \u00c1rea de Apoyo\nal Estudiante de la Direcci\u00f3n de Docencia y los jefes de carrera de\nla Sede Iquique de la Universidad de Tarapac\u00e1 se sostuvo en dicha\nsede para informar y socializar las diferentes acciones y programas\nde apoyo que existen para los estudiantes.<\/p>\n\n\n\n<figure class=\"wp-block-image\"><img loading=\"lazy\" width=\"700\" height=\"467\" src=\"https:\/\/www.uta.cl\/wp-content\/uploads\/2019\/06\/DSC_0126-copia.jpg\" alt=\"\" class=\"wp-image-19623\" srcset=\"https:\/\/www.uta.cl\/wp-content\/uploads\/2019\/06\/DSC_0126-copia.jpg 700w, https:\/\/www.uta.cl\/wp-content\/uploads\/2019\/06\/DSC_0126-copia-300x200.jpg 300w\" sizes=\"(max-width: 700px) 100vw, 700px\" \/><\/figure>\n\n\n\n<p>En\nla cita en la que estuvo presente la coordinadora del \u00e1rea Alison\nRojas Madariaga y el equipo de profesionales que dirige, se\npresentaron a los jefes de carrera asistentes el Programa de Tutores\nPares, el Programa de Desarrollo de Competencias Transversales, el\nProyecto Beca de Nivelaci\u00f3n Acad\u00e9mica (BNA), los apoyos del Centro\nde Escritura y los diferentes talleres que existen y est\u00e1n\ndisponibles para desarrollar, invit\u00e1ndolos a solicitarlos para sus\nestudiantes.<\/p>\n\n\n\n<p>Adem\u00e1s,\nse les inform\u00f3 sobre la implementaci\u00f3n en la Sede Iquique del\nPrograma de Programa de Colaboraci\u00f3n Acad\u00e9mica para la\nInclusi\u00f3n (PROCAI), el cual busca encausar de manera efectiva la\natenci\u00f3n a estudiantes que requieran un apoyo espec\u00edfico de las\ndiferentes instancias que entrega la Universidad. \n<\/p>\n\n\n\n<figure class=\"wp-block-image\"><img loading=\"lazy\" width=\"900\" height=\"302\" src=\"https:\/\/www.uta.cl\/wp-content\/uploads\/2019\/06\/socialz_jefe_carre_iqq_3.jpg\" alt=\"\" class=\"wp-image-19625\" srcset=\"https:\/\/www.uta.cl\/wp-content\/uploads\/2019\/06\/socialz_jefe_carre_iqq_3.jpg 900w, https:\/\/www.uta.cl\/wp-content\/uploads\/2019\/06\/socialz_jefe_carre_iqq_3-300x101.jpg 300w, https:\/\/www.uta.cl\/wp-content\/uploads\/2019\/06\/socialz_jefe_carre_iqq_3-768x258.jpg 768w\" sizes=\"(max-width: 900px) 100vw, 900px\" \/><\/figure>\n\n\n\n<p>IMPRESIONES<\/p>\n\n\n\n<p>La\njefa de carrera de Kinesiolog\u00eda y Rehabilitaci\u00f3n Macarena Herrera,\ndestac\u00f3 que es fundamental saber lo que est\u00e1 ocurriendo porque\nevita duplicar tareas y porque apunta a las necesidades reales que\nven en los estudiantes. \u201cHemos recibido informaci\u00f3n concreta sobre\nsituaciones que son necesarias de manejar y en donde encontramos una\nv\u00eda m\u00e1s expedita para acceder, entonces es llevar a hacer algo\npractico de aquellas problem\u00e1ticas que nosotros visualizamos y como\nha sido explicado hoy es muy did\u00e1ctico, por lo que nos queda muy\nclaro cu\u00e1l es el abanico de posibilidades que tenemos para apoyar a\nnuestros estudiantes\u201d, declar\u00f3 la jefa de carrera.<\/p>\n\n\n\n<p>Mientras\nque tambi\u00e9n valor\u00f3 la articulaci\u00f3n con la representante de la\nDirecci\u00f3n de Docencia en la Sede Iquique. \u201cHa funcionado muy bien\nque exista en la persona de Andrea Cifuentes una profesional que\nrepresente todo el trabajo que se realiza en la DIDO aqu\u00ed en\nIquique, porque es una articulaci\u00f3n importante\u201d, expres\u00f3.<\/p>\n\n\n\n<p>\nPor su parte la coordinadora del \u00e1rea Alison Rojas, coment\u00f3 que, si\nbien al encuentro no lleg\u00f3 la totalidad de los jefes de carrera dado\notros compromisos impostergables, con aquellos que s\u00ed asistieron se\npudo socializar de manera personalizada la totalidad&nbsp;de las\nactividades que a la fecha se han realizado con los estudiantes este\nsemestre y aquellas que se ofertar\u00e1n particularmente en Iquique el\npr\u00f3ximo. \u201cLos jefes de carrera que asistieron mostraron un alto\ninter\u00e9s y se comprometieron a transmitir esta informaci\u00f3n a sus\ncolegas\u201d, indic\u00f3 la coordinadora.<\/p>\n\n\n\n<figure class=\"wp-block-image\"><img loading=\"lazy\" width=\"900\" height=\"302\" src=\"https:\/\/www.uta.cl\/wp-content\/uploads\/2019\/06\/socialz_jefe_carre_iqq_2.jpg\" alt=\"\" class=\"wp-image-19624\" srcset=\"https:\/\/www.uta.cl\/wp-content\/uploads\/2019\/06\/socialz_jefe_carre_iqq_2.jpg 900w, https:\/\/www.uta.cl\/wp-content\/uploads\/2019\/06\/socialz_jefe_carre_iqq_2-300x101.jpg 300w, https:\/\/www.uta.cl\/wp-content\/uploads\/2019\/06\/socialz_jefe_carre_iqq_2-768x258.jpg 768w\" sizes=\"(max-width: 900px) 100vw, 900px\" \/><\/figure>\n\n\n\n<p>Respecto\nde las reacciones de los jefes de carrera, Rojas Madariaga&nbsp;apunt\u00f3\nque \u201csiempre es grato darnos cuenta que cada vez que realizamos\nestas reuniones al detalle, los jefes de carrera evidencian un gran\ninter\u00e9s por todas las actividades que desarrollamos, as\u00ed como,\nmotivaci\u00f3n y compromiso a articular y colaborarnos\u201d, sostuvo la\nprofesional de DIDO, que sobre los apoyos informados y la claridad de\nque existen y cu\u00e1les son, se\u00f1al\u00f3 que \u201cexisten variados apoyos\nacad\u00e9micos y psicosociales dirigidos a los estudiantes de todos los\nniveles, no tan solo a primer a\u00f1o, por lo cual, es fundamental hacer\nuso de todos estos beneficios gratuitos en pos del oportuno avance\ncurricular de los estudiantes, de su \u00e9xito acad\u00e9mico y\nenriquecimiento personal\u201d, cerr\u00f3.<\/p>\n","protected":false},"excerpt":{"rendered":"<p>Satisfacci\u00f3n por las interesantes instancias de apoyo existi\u00f3 al final del encuentro realizado en la Sede Esmeralda.<\/p>\n","protected":false},"author":1,"featured_media":19623,"comment_status":"open","ping_status":"open","sticky":false,"template":"","format":"standard","meta":[],"categories":[48,42],"tags":[],"_links":{"self":[{"href":"https:\/\/www.uta.cl\/index.php\/wp-json\/wp\/v2\/posts\/19622"}],"collection":[{"href":"https:\/\/www.uta.cl\/index.php\/wp-json\/wp\/v2\/posts"}],"about":[{"href":"https:\/\/www.uta.cl\/index.php\/wp-json\/wp\/v2\/types\/post"}],"author":[{"embeddable":true,"href":"https:\/\/www.uta.cl\/index.php\/wp-json\/wp\/v2\/users\/1"}],"replies":[{"embeddable":true,"href":"https:\/\/www.uta.cl\/index.php\/wp-json\/wp\/v2\/comments?post=19622"}],"version-history":[{"count":1,"href":"https:\/\/www.uta.cl\/index.php\/wp-json\/wp\/v2\/posts\/19622\/revisions"}],"predecessor-version":[{"id":19626,"href":"https:\/\/www.uta.cl\/index.php\/wp-json\/wp\/v2\/posts\/19622\/revisions\/19626"}],"wp:featuredmedia":[{"embeddable":true,"href":"https:\/\/www.uta.cl\/index.php\/wp-json\/wp\/v2\/media\/19623"}],"wp:attachment":[{"href":"https:\/\/www.uta.cl\/index.php\/wp-json\/wp\/v2\/media?parent=19622"}],"wp:term":[{"taxonomy":"category","embeddable":true,"href":"https:\/\/www.uta.cl\/index.php\/wp-json\/wp\/v2\/categories?post=19622"},{"taxonomy":"post_tag","embeddable":true,"href":"https:\/\/www.uta.cl\/index.php\/wp-json\/wp\/v2\/tags?post=19622"}],"curies":[{"name":"wp","href":"https:\/\/api.w.org\/{rel}","templated":true}]}}