{"id":19558,"date":"2019-06-25T22:47:11","date_gmt":"2019-06-25T22:47:11","guid":{"rendered":"https:\/\/www.uta.cl\/?p=19558"},"modified":"2019-06-25T22:47:11","modified_gmt":"2019-06-25T22:47:11","slug":"uta-inaugura-ii-congreso-nacional-e-internacional-de-estudiantes-de-ingenieria-comercial-de-la-zona-norte-de-chile-2bhuman2","status":"publish","type":"post","link":"https:\/\/www.uta.cl\/index.php\/2019\/06\/25\/uta-inaugura-ii-congreso-nacional-e-internacional-de-estudiantes-de-ingenieria-comercial-de-la-zona-norte-de-chile-2bhuman2\/","title":{"rendered":"UTA inaugura II Congreso Nacional e Internacional de Estudiantes de Ingenier\u00eda Comercial de la Zona Norte de Chile 2BHUMAN2"},"content":{"rendered":"\n<p>\nCon\nuna exitosa convocatoria en el Aula Magna del campus Vel\u00e1squez de la\nUniversidad de Tarapac\u00e1, este mi\u00e9rcoles 19 de junio se inaugur\u00f3 el\nII Congreso Nacional e Internacional de Estudiantes de Ingenier\u00eda\nComercial de la Zona Norte de Chile, reuniendo a estudiantes y\nprofesionales de Chile, Per\u00fa y Bolivia.<\/p>\n\n\n\n<figure class=\"wp-block-image\"><a href=\"https:\/\/www.uta.cl\/wp-content\/uploads\/2019\/06\/000_DSC_2977.jpg\"><img loading=\"lazy\" width=\"1000\" height=\"666\" src=\"https:\/\/www.uta.cl\/wp-content\/uploads\/2019\/06\/000_DSC_2977.jpg\" alt=\"\" class=\"wp-image-19565\" srcset=\"https:\/\/www.uta.cl\/wp-content\/uploads\/2019\/06\/000_DSC_2977.jpg 1000w, https:\/\/www.uta.cl\/wp-content\/uploads\/2019\/06\/000_DSC_2977-300x200.jpg 300w, https:\/\/www.uta.cl\/wp-content\/uploads\/2019\/06\/000_DSC_2977-768x511.jpg 768w\" sizes=\"(max-width: 1000px) 100vw, 1000px\" \/><\/a><\/figure>\n\n\n\n<p>El\ncongreso, que se desarroll\u00f3 hasta el viernes 21 de junio, fue\norganizado por los propios estudiantes de la carrera de Ingenier\u00eda\nComercial de la UTA en conjunto con la Jefa de Carrera de Ingenier\u00eda\ncomercial, Mar\u00eda Cristina Alfred, logrando reunir en esta\noportunidad, a connotados expositores, quienes conversaron sobre los\ncambios que hoy visualizan a nuestra sociedad y al desarrollo\nempresarial, bajo los pilares de la Responsabilidad Social.<\/p>\n\n\n\n<p>Las\njornadas concentraron temas como el emprendimiento con sentido;\nmarketing y comunicaci\u00f3n, responsabilidad social y gobiernos\ncorporativos, presentando las actuales tendencias que mueve al mundo\ndel emprendimiento, organizaciones, empresas y entidades p\u00fablicas.\nTodas con una visi\u00f3n de integralidad y responsabilidad con quienes\nhacen a la organizaci\u00f3n, es decir las personas, y con respeto al\nmedio ambiente y al planeta\u201d.<\/p>\n\n\n\n<p>El\nRector de la Universidad de Tarapac\u00e1, Dr. Emilio Rodr\u00edguez Ponce\nfue el encargado de dar las palabras de bienvenida\na cada uno de los invitados especiales quienes tuvieron la\nresponsabilidad de ser expositores en este congreso, como tambi\u00e9n a\ntodos los asistentes, felicitando a los estudiantes y a la jefatura\nde carrera como tambi\u00e9n a la Facultad de Administraci\u00f3n y Econom\u00eda,\npor el esfuerzo desplegado para convocar a personas de diferentes\nlugares del pa\u00eds. \n<\/p>\n\n\n\n<p>\u201cPara\nnuestra Universidad, este congreso es una instancia muy relevante. La\nFacultad de Administraci\u00f3n y Econom\u00eda ha recuperado su\nposicionamiento el a\u00f1o anterior, es una facultad que funciona hace\nm\u00e1s de 50 a\u00f1os pero el a\u00f1o pasado, ha vuelto a ser una facultad\ncon todas las implicancias que ello significa y desde luego, en el\ncontexto de una Universidad que compite en un pa\u00eds que busca crecer\ny desarrollarse. Nuestra Instituci\u00f3n ha tenido un posicionamiento\ncreciente en t\u00e9rminos de ser una de las universidades m\u00e1s valoradas\nde Chile, destacando en importantes rankings universitarios a nivel\nnacional y mundial. En consecuencia estamos en un momento expectante,\ncon nuevas leyes que va a presentar un escenario m\u00e1s complejo, pero\nnuestra Universidad est\u00e1 s\u00f3lidamente posicionada, una facultad que\nest\u00e1 renaciendo nuevamente y, desde luego, que la posibilidad de\nrealizar estos eventos de car\u00e1cter internacional con invitados tan\nimportantes como los que tenemos hoy, la posibilidad de intercambiar\nideas, vivencias, de compartir conocimiento, es sin duda, una\ninstancia muy valiosa que desde rector\u00eda premiamos e instamos a que\nsigan adelante con este tipo iniciativas acad\u00e9micas de tanto valor\u201d,\ndestac\u00f3 el Rector Dr. Emilio Rodr\u00edguez Ponce. \n<\/p>\n\n\n\n<p>Tras\nlas palabras de la m\u00e1xima autoridad universitaria, correspondi\u00f3 al\nDecano de la Facultad de Administraci\u00f3n y Econom\u00eda, Luis Mella\nSalinas, referirse a la importancia y transcendencia de este\ncongreso. \u201cEs\ntremendamente grato poder contar con todos ustedes, con la\ngenerosidad de nuestros expositores que han venido de muy lejos y que\nquieren compartir con ustedes sus vivencias. Volvamos a crear ese\nespacio, cumplir con el objetivo de este congreso de aprovechar la\nexperiencia, aprovechar los conocimientos y las historias de nuestros\nexpositores. Todos nosotros somos una comunidad y que tremenda\nimportancia tiene cuando descubrimos que esa comunidad no solamente\nse agota ac\u00e1 en la Universidad, sino que tambi\u00e9n podemos recibir la\ncolaboraci\u00f3n y la significativa ayuda de quienes est\u00e1n en el mundo\nde las empresas, de los negocios y de la lucha por crear nuevas\norganizaciones, empleos, riqueza y por hacer m\u00e1s grande nuestro\npa\u00eds\u201d, se\u00f1al\u00f3.<\/p>\n\n\n\n<p>Posteriormente,\nla alumna de cuarto a\u00f1o de la carrera de Ingenier\u00eda Comercial de la\nUTA, Norma Frisancho Quenta dio la bienvenida a nombre de los alumnos\norganizadores a los asistentes invit\u00e1ndolos a disfrutar y aprender\nde este segundo congreso cuya tem\u00e1tica es el \u2018emprendimiento con\nsentido\u2019: \u201ceste congreso nace precisamente en el a\u00f1o 2017 donde\nun grupo de estudiantes en conjunto con nuestra jefa de carrera Mar\u00eda\nCristina Alfred inician en Arica el primer Congreso Nacional e\nInternacional. Este congreso tiene como objetivo principal responder\ny poner al alcance de los j\u00f3venes de la regi\u00f3n, profesionales\nl\u00edderes desde su disciplina con una orientaci\u00f3n hacia el desarrollo\nde organizaciones m\u00e1s humanas y con sentido. Es as\u00ed que somos\npart\u00edcipes de la apertura del presente congreso que se lleva a cabo\ngracias a la labor de todo el comit\u00e9 organizador por su tiempo y\nesfuerzo, as\u00ed como tambi\u00e9n de las empresas privadas que con su\napoyo han hecho posible la puesta en marcha de este encuentro\u201d.  \n<\/p>\n\n\n\n<p>La\njornada de inauguraci\u00f3n concluyo con la presentaci\u00f3n del Conjunto\nFolkl\u00f3rico Integraci\u00f3n de la Universidad de Tarapac\u00e1, CINUT quien\ndeleit\u00f3 a los asistentes con la danza de la Zona Central, para\nproseguir con el ciclo de charlas que contempl\u00f3 las exposiciones de:\nRaquel Ar\u00e9valo con el tema \u201cDesaf\u00edo de emprender en el siglo XXI,\nen el contexto del cambio clim\u00e1tico\u201d; Rita Ag\u00fcero y Patricio\nLaing con \u201cEspumante de naranja. \u2018Fraumarion\u2019\u201d; Camila Mu\u00f1oz\ny Fernando Casals, con la ponencia \u201cEl juego de emprender\u201d, para\nfinalizar con la sesi\u00f3n de juegos \u201cCorruptia\u201d. \n<\/p>\n\n\n\n<ul class=\"wp-block-gallery columns-3 is-cropped\"><li class=\"blocks-gallery-item\"><figure><a href=\"https:\/\/www.uta.cl\/wp-content\/uploads\/2019\/06\/000_DSC_2999.jpg\"><img loading=\"lazy\" width=\"1000\" height=\"666\" src=\"https:\/\/www.uta.cl\/wp-content\/uploads\/2019\/06\/000_DSC_2999.jpg\" alt=\"\" data-id=\"19568\" data-link=\"https:\/\/www.uta.cl\/?attachment_id=19568\" class=\"wp-image-19568\" srcset=\"https:\/\/www.uta.cl\/wp-content\/uploads\/2019\/06\/000_DSC_2999.jpg 1000w, https:\/\/www.uta.cl\/wp-content\/uploads\/2019\/06\/000_DSC_2999-300x200.jpg 300w, https:\/\/www.uta.cl\/wp-content\/uploads\/2019\/06\/000_DSC_2999-768x511.jpg 768w\" sizes=\"(max-width: 1000px) 100vw, 1000px\" \/><\/a><\/figure><\/li><li class=\"blocks-gallery-item\"><figure><a href=\"https:\/\/www.uta.cl\/wp-content\/uploads\/2019\/06\/000_DSC_2992.jpg\"><img loading=\"lazy\" width=\"1000\" height=\"666\" src=\"https:\/\/www.uta.cl\/wp-content\/uploads\/2019\/06\/000_DSC_2992.jpg\" alt=\"\" data-id=\"19567\" data-link=\"https:\/\/www.uta.cl\/?attachment_id=19567\" class=\"wp-image-19567\" srcset=\"https:\/\/www.uta.cl\/wp-content\/uploads\/2019\/06\/000_DSC_2992.jpg 1000w, https:\/\/www.uta.cl\/wp-content\/uploads\/2019\/06\/000_DSC_2992-300x200.jpg 300w, https:\/\/www.uta.cl\/wp-content\/uploads\/2019\/06\/000_DSC_2992-768x511.jpg 768w\" sizes=\"(max-width: 1000px) 100vw, 1000px\" \/><\/a><\/figure><\/li><li class=\"blocks-gallery-item\"><figure><a href=\"https:\/\/www.uta.cl\/wp-content\/uploads\/2019\/06\/000_DSC_2980.jpg\"><img loading=\"lazy\" width=\"1000\" height=\"666\" src=\"https:\/\/www.uta.cl\/wp-content\/uploads\/2019\/06\/000_DSC_2980.jpg\" alt=\"\" data-id=\"19566\" data-link=\"https:\/\/www.uta.cl\/?attachment_id=19566\" class=\"wp-image-19566\" srcset=\"https:\/\/www.uta.cl\/wp-content\/uploads\/2019\/06\/000_DSC_2980.jpg 1000w, https:\/\/www.uta.cl\/wp-content\/uploads\/2019\/06\/000_DSC_2980-300x200.jpg 300w, https:\/\/www.uta.cl\/wp-content\/uploads\/2019\/06\/000_DSC_2980-768x511.jpg 768w\" sizes=\"(max-width: 1000px) 100vw, 1000px\" \/><\/a><\/figure><\/li><li class=\"blocks-gallery-item\"><figure><a href=\"https:\/\/www.uta.cl\/wp-content\/uploads\/2019\/06\/000_DSC_2977.jpg\"><img loading=\"lazy\" width=\"1000\" height=\"666\" src=\"https:\/\/www.uta.cl\/wp-content\/uploads\/2019\/06\/000_DSC_2977.jpg\" alt=\"\" data-id=\"19565\" data-link=\"https:\/\/www.uta.cl\/?attachment_id=19565\" class=\"wp-image-19565\" srcset=\"https:\/\/www.uta.cl\/wp-content\/uploads\/2019\/06\/000_DSC_2977.jpg 1000w, https:\/\/www.uta.cl\/wp-content\/uploads\/2019\/06\/000_DSC_2977-300x200.jpg 300w, https:\/\/www.uta.cl\/wp-content\/uploads\/2019\/06\/000_DSC_2977-768x511.jpg 768w\" sizes=\"(max-width: 1000px) 100vw, 1000px\" \/><\/a><\/figure><\/li><li class=\"blocks-gallery-item\"><figure><a href=\"https:\/\/www.uta.cl\/wp-content\/uploads\/2019\/06\/000_DSC_2970.jpg\"><img loading=\"lazy\" width=\"1000\" height=\"665\" src=\"https:\/\/www.uta.cl\/wp-content\/uploads\/2019\/06\/000_DSC_2970.jpg\" alt=\"\" data-id=\"19564\" data-link=\"https:\/\/www.uta.cl\/?attachment_id=19564\" class=\"wp-image-19564\" srcset=\"https:\/\/www.uta.cl\/wp-content\/uploads\/2019\/06\/000_DSC_2970.jpg 1000w, https:\/\/www.uta.cl\/wp-content\/uploads\/2019\/06\/000_DSC_2970-300x200.jpg 300w, https:\/\/www.uta.cl\/wp-content\/uploads\/2019\/06\/000_DSC_2970-768x511.jpg 768w\" sizes=\"(max-width: 1000px) 100vw, 1000px\" \/><\/a><\/figure><\/li><li class=\"blocks-gallery-item\"><figure><a href=\"https:\/\/www.uta.cl\/wp-content\/uploads\/2019\/06\/000_DSC_2965.jpg\"><img loading=\"lazy\" width=\"1000\" height=\"614\" src=\"https:\/\/www.uta.cl\/wp-content\/uploads\/2019\/06\/000_DSC_2965.jpg\" alt=\"\" data-id=\"19563\" data-link=\"https:\/\/www.uta.cl\/?attachment_id=19563\" class=\"wp-image-19563\" srcset=\"https:\/\/www.uta.cl\/wp-content\/uploads\/2019\/06\/000_DSC_2965.jpg 1000w, https:\/\/www.uta.cl\/wp-content\/uploads\/2019\/06\/000_DSC_2965-300x184.jpg 300w, https:\/\/www.uta.cl\/wp-content\/uploads\/2019\/06\/000_DSC_2965-768x472.jpg 768w\" sizes=\"(max-width: 1000px) 100vw, 1000px\" \/><\/a><\/figure><\/li><li class=\"blocks-gallery-item\"><figure><a href=\"https:\/\/www.uta.cl\/wp-content\/uploads\/2019\/06\/000_DSC_2957.jpg\"><img loading=\"lazy\" width=\"1000\" height=\"666\" src=\"https:\/\/www.uta.cl\/wp-content\/uploads\/2019\/06\/000_DSC_2957.jpg\" alt=\"\" data-id=\"19562\" data-link=\"https:\/\/www.uta.cl\/?attachment_id=19562\" class=\"wp-image-19562\" srcset=\"https:\/\/www.uta.cl\/wp-content\/uploads\/2019\/06\/000_DSC_2957.jpg 1000w, https:\/\/www.uta.cl\/wp-content\/uploads\/2019\/06\/000_DSC_2957-300x200.jpg 300w, https:\/\/www.uta.cl\/wp-content\/uploads\/2019\/06\/000_DSC_2957-768x511.jpg 768w\" sizes=\"(max-width: 1000px) 100vw, 1000px\" \/><\/a><\/figure><\/li><li class=\"blocks-gallery-item\"><figure><a href=\"https:\/\/www.uta.cl\/wp-content\/uploads\/2019\/06\/000_DSC_2951.jpg\"><img loading=\"lazy\" width=\"1000\" height=\"666\" src=\"https:\/\/www.uta.cl\/wp-content\/uploads\/2019\/06\/000_DSC_2951.jpg\" alt=\"\" data-id=\"19561\" data-link=\"https:\/\/www.uta.cl\/?attachment_id=19561\" class=\"wp-image-19561\" srcset=\"https:\/\/www.uta.cl\/wp-content\/uploads\/2019\/06\/000_DSC_2951.jpg 1000w, https:\/\/www.uta.cl\/wp-content\/uploads\/2019\/06\/000_DSC_2951-300x200.jpg 300w, https:\/\/www.uta.cl\/wp-content\/uploads\/2019\/06\/000_DSC_2951-768x511.jpg 768w\" sizes=\"(max-width: 1000px) 100vw, 1000px\" \/><\/a><\/figure><\/li><li class=\"blocks-gallery-item\"><figure><a href=\"https:\/\/www.uta.cl\/wp-content\/uploads\/2019\/06\/000_DSC_2949.jpg\"><img loading=\"lazy\" width=\"1000\" height=\"666\" src=\"https:\/\/www.uta.cl\/wp-content\/uploads\/2019\/06\/000_DSC_2949.jpg\" alt=\"\" data-id=\"19560\" data-link=\"https:\/\/www.uta.cl\/?attachment_id=19560\" class=\"wp-image-19560\" srcset=\"https:\/\/www.uta.cl\/wp-content\/uploads\/2019\/06\/000_DSC_2949.jpg 1000w, https:\/\/www.uta.cl\/wp-content\/uploads\/2019\/06\/000_DSC_2949-300x200.jpg 300w, https:\/\/www.uta.cl\/wp-content\/uploads\/2019\/06\/000_DSC_2949-768x511.jpg 768w\" sizes=\"(max-width: 1000px) 100vw, 1000px\" \/><\/a><\/figure><\/li><li class=\"blocks-gallery-item\"><figure><a href=\"https:\/\/www.uta.cl\/wp-content\/uploads\/2019\/06\/000_DSC_2948.jpg\"><img loading=\"lazy\" width=\"1000\" height=\"666\" src=\"https:\/\/www.uta.cl\/wp-content\/uploads\/2019\/06\/000_DSC_2948.jpg\" alt=\"\" data-id=\"19559\" data-link=\"https:\/\/www.uta.cl\/?attachment_id=19559\" class=\"wp-image-19559\" srcset=\"https:\/\/www.uta.cl\/wp-content\/uploads\/2019\/06\/000_DSC_2948.jpg 1000w, https:\/\/www.uta.cl\/wp-content\/uploads\/2019\/06\/000_DSC_2948-300x200.jpg 300w, https:\/\/www.uta.cl\/wp-content\/uploads\/2019\/06\/000_DSC_2948-768x511.jpg 768w\" sizes=\"(max-width: 1000px) 100vw, 1000px\" \/><\/a><\/figure><\/li><\/ul>\n","protected":false},"excerpt":{"rendered":"<p>La ceremonia de inauguraci\u00f3n cont\u00f3 con la presencia de la m\u00e1xima autoridad universitaria Rector Dr. Emilio Rodr\u00edguez Ponce, del Seremi de Econom\u00eda, del decano de la Facultad de Administraci\u00f3n y Econom\u00eda, directores de departamentos, jefes de carrera, acad\u00e9micos y estudiantes de diversos lugares del pa\u00eds.<\/p>\n","protected":false},"author":3,"featured_media":19569,"comment_status":"open","ping_status":"open","sticky":false,"template":"","format":"standard","meta":[],"categories":[38],"tags":[],"_links":{"self":[{"href":"https:\/\/www.uta.cl\/index.php\/wp-json\/wp\/v2\/posts\/19558"}],"collection":[{"href":"https:\/\/www.uta.cl\/index.php\/wp-json\/wp\/v2\/posts"}],"about":[{"href":"https:\/\/www.uta.cl\/index.php\/wp-json\/wp\/v2\/types\/post"}],"author":[{"embeddable":true,"href":"https:\/\/www.uta.cl\/index.php\/wp-json\/wp\/v2\/users\/3"}],"replies":[{"embeddable":true,"href":"https:\/\/www.uta.cl\/index.php\/wp-json\/wp\/v2\/comments?post=19558"}],"version-history":[{"count":1,"href":"https:\/\/www.uta.cl\/index.php\/wp-json\/wp\/v2\/posts\/19558\/revisions"}],"predecessor-version":[{"id":19570,"href":"https:\/\/www.uta.cl\/index.php\/wp-json\/wp\/v2\/posts\/19558\/revisions\/19570"}],"wp:featuredmedia":[{"embeddable":true,"href":"https:\/\/www.uta.cl\/index.php\/wp-json\/wp\/v2\/media\/19569"}],"wp:attachment":[{"href":"https:\/\/www.uta.cl\/index.php\/wp-json\/wp\/v2\/media?parent=19558"}],"wp:term":[{"taxonomy":"category","embeddable":true,"href":"https:\/\/www.uta.cl\/index.php\/wp-json\/wp\/v2\/categories?post=19558"},{"taxonomy":"post_tag","embeddable":true,"href":"https:\/\/www.uta.cl\/index.php\/wp-json\/wp\/v2\/tags?post=19558"}],"curies":[{"name":"wp","href":"https:\/\/api.w.org\/{rel}","templated":true}]}}