{"id":19276,"date":"2017-07-03T09:43:51","date_gmt":"2017-07-03T09:43:51","guid":{"rendered":"https:\/\/www.uta.cl\/estudiantes-de-educacion-fisica-realizaron-actividades-culturales-en\/web\/2017-07-03\/094351.html"},"modified":"2021-01-07T13:29:23","modified_gmt":"2021-01-07T13:29:23","slug":"estudiantes-de-educacion-fisica-realizaron-actividades-culturales-en","status":"publish","type":"post","link":"https:\/\/www.uta.cl\/index.php\/2017\/07\/03\/estudiantes-de-educacion-fisica-realizaron-actividades-culturales-en\/","title":{"rendered":"Estudiantes de Educaci\u00f3n F\u00edsica realizaron actividades culturales en Hogar de Ancianos"},"content":{"rendered":"\n<p><p style=\"text-align: justify;\"><img loading=\"lazy\" alt=\"Imagen foto_00000006\" class=\"fotodrag\" id=\"foto_00000006\" name=\"foto_00000006\" src=\"\/web\/site\/artic\/20170703\/imag\/foto_0000000620170703094351.jpg\" style=\"margin: 0px 10px; float: left;\" data-w=\"4512\" data-h=\"3000\" width=\"360\" height=\"239\">Un grupo de estudiantes de 1\u00b0 a\u00f1o de la carrera de Pedagog\u00eda en Educaci\u00f3n F\u00edsica y Ciencias del Deporte, llev\u00f3 a cabo una serie de actividades culturales con adultos mayores del Hogar de Ancianos \u201cHermanitas de los Pobres de Maiquetia\u201d, quienes disfrutaron al m\u00e1ximo con las canciones, bailes y obra de teatro ofrecidos por los futuros docentes.<\/p>\n<p style=\"text-align: justify;\">La Dra. en Ciencias de la Cultura F\u00edsica y el Deporte, Dayneri Le\u00f3n, docente a cargo de la actividad, explic\u00f3 que \u201ccomo parte de la asignatura Educaci\u00f3n del Movimiento y Expresi\u00f3n R\u00edtmico Motriz, los estudiantes deben transmitir informaciones a trav\u00e9s de su cuerpo, auxiliados por la m\u00fasica y exponiendo tem\u00e1ticas en relaci\u00f3n con los contenidos propios de la carrera de Profesor de Educaci\u00f3n F\u00edsica y su perfil de egreso, en esta ocasi\u00f3n el tema b\u00e1sico result\u00f3 ser el adulto mayor, por lo que  todas las representaciones contaron con esta tem\u00e1tica. Queriendo compartir las competencias adquiridas por los estudiantes con los abuelitos que viven en el Hogar de Ancianos \u201cHermanitas de los Pobres de Maiquetia\u201d.<\/p>\n<p style=\"text-align: justify;\">El estudiante de 1\u00b0 a\u00f1o de Educaci\u00f3n F\u00edsica, Michael Valdivia, se\u00f1al\u00f3 que \u201cMe parece muy bien este tipo de incitativas, porque nosotros notamos que los adultos mayores necesitan m\u00e1s entretenimientos, estaban felices. Yo creo que debi\u00e9ramos seguir haciendo estas actividades como carrera, porque para nosotros es una experiencia muy buena el poder compartir lo que aprendemos y transmitir del mismos modo, alegr\u00eda a los adultos mayores\u201d.<\/p>\n<p style=\"text-align: justify;\">Muy emocionada y contenta por la visita de los estudiantes de la Universidad de Tarapac\u00e1, la se\u00f1ora Norma (88 a\u00f1os), manifest\u00f3 que \u201cMe siento muy feliz que vengan a vernos, porque nos ense\u00f1an cosas que en mis tiempos no se ve\u00edan, nos ayudan a distraernos y nos sacan de todas nuestras penas\u201d.<\/p>\n<p style=\"text-align: justify;\">En este caso, las actividades de vinculaci\u00f3n con el medio que tiene el Convenio de Desempe\u00f1o Formaci\u00f3n Inicial de Profesores (UTA1309), ata\u00f1en a la comunidad en general. En este caso, a los adultos mayores; y a diferencia de otras carreras, Educaci\u00f3n F\u00edsica tambi\u00e9n tiene como perfil de egreso el trabajo con este grupo et\u00e1reo. Es por ello que el Departamento de Educaci\u00f3n F\u00edsica, que estuvo representado por el Jefe de Carrera, Mg. Emilio Ulloa y la Dra. Sandra Helena Godoy, pretende continuar desarrollando este tipo de actividades que favorecen a toda nuestra comunidad.<\/p>\n<table cellspacing=\"10\" cellpadding=\"0\" border=\"0\">\n<tbody>\n<tr>\n<td><img loading=\"lazy\" alt=\"Imagen foto_00000001\" class=\"fotodrag\" id=\"foto_00000001\" name=\"foto_00000001\" src=\"\/web\/site\/artic\/20170703\/imag\/foto_0000000120170703094351.jpg\" data-w=\"4512\" data-h=\"3000\" width=\"360\" height=\"239\" border=\"0\"><\/td>\n<td><img loading=\"lazy\" alt=\"Imagen foto_00000004\" class=\"fotodrag\" id=\"foto_00000004\" name=\"foto_00000004\" src=\"\/web\/site\/artic\/20170703\/imag\/foto_0000000420170703094351.jpg\" data-w=\"4512\" data-h=\"3000\" width=\"360\" height=\"238\" border=\"0\"><\/td>\n<\/tr>\n<tr>\n<td><img loading=\"lazy\" alt=\"Imagen foto_00000002\" class=\"fotodrag\" id=\"foto_00000002\" name=\"foto_00000002\" src=\"\/web\/site\/artic\/20170703\/imag\/foto_0000000220170703094351.jpg\" data-w=\"4512\" data-h=\"3000\" width=\"360\" height=\"239\" border=\"0\"><\/td>\n<td><img loading=\"lazy\" alt=\"Imagen foto_00000007\" class=\"fotodrag\" id=\"foto_00000007\" name=\"foto_00000007\" src=\"\/web\/site\/artic\/20170703\/imag\/foto_0000000720170703094351.jpg\" data-w=\"4512\" data-h=\"3000\" width=\"360\" height=\"238\" border=\"0\"><\/td>\n<\/tr>\n<tr>\n<td><img loading=\"lazy\" alt=\"Imagen foto_00000005\" class=\"fotodrag\" id=\"foto_00000005\" name=\"foto_00000005\" src=\"\/web\/site\/artic\/20170703\/imag\/foto_0000000520170703094351.jpg\" data-w=\"4512\" data-h=\"3000\" width=\"360\" height=\"222\" border=\"0\"><\/td>\n<td><img loading=\"lazy\" alt=\"Imagen foto_00000003\" class=\"fotodrag\" id=\"foto_00000003\" name=\"foto_00000003\" src=\"\/web\/site\/artic\/20170703\/imag\/foto_0000000320170703094351.jpg\" data-w=\"4512\" data-h=\"3000\" width=\"360\" height=\"238\" border=\"0\"><\/td>\n<\/tr>\n<\/tbody>\n<\/table>\n<p style=\"text-align: justify;\"><\/p>\n<p style=\"text-align: justify;\"> <\/p><\/p>\n","protected":false},"excerpt":{"rendered":"<p>El objetivo fue que los futuros docentes desarrollaran una planificaci\u00f3n de din\u00e1micas para adultos mayores. <\/p>\n","protected":false},"author":3,"featured_media":19277,"comment_status":"open","ping_status":"open","sticky":false,"template":"","format":"standard","meta":[],"categories":[32,79],"tags":[],"_links":{"self":[{"href":"https:\/\/www.uta.cl\/index.php\/wp-json\/wp\/v2\/posts\/19276"}],"collection":[{"href":"https:\/\/www.uta.cl\/index.php\/wp-json\/wp\/v2\/posts"}],"about":[{"href":"https:\/\/www.uta.cl\/index.php\/wp-json\/wp\/v2\/types\/post"}],"author":[{"embeddable":true,"href":"https:\/\/www.uta.cl\/index.php\/wp-json\/wp\/v2\/users\/3"}],"replies":[{"embeddable":true,"href":"https:\/\/www.uta.cl\/index.php\/wp-json\/wp\/v2\/comments?post=19276"}],"version-history":[{"count":1,"href":"https:\/\/www.uta.cl\/index.php\/wp-json\/wp\/v2\/posts\/19276\/revisions"}],"predecessor-version":[{"id":27630,"href":"https:\/\/www.uta.cl\/index.php\/wp-json\/wp\/v2\/posts\/19276\/revisions\/27630"}],"wp:featuredmedia":[{"embeddable":true,"href":"https:\/\/www.uta.cl\/index.php\/wp-json\/wp\/v2\/media\/19277"}],"wp:attachment":[{"href":"https:\/\/www.uta.cl\/index.php\/wp-json\/wp\/v2\/media?parent=19276"}],"wp:term":[{"taxonomy":"category","embeddable":true,"href":"https:\/\/www.uta.cl\/index.php\/wp-json\/wp\/v2\/categories?post=19276"},{"taxonomy":"post_tag","embeddable":true,"href":"https:\/\/www.uta.cl\/index.php\/wp-json\/wp\/v2\/tags?post=19276"}],"curies":[{"name":"wp","href":"https:\/\/api.w.org\/{rel}","templated":true}]}}