{"id":19122,"date":"2012-03-13T17:41:20","date_gmt":"2012-03-13T17:41:20","guid":{"rendered":"https:\/\/www.uta.cl\/s\/aGeDyS"},"modified":"2021-04-22T15:08:21","modified_gmt":"2021-04-22T15:08:21","slug":"doctor-alfonso-diaz-aguad-entrego-saludo-oficial-a-los-estudiantes-de-la","status":"publish","type":"post","link":"https:\/\/www.uta.cl\/index.php\/2012\/03\/13\/doctor-alfonso-diaz-aguad-entrego-saludo-oficial-a-los-estudiantes-de-la\/","title":{"rendered":"Doctor Alfonso D\u00edaz Aguad entreg\u00f3 saludo oficial a los estudiantes de la promoci\u00f3n 2012"},"content":{"rendered":"\n<p>\n<table style=\"border: 1px solid black;\" align=\"left\" border=\"0\" cellpadding=\"1\" cellspacing=\"1\">\n<tbody>\n<tr>\n<td style=\"border: 1px solid black; text-align: center;\" width=\"257\">\n<img loading=\"lazy\" src=\"\/web\/site\/artic\/20120313\/imag\/foto_0220120313174120.jpg\" border=\"0\" width=\"255\" height=\"340\">\n<\/td>\n<\/tr>\n<tr>\n<td style=\"border: 1px solid black; text-align: center;\" width=\"257\">\n<span class=\"pieFoto\"> Decano Alfonso D\u00edaz Aguad<\/span>\n<\/td>\n<\/tr>\n<\/tbody>\n<\/table>&#8220;Desde hoy, ustedes comienzan a vivir los mejores a\u00f1os de su vida.&nbsp; En estos espacios formar\u00e1n amistades que perdurar\u00e1n por siempre.&nbsp; Aqu\u00ed encontrar\u00e1n la libertad que tanto anhelan; los llamo a disfrutar cada una de las actividades y momentos con absoluta responsabilidad.&nbsp; As\u00ed cumplir\u00e1n con todas sus obligaciones acad\u00e9micas y obtendr\u00e1n el \u00e9xito que buscan&#8221;.&nbsp; Con esta reflexi\u00f3n como idea central, la autoridad institucional inici\u00f3 su recorrido por las salas donde se recibi\u00f3 a los y las integrantes de la promoci\u00f3n 2012 de la Universidad de Tarapac\u00e1.<\/p>\n<p>El doctor D\u00edaz Aguad salud\u00f3 a nombre de todos los integrantes de la &#8216;familia de la Facultad de Educaci\u00f3n y Humanidades&#8217;, una de las que cuenta con m\u00e1s carreras y con un alto n\u00famero de alumnos.&nbsp; &#8220;Ustedes ingresan a una facultad grande, s\u00f3lida, consolidada, reconocida y con tradici\u00f3n, que tiene todas sus carreras acreditadas, lo que nos respalda&#8221;. &nbsp;<\/p>\n<p>El saludo institucional se inici\u00f3 a las 9: 30 horas con los futuros profesores de Educaci\u00f3n F\u00edsica.&nbsp; En el sal\u00f3n &#8220;Ovidio Sotomayor Rueda&#8221; fue presentado ante los estudiantes por el jefe de carrera, profesor Emilio Ulloa Valenzuela, donde asegur\u00f3 que &#8220;esta unidad (carrera) goza de cinco a\u00f1os de acreditaci\u00f3n, la mayor de todo el norte de Chile&#8221;. &nbsp;<\/p>\n<p>Con respecto los docentes que prestar\u00e1n servicio y a las instalaciones que utilizar\u00e1n los nuevos alumnos, el decano asegur\u00f3 &#8220;tendr\u00e1n a su disposici\u00f3n profesores de calidad y campos deportivos de excelencia, de nivel internacional .&nbsp;&nbsp; Por \u00faltimo, les dese\u00f3 una buena estad\u00eda y \u00e9xito, y los llam\u00f3 a trabajar con seriedad para ser los mejores profesores de Educaci\u00f3n F\u00edsica al servicio del pa\u00eds&#8221;.<\/p>\n<p>A continuaci\u00f3n, el decano D\u00edaz Aguad particip\u00f3 del recibimiento que realizaba a los alumnos la jefa de carrera de Pedagog\u00eda en Educaci\u00f3n B\u00e1sica, profesora Inelia Villalobos Iturriaga.&nbsp; Ante los alumnos enfatiz\u00f3 la idea de la obtenci\u00f3n de una mejor calidad de los procesos formativos.&nbsp; &#8220;La carrera que ustedes eligieron tiene un n\u00famero menor, con ello, sabemos que se obtendr\u00e1n mejores resultados acad\u00e9micos.&nbsp; Se privilegi\u00f3 la calidad por sobre la cantidad, as\u00ed el avance curricular y el aprendizaje ser\u00e1 mucho mejor&#8221;, enfatiz\u00f3. &nbsp;<\/p>\n<p>La visita protocolar continu\u00f3 con la recepci\u00f3n de las estudiantes de Educaci\u00f3n Parvularia y Psicopedadog\u00eda, cuya jefa de carrera es la docente Sybille Erber Vidumsky.&nbsp; Afirm\u00f3 que hoy la Facultad de Educaci\u00f3n y Humanidades cuenta con mayores recursos econ\u00f3micos, \u00e9stos brindar\u00e1n mejoras sustanciales a todas las carreras.&nbsp; &#8220;Ahora, descentralizados, podremos acelerar todos los procesos, hasta las adquisiciones&#8221;. &nbsp;<\/p>\n<p>Tambi\u00e9n, la autoridad destac\u00f3 una l\u00ednea de trabajo sostenida en el tiempo: los intercambios estudiantiles.&nbsp; &#8220;Esta carrera fue capaz de crear \u00e1reas de inter\u00e9s com\u00fan con sus pares de Per\u00fa y Bolivia.&nbsp; En tres oportunidades han viajado nuestras alumnas y acad\u00e9micas y, obviamente, hemos recibido con agrado el concurso de las visitas extranjeras.&nbsp; Esto se potenciar\u00e1&#8221;, coment\u00f3.<\/p>\n<p>\n<table style=\"width: 95%; border: medium none;\" cellpadding=\"1\" cellspacing=\"1\">\n<tbody>\n<tr>\n<td style=\"width: 50%; border: medium none;\">\n<table style=\"border: 1px solid black;\" border=\"0\" cellpadding=\"1\" cellspacing=\"1\">\n<tbody>\n<tr>\n<td style=\"border: 1px solid black; text-align: center;\" width=\"324px\">\n<img style=\"width: 322px; height: 241px;\" src=\"\/web\/site\/artic\/20120313\/imag\/foto_0320120313174120.jpg\" border=\"0\">\n<\/td>\n<\/tr>\n<tr>\n<td style=\"border: 1px solid black; text-align: center;\" width=\"324px\">\n<span class=\"pieFoto\"> Estudiantes de Pedagog\u00eda y Licenciatura en Ingl\u00e9s <\/span>\n<\/td>\n<\/tr>\n<\/tbody>\n<\/table>\n<\/td>\n<td style=\"width: 50%; border: medium none;\">\n<table style=\"border: 1px solid black;\" border=\"0\" cellpadding=\"1\" cellspacing=\"1\">\n<tbody>\n<tr>\n<td style=\"border: 1px solid black; text-align: center;\" width=\"324px\">\n<img src=\"\/web\/site\/artic\/20120313\/imag\/foto_0120120313174120.jpg\" style=\"width: 322px; height: 241px;\" border=\"0\">\n<\/td>\n<\/tr>\n<tr>\n<td style=\"border: 1px solid black; text-align: center;\" width=\"324px\">\n<span class=\"pieFoto\"> Estudiantes de Pedagog\u00eda y Licenciatura en Lenguaje y Comunicaci\u00f3n <\/span>\n<\/td>\n<\/tr>\n<\/tbody>\n<\/table>\n<\/td>\n<\/tr>\n<\/tbody>\n<\/table>&nbsp;<\/p>\n<p>Luego D\u00edaz Aguad enfrent\u00f3 con particular afecto a los estudiantes de las carreras de Historia y Geograf\u00eda (ingreso com\u00fan) y Pedagog\u00eda en Historia y Geograf\u00eda sus futuros colegas-, a cargo del doctor Alberto D\u00edaz Araya.&nbsp; Como docente de ambas l\u00edneas, el decano les dijo, &#8220;me ver\u00e1n en segundo y tercer a\u00f1o, en los ramos de historia universal&#8221;.&nbsp; Luego, les asegur\u00f3 que &#8220;esta disciplina es la m\u00e1s importante de todo el norte de Chile, desde La Serena; llevamos m\u00e1s de treinta a\u00f1os de fruct\u00edfera labor y contamos con casi seiscientos egresados.&nbsp; Nuestra tarea es reconocida y tenemos un sello que nos distingue de otras universidades&#8221;.<\/p>\n<p>Afirm\u00f3 que en la facultad existe una pol\u00edtica de puertas abiertas, donde se trabaja en armon\u00eda entre profesores y alumnos.&nbsp; Tambi\u00e9n les comunic\u00f3 tres noticias: la primera, la facultad participar\u00e1 en un Convenio de Desempe\u00f1o, \u00e9ste permitir\u00e1 potenciar las carreras y el intercambio con universidades extranjeras.&nbsp; La segunda, desde el 1 de abril la profesora M\u00f3nica Meza asumir\u00e1 como jefa de carrera.&nbsp; Y, la tercera, la adquisici\u00f3n de un cat\u00e1logo importante de bibliograf\u00eda.&nbsp;&nbsp;&nbsp; &nbsp;<\/p>\n<p>Ante las y los matriculados en las carreras de Licenciatura en Lenguaje y Comunicaci\u00f3n y Pedagog\u00eda en Castellano y Comunicaci\u00f3n, que dirige la doctora Miria Luque Arias, el decano dio la bienvenida y asegur\u00f3 que en la facultad reina un ambiente de alegr\u00eda.&nbsp; &#8220;Este grupo que se conform\u00f3 es el \u00f3ptimo para trabajar; estoy cierto que ustedes ser\u00e1n buenos profesionales.&nbsp; En esta \u00e1rea hay sobre cuarenta a\u00f1os de tradici\u00f3n, con profesores con probada y demostrada experiencia&#8221;, enfatiz\u00f3.<\/p>\n<p>Con respecto a la semana de recepci\u00f3n por parte de los estudiantes antiguos, dijo que &#8220;el &#8216;mechoneo&#8217; es una tradici\u00f3n antigua del sistema universitario, ritos por cumplir, un espacio donde los j\u00f3venes se conocen&#8221;.&nbsp;&nbsp;&nbsp;&nbsp;&nbsp;&nbsp;&nbsp; &nbsp;<\/p>\n<p>Por \u00faltimo, el saludo protocolar del decano Alfonso D\u00edaz Aguad finaliz\u00f3 con los estudiantes de Pedagog\u00eda y Licenciatura en Ingl\u00e9s.&nbsp; Presentado por el profesor Emilio Verdugo Gonz\u00e1lez, el profesor D\u00edaz Aguad dijo &#8220;aqu\u00ed se han formado muy buenos profesionales, que trabajan y aportan a lo largo de todo el pa\u00eds y, tambi\u00e9n, en el extranjero&#8221;.&nbsp; Destac\u00f3 la importancia del idioma ingl\u00e9s y las posibilidades futuras que abre dominar una segunda lengua.<\/p>\n<p>La Facultad de Educaci\u00f3n y Humanidades de la Universidad de Tarapac\u00e1 cuenta con los departamentos de Espa\u00f1ol, Educaci\u00f3n, Ciencias de la Actividad F\u00edsica y del Deporte, Ciencias Hist\u00f3ricas y Geogr\u00e1ficas e Idiomas Extranjeros.<\/p>\n<br>\n<p>&nbsp;<\/p>\n<table style=\"border: medium none; width: 95%;\" cellpadding=\"1\" cellspacing=\"1\">\n<tbody>\n<tr>\n<td style=\"border: medium none; width: 33%;\">&nbsp;\n<a title=\"\" target=\"\" href=\"\/prontus_uta\/site\/artic\/20120314\/pags\/20120314172025.html\" rel=\"noopener\">\n<img name=\"FOTO_04\" src=\"\/prontus_uta\/site\/artic\/20101025\/imag\/FOTO_0420101025110836.JPG\" style=\"width: 124px; height: 49px;\" align=\"left\" border=\"0\">\n<\/a>\n<\/td>\n<td style=\"border: medium none; width: 33%;\" align=\"center\">&nbsp; <a href=\"\/prontus_uta\/site\/edic\/base\/port\/noticias3.html\">\n<img name=\"FOTO_03\" src=\"\/prontus_uta\/site\/artic\/20101025\/imag\/FOTO_0320101025110836.JPG\" style=\"width: 124px; height: 49px;\" border=\"0\">\n<\/a>\n<\/td>\n<td style=\"border: medium none; width: 33%;\" height=\"25\">&nbsp;<a title=\"\" target=\"\" href=\"\/prontus_uta\/site\/artic\/20120313\/pags\/20120313144837.html\" rel=\"noopener\">\n<img name=\"FOTO_02\" src=\"\/web\/site\/artic\/20101025\/imag\/FOTO_0220101025122547.JPG\" style=\"width: 134px; height: 44px;\" align=\"right\" border=\"0\">\n<\/a>\n<\/td>\n<\/tr>\n<\/tbody>\n<\/table>\n<p>\n<\/p>\n","protected":false},"excerpt":{"rendered":"<p>Decano Alfonso D\u00edaz Aguad &#8220;Desde hoy, ustedes comienzan a vivir los mejores a\u00f1os de su vida.&nbsp; En estos espacios formar\u00e1n amistades que perdurar\u00e1n por siempre.&nbsp; Aqu\u00ed encontrar\u00e1n la libertad que tanto anhelan; los llamo a disfrutar cada una de las actividades y momentos con absoluta responsabilidad.&nbsp; As\u00ed cumplir\u00e1n con todas sus obligaciones acad\u00e9micas y obtendr\u00e1n [&hellip;]<\/p>\n","protected":false},"author":3,"featured_media":19123,"comment_status":"open","ping_status":"open","sticky":false,"template":"","format":"standard","meta":[],"categories":[32,100],"tags":[],"_links":{"self":[{"href":"https:\/\/www.uta.cl\/index.php\/wp-json\/wp\/v2\/posts\/19122"}],"collection":[{"href":"https:\/\/www.uta.cl\/index.php\/wp-json\/wp\/v2\/posts"}],"about":[{"href":"https:\/\/www.uta.cl\/index.php\/wp-json\/wp\/v2\/types\/post"}],"author":[{"embeddable":true,"href":"https:\/\/www.uta.cl\/index.php\/wp-json\/wp\/v2\/users\/3"}],"replies":[{"embeddable":true,"href":"https:\/\/www.uta.cl\/index.php\/wp-json\/wp\/v2\/comments?post=19122"}],"version-history":[{"count":1,"href":"https:\/\/www.uta.cl\/index.php\/wp-json\/wp\/v2\/posts\/19122\/revisions"}],"predecessor-version":[{"id":29470,"href":"https:\/\/www.uta.cl\/index.php\/wp-json\/wp\/v2\/posts\/19122\/revisions\/29470"}],"wp:featuredmedia":[{"embeddable":true,"href":"https:\/\/www.uta.cl\/index.php\/wp-json\/wp\/v2\/media\/19123"}],"wp:attachment":[{"href":"https:\/\/www.uta.cl\/index.php\/wp-json\/wp\/v2\/media?parent=19122"}],"wp:term":[{"taxonomy":"category","embeddable":true,"href":"https:\/\/www.uta.cl\/index.php\/wp-json\/wp\/v2\/categories?post=19122"},{"taxonomy":"post_tag","embeddable":true,"href":"https:\/\/www.uta.cl\/index.php\/wp-json\/wp\/v2\/tags?post=19122"}],"curies":[{"name":"wp","href":"https:\/\/api.w.org\/{rel}","templated":true}]}}