{"id":18942,"date":"2012-04-23T08:38:53","date_gmt":"2012-04-23T08:38:53","guid":{"rendered":"https:\/\/www.uta.cl\/s\/aVbtmr"},"modified":"2021-04-19T18:18:22","modified_gmt":"2021-04-19T18:18:22","slug":"recital-poetico-en-el-dia-del-libro-y-el-idioma","status":"publish","type":"post","link":"https:\/\/www.uta.cl\/index.php\/2012\/04\/23\/recital-poetico-en-el-dia-del-libro-y-el-idioma\/","title":{"rendered":"Recital po\u00e9tico en el \u0091D\u00eda del libro y el idioma\u0092"},"content":{"rendered":"\n<p><p>\n<img name=\"FOTO_01\" src=\"\/web\/site\/artic\/20120423\/imag\/foto_0120120423083853.jpg\" style=\"width: 425px; height: 535px;\" border=\"0\" align=\"left\">&#8220;Entre el desierto y el mar dos poetas del norte&#8221;, se denomina el recital po\u00e9tico que organizan las carreras de Licenciatura en Lenguaje y Comunicaci\u00f3n y Pedagog\u00eda en Castellano y Comunicaci\u00f3n, de la Universidad de Tarapac\u00e1, junto con el Centro Cultural &#8216;Plumas y Tablas&#8217;. El evento est\u00e1 programado para el d\u00eda lunes 23 de abril, a las 11:30 horas, en la sala Centenario, ubicada en el Campus Saucache.<\/p>\n<p>La propuesta, que se enmarca en la celebraci\u00f3n del &#8216;d\u00eda del libro y el idioma&#8217;, busca rescatar la historia de dos poetisas chilenas: Alicia Galaz Vivar y Nana Guti\u00e9rrez. La primera, fue acad\u00e9mica de la ex sede Arica de la Universidad de Chile, y es reconocida por su poes\u00eda feminista; mientras que la segunda, apodada la antipoeta de Arica , se caracteriz\u00f3 por su prosa irreverente y rupturista.<\/p>\n<p>Mar\u00eda Imperio Robles, profesora de castellano que forma parte del Centro Cultural antes citado, declar\u00f3 que &#8220;el recital po\u00e9tico tiene como finalidad aproximarse a la vida y obra de ambas escritoras que vivieron en Arica. Ellas pertenecieron a la generaci\u00f3n literaria de los 50 y desarrollaron pr\u00e1cticamente toda su obra literaria aqu\u00ed, en la ciudad&#8221;.<\/p>\n<p>Pero, \u00bfpor qu\u00e9 la elecci\u00f3n se centr\u00f3 en Galaz y Guti\u00e9rrez? Robles no titubea y es enf\u00e1tica en destacar los merecimientos de ambas. &#8220;Tienen una l\u00edrica directa, incisiva y social. Fueron independientes, promovieron no s\u00f3lo la literatura, tambi\u00e9n fueron gestoras culturales e impulsoras del arte. Alicia Galaz escribi\u00f3 textos de l\u00edrica y an\u00e1lisis literario, que se utilizan en universidades de Estados Unidos, por ejemplo. Fue directora de la revista literaria Tebaida , una de las m\u00e1s importantes del pa\u00eds. Sus libros han sido publicados en el extranjero. Mientras que Nana Guti\u00e9rrez ha sido alabada por los mism\u00edsimos Nicanor Parra, Francisco Coloane y Pablo Neruda. Este \u00faltimo ley\u00f3 su poes\u00eda p\u00fablicamente en Italia. Sus trabajos se han traducido en varios idiomas, como el ruso. Sin embargo, en Arica, muy pocas personas conocen sus textos&#8221;.<\/p>\n<p>La doctora Miria Luque Arias, jefa de la carrera de Licenciatura en Lenguaje y Comunicaci\u00f3n, dijo que &#8220;es relevante que se rescaten este tipo de historias, de personajes que han dejado una huella en la literatura nacional. Tambi\u00e9n es una forma de vincular a la universidad con la comunidad estudiantil. Como carrera humanista y amante de la lectura, es importante participar en este tipo de iniciativas. Siempre hemos dicho presente y ahora no iba a ser la excepci\u00f3n. Se est\u00e1n organizando muchos actos a nivel local, se le ha dado mucho \u00e9nfasis a la fecha. Es trascendental contribuir a la formaci\u00f3n integral de nuestros alumnos. Por eso, ellos deben tomar conciencia de la importancia de ese d\u00eda&#8221;.<\/p>\n<br>\n<p>&nbsp;<\/p>\n<table style=\"border: medium none; width: 95%;\" cellspacing=\"1\" cellpadding=\"1\">\n<tbody>\n<tr>\n<td style=\"border: medium none; width: 33%;\">&nbsp;\n<a title=\"\" target=\"\" href=\"\/prontus_uta\/site\/artic\/20120423\/pags\/20120423084847.html\" rel=\"noopener\">\n<img name=\"FOTO_04\" src=\"\/prontus_uta\/site\/artic\/20101025\/imag\/FOTO_0420101025110836.JPG\" style=\"width: 124px; height: 49px;\" border=\"0\" align=\"left\">\n<\/a>\n<\/td>\n<td style=\"border: medium none; width: 33%;\" align=\"center\">&nbsp; <a href=\"\/prontus_uta\/site\/edic\/base\/port\/noticias3.html\">\n<img name=\"FOTO_03\" src=\"\/prontus_uta\/site\/artic\/20101025\/imag\/FOTO_0320101025110836.JPG\" style=\"width: 124px; height: 49px;\" border=\"0\">\n<\/a>\n<\/td>\n<td style=\"border: medium none; width: 33%;\" height=\"25\">&nbsp;<a title=\"\" target=\"\" href=\"\/prontus_uta\/site\/artic\/20120420\/pags\/20120420151805.html\" rel=\"noopener\">\n<img name=\"FOTO_02\" src=\"\/web\/site\/artic\/20101025\/imag\/FOTO_0220101025122547.JPG\" style=\"width: 134px; height: 44px;\" border=\"0\" align=\"right\">\n<\/a>\n<\/td>\n<\/tr>\n<\/tbody>\n<\/table>\n<p>\n<\/p><\/p>\n","protected":false},"excerpt":{"rendered":"<p>&#8220;Entre el desierto y el mar dos poetas del norte&#8221;, se denomina el recital po\u00e9tico que organizan las carreras de Licenciatura en Lenguaje y Comunicaci\u00f3n y Pedagog\u00eda en Castellano y Comunicaci\u00f3n, de la Universidad de Tarapac\u00e1, junto con el Centro Cultural &#8216;Plumas y Tablas&#8217;. El evento est\u00e1 programado para el d\u00eda lunes 23 de abril, [&hellip;]<\/p>\n","protected":false},"author":3,"featured_media":18943,"comment_status":"open","ping_status":"open","sticky":false,"template":"","format":"standard","meta":[],"categories":[32,99],"tags":[],"_links":{"self":[{"href":"https:\/\/www.uta.cl\/index.php\/wp-json\/wp\/v2\/posts\/18942"}],"collection":[{"href":"https:\/\/www.uta.cl\/index.php\/wp-json\/wp\/v2\/posts"}],"about":[{"href":"https:\/\/www.uta.cl\/index.php\/wp-json\/wp\/v2\/types\/post"}],"author":[{"embeddable":true,"href":"https:\/\/www.uta.cl\/index.php\/wp-json\/wp\/v2\/users\/3"}],"replies":[{"embeddable":true,"href":"https:\/\/www.uta.cl\/index.php\/wp-json\/wp\/v2\/comments?post=18942"}],"version-history":[{"count":1,"href":"https:\/\/www.uta.cl\/index.php\/wp-json\/wp\/v2\/posts\/18942\/revisions"}],"predecessor-version":[{"id":29328,"href":"https:\/\/www.uta.cl\/index.php\/wp-json\/wp\/v2\/posts\/18942\/revisions\/29328"}],"wp:featuredmedia":[{"embeddable":true,"href":"https:\/\/www.uta.cl\/index.php\/wp-json\/wp\/v2\/media\/18943"}],"wp:attachment":[{"href":"https:\/\/www.uta.cl\/index.php\/wp-json\/wp\/v2\/media?parent=18942"}],"wp:term":[{"taxonomy":"category","embeddable":true,"href":"https:\/\/www.uta.cl\/index.php\/wp-json\/wp\/v2\/categories?post=18942"},{"taxonomy":"post_tag","embeddable":true,"href":"https:\/\/www.uta.cl\/index.php\/wp-json\/wp\/v2\/tags?post=18942"}],"curies":[{"name":"wp","href":"https:\/\/api.w.org\/{rel}","templated":true}]}}