{"id":18842,"date":"2012-05-14T08:19:24","date_gmt":"2012-05-14T08:19:24","guid":{"rendered":"https:\/\/www.uta.cl\/s\/agl1n1"},"modified":"2012-05-14T08:19:24","modified_gmt":"2012-05-14T08:19:24","slug":"abogado-francisco-tapia-hay-una-revolucion-permanente-en-el-derecho","status":"publish","type":"post","link":"https:\/\/www.uta.cl\/index.php\/2012\/05\/14\/abogado-francisco-tapia-hay-una-revolucion-permanente-en-el-derecho\/","title":{"rendered":"Abogado Francisco Tapia: \u0093Hay una revoluci\u00f3n permanente en el Derecho\u0094"},"content":{"rendered":"\n<p>\n<img name=\"FOTO_01\" src=\"\/web\/site\/artic\/20120514\/imag\/foto_0120120514081924.jpg\" style=\"width: 379px; height: 288px;\" align=\"left\" border=\"0\">&#8220;El objetivo es provocar debate sobre temas del presente y del futuro, que algunos no alcanzan a percibir en el d\u00eda a d\u00eda. Hay una revoluci\u00f3n permanente en el Derecho&#8221;, fueron las palabras introductorias del acad\u00e9mico Francisco Tapia Guerrero, que en la sala de eventos de la Facultad de Ciencias Sociales y Jur\u00eddicas, otorg\u00f3 dos clases magistrales.<\/p>\n<p>Tapia Guerrero es Director del Departamento de Derecho del Trabajo y Seguridad Social de la Facultad de Derecho de la Pontificia Universidad Cat\u00f3lica de Chile, abogado integrante de la Corte de Apelaciones de Santiago y miembro de la Academia Iberoamericana de Derecho del Trabajo y de Seguridad Social.<\/p>\n<p>La actividad, organizada por la Escuela de Derecho de la Universidad de Tarapac\u00e1, forma parte de un ciclo de clases magistrales que se pretenden llevar a cabo, invitando a destacados acad\u00e9micos del concierto nacional. El objetivo: ilustrar a la comunidad local y universitaria, generando un espacio de discusi\u00f3n sobre la contingencia jur\u00eddica actual.<\/p>\n<p>En ambas realizaciones, destac\u00f3 la presencia de las m\u00e1s altas autoridades de la Facultad de Ciencias Sociales y Jur\u00eddicas, adem\u00e1s de docentes, estudiantes e invitados.<\/p>\n<p>As\u00ed, la primera clase se imparti\u00f3 a las 11:20 horas y se denomin\u00f3: &#8220;El grupo de empresas en el derecho del trabajo chileno&#8221;. Ante un auditorio repleto, algunos de los t\u00f3picos expuestos fueron las transformaciones que experimentan las empresas; el v\u00ednculo derecho &#8211; realidad, seg\u00fan el profesor, relaci\u00f3n dial\u00e9ctica que le da fuerza al derecho laboral; y la reconfiguraci\u00f3n empresarial, aludiendo al modo en que se ordenan los recursos destinados a las finalidades empresariales.<\/p>\n<p align=\"center\">\n<img name=\"FOTO_02\" src=\"\/web\/site\/artic\/20120514\/imag\/foto_0220120514081924.jpg\" style=\"width: 432px; height: 328px;\" border=\"0\">\n<\/p>\n<p>Mientras que a las 16:30 horas se efectu\u00f3 la segunda parte, titulada: &#8220;Los hechos en el juicio del trabajo&#8221;. All\u00ed, entre otros temas, se abordaron algunas de las modificaciones introducidas al c\u00f3digo del trabajo y las ideas claves de la ley 20.087, que permite que los juicios realizados en los tribunales del trabajo sean orales y llevados a cabo de manera m\u00e1s r\u00e1pida y transparente. <\/p>\n<br>\n<p>&nbsp;<\/p>\n<table style=\"border: medium none; width: 95%;\" cellpadding=\"1\" cellspacing=\"1\">\n<tbody>\n<tr>\n<td style=\"border: medium none; width: 33%;\">&nbsp;\n<a title=\"\" target=\"\" href=\"\/prontus_uta\/site\/artic\/20120514\/pags\/20120514083031.html\">\n<img name=\"FOTO_04\" src=\"\/prontus_uta\/site\/artic\/20101025\/imag\/FOTO_0420101025110836.JPG\" style=\"width: 124px; height: 49px;\" align=\"left\" border=\"0\">\n<\/a>\n<\/td>\n<td style=\"border: medium none; width: 33%;\" align=\"center\">&nbsp; <a href=\"\/prontus_uta\/site\/edic\/base\/port\/noticias3.html\">\n<img name=\"FOTO_03\" src=\"\/prontus_uta\/site\/artic\/20101025\/imag\/FOTO_0320101025110836.JPG\" style=\"width: 124px; height: 49px;\" border=\"0\">\n<\/a>\n<\/td>\n<td style=\"border: medium none; width: 33%;\" height=\"25\">&nbsp;<a title=\"\" target=\"\" href=\"\/prontus_uta\/site\/artic\/20120512\/pags\/20120512175549.html\">\n<img name=\"FOTO_02\" src=\"\/web\/site\/artic\/20101025\/imag\/FOTO_0220101025122547.JPG\" style=\"width: 134px; height: 44px;\" align=\"right\" border=\"0\">\n<\/a>\n<\/td>\n<\/tr>\n<\/tbody>\n<\/table>\n<p>\n<\/p>\n","protected":false},"excerpt":{"rendered":"<p>&#8220;El objetivo es provocar debate sobre temas del presente y del futuro, que algunos no alcanzan a percibir en el d\u00eda a d\u00eda. Hay una revoluci\u00f3n permanente en el Derecho&#8221;, fueron las palabras introductorias del acad\u00e9mico Francisco Tapia Guerrero, que en la sala de eventos de la Facultad de Ciencias Sociales y Jur\u00eddicas, otorg\u00f3 dos [&hellip;]<\/p>\n","protected":false},"author":3,"featured_media":18843,"comment_status":"open","ping_status":"open","sticky":false,"template":"","format":"standard","meta":[],"categories":[],"tags":[],"_links":{"self":[{"href":"https:\/\/www.uta.cl\/index.php\/wp-json\/wp\/v2\/posts\/18842"}],"collection":[{"href":"https:\/\/www.uta.cl\/index.php\/wp-json\/wp\/v2\/posts"}],"about":[{"href":"https:\/\/www.uta.cl\/index.php\/wp-json\/wp\/v2\/types\/post"}],"author":[{"embeddable":true,"href":"https:\/\/www.uta.cl\/index.php\/wp-json\/wp\/v2\/users\/3"}],"replies":[{"embeddable":true,"href":"https:\/\/www.uta.cl\/index.php\/wp-json\/wp\/v2\/comments?post=18842"}],"version-history":[{"count":0,"href":"https:\/\/www.uta.cl\/index.php\/wp-json\/wp\/v2\/posts\/18842\/revisions"}],"wp:featuredmedia":[{"embeddable":true,"href":"https:\/\/www.uta.cl\/index.php\/wp-json\/wp\/v2\/media\/18843"}],"wp:attachment":[{"href":"https:\/\/www.uta.cl\/index.php\/wp-json\/wp\/v2\/media?parent=18842"}],"wp:term":[{"taxonomy":"category","embeddable":true,"href":"https:\/\/www.uta.cl\/index.php\/wp-json\/wp\/v2\/categories?post=18842"},{"taxonomy":"post_tag","embeddable":true,"href":"https:\/\/www.uta.cl\/index.php\/wp-json\/wp\/v2\/tags?post=18842"}],"curies":[{"name":"wp","href":"https:\/\/api.w.org\/{rel}","templated":true}]}}