{"id":18736,"date":"2012-06-11T17:15:56","date_gmt":"2012-06-11T17:15:56","guid":{"rendered":"https:\/\/www.uta.cl\/s\/asoUdd"},"modified":"2021-04-22T14:41:52","modified_gmt":"2021-04-22T14:41:52","slug":"la-uta-alberga-importante-congreso-de-geografia","status":"publish","type":"post","link":"https:\/\/www.uta.cl\/index.php\/2012\/06\/11\/la-uta-alberga-importante-congreso-de-geografia\/","title":{"rendered":"La UTA alberga importante congreso de geograf\u00eda"},"content":{"rendered":"\n<p>\n<img name=\"FOTO_01\" src=\"\/web\/site\/artic\/20120611\/imag\/foto_0120120611171556.jpg\" style=\"width: 372px; height: 505px;\" align=\"left\" border=\"0\">La Sociedad Chilena de Ciencias Geogr\u00e1ficas en conjunto con el Departamento de Ciencias Hist\u00f3ricas y Geogr\u00e1ficas de la Facultad de Educaci\u00f3n y Humanidades de la Universidad de Tarapac\u00e1, est\u00e1n organizando el XXXIII Congreso Nacional y XVIII Internacional de Geograf\u00eda a realizarse entre los d\u00edas 16 y 19 de octubre del 2012.<\/p>\n<p>La actividad se efectuar\u00e1 en dependencias del campus Saucache de la Universidad de Tarapac\u00e1.<\/p>\n<p>El tema del congreso se denomina: &#8220;Geograf\u00eda en los Andes y el desierto: territorio e integraci\u00f3n&#8221;.<\/p>\n<p>La Cordillera de los Andes representa uno de los hechos geogr\u00e1ficos que han delineado la identidad de quienes la habitan. La ciudad de Arica, localizada en el centro neur\u00e1lgico de los Andes centro sur, se perfila como el espacio privilegiado y adecuado para la integraci\u00f3n y confluencia de saberes en torno a la macrorregi\u00f3n. <\/p>\n<p>El norte grande chileno incluye variedad de ambientes&nbsp; como el desierto, el borde costero, sus valles y oasis, la pre cordillera y altiplano; en los que coexisten y despliegan un abanico de fen\u00f3menos con expresi\u00f3n territorial y problem\u00e1ticas que debiesen arrojar diversidad de respuestas, soluciones y enfoques desde la geograf\u00eda.<\/p>\n<p>La convocatoria se extiende a impulsar la generaci\u00f3n de conocimiento en el marco de la disciplina, sugiriendo el \u00e9nfasis en el territorio andino y el norte \u00e1rido chileno para abordar las problem\u00e1ticas con una mirada reflexiva y propositiva, que permita insertar los resultados de nuestras investigaciones en el proceso de toma de decisiones y\/o pol\u00edticas p\u00fablicas, que afectan directamente nuestro espacio vital.<\/p>\n<p>\n<span class=\"destaca\">PRESENTACI\u00d3N DE TRABAJOS &nbsp;<\/span>\n<\/p>\n<p>Se invita a todos los acad\u00e9micos, investigadores, profesionales y estudiantes de post-grado de las ciencias geogr\u00e1ficas y ciencias afines, chilenos y extranjeros, a enviar sus trabajos en modalidad de ponencia, libre o coordinada, o p\u00f3ster acerca de investigaciones relacionadas con los t\u00f3picos de su inter\u00e9s. Estos deben corresponder a investigaciones in\u00e9ditas no presentadas en otras jornadas cient\u00edficas. <\/p>\n<p>Ellas deben insertarse en las l\u00edneas de estudio de &#8220;Geograf\u00eda F\u00edsica, Complejidad Ambiental y Riesgos Naturales\n","protected":false},"excerpt":{"rendered":"<p>La Sociedad Chilena de Ciencias Geogr\u00e1ficas en conjunto con el Departamento de Ciencias Hist\u00f3ricas y Geogr\u00e1ficas de la Facultad de Educaci\u00f3n y Humanidades de la Universidad de Tarapac\u00e1, est\u00e1n organizando el XXXIII Congreso Nacional y XVIII Internacional de Geograf\u00eda a realizarse entre los d\u00edas 16 y 19 de octubre del 2012. La actividad se efectuar\u00e1 [&hellip;]<\/p>\n","protected":false},"author":3,"featured_media":18737,"comment_status":"open","ping_status":"open","sticky":false,"template":"","format":"standard","meta":[],"categories":[32,100],"tags":[],"_links":{"self":[{"href":"https:\/\/www.uta.cl\/index.php\/wp-json\/wp\/v2\/posts\/18736"}],"collection":[{"href":"https:\/\/www.uta.cl\/index.php\/wp-json\/wp\/v2\/posts"}],"about":[{"href":"https:\/\/www.uta.cl\/index.php\/wp-json\/wp\/v2\/types\/post"}],"author":[{"embeddable":true,"href":"https:\/\/www.uta.cl\/index.php\/wp-json\/wp\/v2\/users\/3"}],"replies":[{"embeddable":true,"href":"https:\/\/www.uta.cl\/index.php\/wp-json\/wp\/v2\/comments?post=18736"}],"version-history":[{"count":2,"href":"https:\/\/www.uta.cl\/index.php\/wp-json\/wp\/v2\/posts\/18736\/revisions"}],"predecessor-version":[{"id":29448,"href":"https:\/\/www.uta.cl\/index.php\/wp-json\/wp\/v2\/posts\/18736\/revisions\/29448"}],"wp:featuredmedia":[{"embeddable":true,"href":"https:\/\/www.uta.cl\/index.php\/wp-json\/wp\/v2\/media\/18737"}],"wp:attachment":[{"href":"https:\/\/www.uta.cl\/index.php\/wp-json\/wp\/v2\/media?parent=18736"}],"wp:term":[{"taxonomy":"category","embeddable":true,"href":"https:\/\/www.uta.cl\/index.php\/wp-json\/wp\/v2\/categories?post=18736"},{"taxonomy":"post_tag","embeddable":true,"href":"https:\/\/www.uta.cl\/index.php\/wp-json\/wp\/v2\/tags?post=18736"}],"curies":[{"name":"wp","href":"https:\/\/api.w.org\/{rel}","templated":true}]}}