{"id":18652,"date":"2012-07-10T17:04:54","date_gmt":"2012-07-10T17:04:54","guid":{"rendered":"https:\/\/www.uta.cl\/s\/aBpen8"},"modified":"2021-04-19T18:18:09","modified_gmt":"2021-04-19T18:18:09","slug":"doctor-jorge-lagos-participara-en-publicacion-obra-genetica-sobre","status":"publish","type":"post","link":"https:\/\/www.uta.cl\/index.php\/2012\/07\/10\/doctor-jorge-lagos-participara-en-publicacion-obra-genetica-sobre\/","title":{"rendered":"Doctor Jorge Lagos participar\u00e1 en publicaci\u00f3n \u0091obra gen\u00e9tica\u0092 sobre poeta Ra\u00fal Zurita"},"content":{"rendered":"\n<p>\n<table style=\"border: 1px solid black;\" align=\"left\" border=\"0\" cellpadding=\"1\" cellspacing=\"1\">\n<tbody>\n<tr>\n<td style=\"border: 1px solid black; text-align: center;\" width=\"442\">\n<img loading=\"lazy\" src=\"\/web\/site\/artic\/20120710\/imag\/foto_0120120710170454.jpg\" width=\"438\" border=\"0\" height=\"328\">\n<\/td>\n<\/tr>\n<tr>\n<td style=\"border: 1px solid black; text-align: center;\">\n<span class=\"pieFoto\"> Dr. Jorge Lagos Caama\u00f1o <\/span>\n<\/td>\n<\/tr>\n<\/tbody>\n<\/table>Crear una din\u00e1mica, compartir reflexiones y fomentar el inter\u00e9s por la &#8220;obra zuritana&#8221; son algunos de los objetivos esenciales del proyecto generado por el Laboratorio del Centre de Recherches Latino-am\u00e9ricaines (Centro de Investigaciones Latinoamericanas) CRLA-Archivos de Poitiers, Francia. &nbsp;<\/p>\n<p>A la actividad cultural -que se materializar\u00e1 en diciembre pr\u00f3ximo- fueron invitados acad\u00e9micos, artistas e intelectuales que han demostrado una trayectoria sistem\u00e1tica sobre la labor de Ra\u00fal Zurita.&nbsp; Para este encuentro, los convocados sesionar\u00e1n bajo el llamado &#8220;Sabores y saberes de la literatura latinoamericana&#8221;, cuyo producto final ser\u00e1 un texto que incluir\u00e1 poemarios, estudios cr\u00edticos, bibliograf\u00eda y manuscritos centrados en los libros <i>Purgatorio, Antepara\u00edso, Canto a su amor desaparecido y El Para\u00edso est\u00e1 vac\u00edo<\/i>, de Zurita, Premio Nacional de Literatura 2000.&nbsp;&nbsp;&nbsp; &nbsp;<\/p>\n<p>Para el acad\u00e9mico Jorge Lagos Caama\u00f1o -Profesor de Castellano por la Pontificia Universidad Cat\u00f3lica de Chile; Licenciado y Mag\u00edster en Filolog\u00eda Hisp\u00e1nica por la Universidad Austral de Chile; y Doctor en Ciencias Humanas, menci\u00f3n Literatura y Ling\u00fc\u00edstica por la misma Casa de Estudios-, la convocatoria &#8220;es un verdadero honor que me hayan invitado desde otro pa\u00eds a realizar un trabajo sobre Ra\u00fal Zurita&#8221;.&nbsp; Dijo sentirse halagado que pensaran en \u00e9l &#8220;para escribir un art\u00edculo, para estudiar y analizar una vez m\u00e1s la poes\u00eda de \u00e9ste, ahora desde otra perspectiva, m\u00e1s bien filos\u00f3fica-literaria&#8221;. &nbsp;<\/p>\n<p>Lagos Caama\u00f1o tratar\u00e1 c\u00f3mo en Ra\u00fal Zurita se puede dar el pensamiento &#8220;descolonial&#8221; a trav\u00e9s de las formas y del contenido de su poes\u00eda.&nbsp; &#8220;A trav\u00e9s de la forma de su poes\u00eda est\u00e1 muy clara la rebeli\u00f3n (&#8220;desobediencia&#8221;) contra las formas y estructuras pasadas&#8221;, dijo.&nbsp;&nbsp;&nbsp; &#8220;Se da que las personas que se rebelan contra ciertas estructuras que no le corresponden ni le pertenecen, sino que son importadas, a la vez que se rebelan, tienden a imitarlas, produci\u00e9ndose una suerte de &#8220;mimicretismo&#8221;.&nbsp; Se da una dial\u00e9ctica muy interesante en la literatura y se puede observar en elementos que no son literarios&#8221; sostuvo.<\/p>\n<p>El art\u00edculo con que participar\u00e1 Lagos lleva por t\u00edtulo &#8220;La &#8216;descolonialidad&#8217; en&nbsp; <i>Purgatorio y Antepara\u00edso<\/i>&#8221; y lo har\u00e1 extensivo, tambi\u00e9n, a algunos ensayos sobre la sociedad y literatura en general escritos por Zurita.&nbsp;&nbsp; &nbsp;<\/p>\n<p>Con respecto a su cercan\u00eda con Ra\u00fal Zurita, Lagos Caama\u00f1o enfatiz\u00f3 que &#8220;si bien el artista es un poeta importante dentro de las letras chilenas, primero lo destaco como persona; sobre todo en la d\u00e9cada de 1980&#8221;.&nbsp; En aquella oportunidad, \u00e9ste permaneci\u00f3 un a\u00f1o en Temuco dictando cursos, charlas, conferencias y reuni\u00e9ndose con los poetas y profesores del \u00e1rea de literatura de la ciudad y de la Novena Regi\u00f3n de La Araucan\u00eda.&nbsp; (&#8230;)&nbsp; &#8220;Tuve la oportunidad de compartir no s\u00f3lo vivencias literarias, sino tambi\u00e9n de la contingencia de la \u00e9poca.&nbsp; Hay una coetaneidad con el poeta y, adem\u00e1s, bastante afinidad en el hecho que \u00e9l produce su obra y nosotros vamos estudiando sobre la misma&#8221;, coment\u00f3. &nbsp;<\/p>\n<p>Asegur\u00f3 sentirse muy contento con el reconocimiento que el pa\u00eds le hizo a Ra\u00fal Zurita al nombrarlo Premio Nacional de Literatura, en 2000.&nbsp; Destac\u00f3 que cuando el vate visit\u00f3 la Universidad de Tarapac\u00e1, invitado por el Departamento de Espa\u00f1ol, \u00e9ste dict\u00f3 una charla y convers\u00f3 con los estudiantes.&nbsp; &#8220;Eso fue muy bueno, porque ayuda a que la gente se acerque a su poes\u00eda y a la literatura en general&#8221;.<\/p>\n<p>El acad\u00e9mico Jorge Lagos Caama\u00f1o dijo que en la tem\u00e1tica de sus art\u00edculos &#8220;Singularidad y heterogeneidad en Purgatorio de Ra\u00fal Zurita (1979)&#8221; y &#8220;Ret\u00f3rica de la imagen en Antepara\u00edso de Ra\u00fal Zurita&#8221;, est\u00e1n tomados los libros completos.&nbsp; &#8220;Antes de publicar esos materiales los present\u00e9 como ponencias en los congresos de la Sociedad Chilena de Estudios Literarios (SOCHEL), para luego ser extendidos y expuestos como art\u00edculos&#8221;. &nbsp;<\/p>\n<p>Adem\u00e1s, &#8220;uno parte, en primera instancia, teniendo una proximidad con el poeta, una cercan\u00eda y afinidad est\u00e9tico-literaria con \u00e9l, y adem\u00e1s,&nbsp; con Zurita tengo una cercan\u00eda vivencial, en el sentido de haber compartido de&nbsp; una misma contingencia hist\u00f3rica para nuestro pa\u00eds&#8221;, coment\u00f3.<\/p>\n<br>\n<p>&nbsp;<\/p>\n<table style=\"border: medium none; width: 95%;\" cellpadding=\"1\" cellspacing=\"1\">\n<tbody>\n<tr>\n<td style=\"border: medium none; width: 33%;\">&nbsp;\n<a title=\"\" target=\"\" href=\"\/prontus_uta\/site\/artic\/20120710\/pags\/20120710172631.html\" rel=\"noopener\">\n<img name=\"FOTO_04\" src=\"\/prontus_uta\/site\/artic\/20101025\/imag\/FOTO_0420101025110836.JPG\" style=\"width: 124px; height: 49px;\" align=\"left\" border=\"0\">\n<\/a>\n<\/td>\n<td style=\"border: medium none; width: 33%;\" align=\"center\">&nbsp; <a href=\"\/prontus_uta\/site\/edic\/base\/port\/noticias3.html\">\n<img name=\"FOTO_03\" src=\"\/prontus_uta\/site\/artic\/20101025\/imag\/FOTO_0320101025110836.JPG\" style=\"width: 124px; height: 49px;\" border=\"0\">\n<\/a>\n<\/td>\n<td style=\"border: medium none; width: 33%;\" height=\"25\">&nbsp;<a title=\"\" target=\"\" href=\"\/prontus_uta\/site\/artic\/20120710\/pags\/20120710164823.html\" rel=\"noopener\">\n<img name=\"FOTO_02\" src=\"\/web\/site\/artic\/20101025\/imag\/FOTO_0220101025122547.JPG\" style=\"width: 134px; height: 44px;\" align=\"right\" border=\"0\">\n<\/a>\n<\/td>\n<\/tr>\n<\/tbody>\n<\/table>\n<p>\n<\/p>\n","protected":false},"excerpt":{"rendered":"<p>La invitaci\u00f3n fue cursada por Beno\u00eet Santini, Ma\u00eetre de Conf\u00e9rences, Universit\u00e9 du Littoral-C\u00f4te d&#39;Opale, Francia.<\/p>\n","protected":false},"author":3,"featured_media":18653,"comment_status":"open","ping_status":"open","sticky":false,"template":"","format":"standard","meta":[],"categories":[32,99],"tags":[],"_links":{"self":[{"href":"https:\/\/www.uta.cl\/index.php\/wp-json\/wp\/v2\/posts\/18652"}],"collection":[{"href":"https:\/\/www.uta.cl\/index.php\/wp-json\/wp\/v2\/posts"}],"about":[{"href":"https:\/\/www.uta.cl\/index.php\/wp-json\/wp\/v2\/types\/post"}],"author":[{"embeddable":true,"href":"https:\/\/www.uta.cl\/index.php\/wp-json\/wp\/v2\/users\/3"}],"replies":[{"embeddable":true,"href":"https:\/\/www.uta.cl\/index.php\/wp-json\/wp\/v2\/comments?post=18652"}],"version-history":[{"count":1,"href":"https:\/\/www.uta.cl\/index.php\/wp-json\/wp\/v2\/posts\/18652\/revisions"}],"predecessor-version":[{"id":29327,"href":"https:\/\/www.uta.cl\/index.php\/wp-json\/wp\/v2\/posts\/18652\/revisions\/29327"}],"wp:featuredmedia":[{"embeddable":true,"href":"https:\/\/www.uta.cl\/index.php\/wp-json\/wp\/v2\/media\/18653"}],"wp:attachment":[{"href":"https:\/\/www.uta.cl\/index.php\/wp-json\/wp\/v2\/media?parent=18652"}],"wp:term":[{"taxonomy":"category","embeddable":true,"href":"https:\/\/www.uta.cl\/index.php\/wp-json\/wp\/v2\/categories?post=18652"},{"taxonomy":"post_tag","embeddable":true,"href":"https:\/\/www.uta.cl\/index.php\/wp-json\/wp\/v2\/tags?post=18652"}],"curies":[{"name":"wp","href":"https:\/\/api.w.org\/{rel}","templated":true}]}}