{"id":18462,"date":"2012-10-11T15:39:02","date_gmt":"2012-10-11T15:39:02","guid":{"rendered":"https:\/\/www.uta.cl\/s\/act3h2"},"modified":"2012-10-11T15:39:02","modified_gmt":"2012-10-11T15:39:02","slug":"equipo-de-admision-participo-en-feria-vocacional-de-la-academia-tarapaca","status":"publish","type":"post","link":"https:\/\/www.uta.cl\/index.php\/2012\/10\/11\/equipo-de-admision-participo-en-feria-vocacional-de-la-academia-tarapaca\/","title":{"rendered":"Equipo de Admisi\u00f3n particip\u00f3 en Feria Vocacional de la Academia Tarapac\u00e1 en Iquique"},"content":{"rendered":"\n<p>\n<img name=\"FOTO_02\" src=\"\/web\/site\/artic\/20121011\/imag\/foto_0220121011153902.jpg\" style=\"width: 475px; height: 313px; margin-right: 10px;\" align=\"left\" border=\"0\">Con la presencia de las cinco instituciones de educaci\u00f3n superior de Iquique, se llev\u00f3 a cabo la Feria Vocacional de la Academia Tarapac\u00e1 2012, instancia donde los alumnos de 7 b\u00e1sico a 4 medio pudieron conocer toda la oferta acad\u00e9mica de la regi\u00f3n.<\/p>\n<p>M\u00e1s de 300 alumnos visitaron los stands de la UTA Iquique, donde se present\u00f3 la oferta acad\u00e9mica de pregrado, como tambi\u00e9n el Centro de Formaci\u00f3n de T\u00e9cnica (CFT), el Consultorio de Asistencia Jur\u00eddica y el Centro de Atenci\u00f3n de Actividades Pr\u00e1cticas (CAAP).<\/p>\n<p>En la actividad, estuvo presente el Director General de Extensi\u00f3n y Vinculaci\u00f3n con el Medio, Dr. Carlos Ubeda; el Director de Admisi\u00f3n,&nbsp;Cristian Ch\u00e1vez; &nbsp;el coordinador de Vinculaci\u00f3n Iquique, Rodrigo Fern\u00e1ndez; el coordinador de Admisi\u00f3n Iquique, Guillermo Varas, junto con los jefes de carrera de las carreras de pregrado de la Sede Esmeralda.<\/p>\n<p>\n<b>CHARLAS<\/b>\n<\/p>\n<p>La iniciativa organizada por la direcci\u00f3n de la Academia Tarapac\u00e1, parti\u00f3 en primera instancia con una charla a terceros y cuartos medios en el auditorio del establecimiento, donde los jefes de carreras de la UTA Iquique pudieron entregar informaci\u00f3n relevante de su oferta acad\u00e9mica.<\/p>\n<p>En la oportunidad, tambi\u00e9n se hicieron presentes los alumnos e integrantes del conjunto folcl\u00f3rico &#8220;Tupac Katari&#8221;, Eliana Contreras y Javier Carvajal, quienes deleitaron con una &#8220;cueca chora&#8221;.<\/p>\n<p align=\"center\">\n<img loading=\"lazy\" name=\"FOTO_01\" src=\"\/web\/site\/artic\/20121011\/imag\/foto_0120121011153902.jpg\" width=\"498\" border=\"0\" height=\"328\">\n<\/p>\n<p>Asimismo, se dirigi\u00f3 a los estudiantes el Director General de Extensi\u00f3n y Vinculaci\u00f3n con el Medio, Dr. Carlos Ubeda, quien destac\u00f3 que &#8220;ustedes como futuros profesionales deben optar por una universidad de verdad, tal como dice nuestro eslogan. Somos la principal casa de estudios de Arica y Parinacota e Iquique, pues tenemos una acreditaci\u00f3n de cinco a\u00f1os en cuatro \u00e1reas del conocimiento&#8221;.<\/p>\n<p>Posteriormente, el director de la Academia Tarapac\u00e1, Ren\u00e9 Araya Coca, invit\u00f3 a un desayuno de camader\u00eda a las autoridades universitarias que participaron de la feria, para agradecerles la presencia e inst\u00f3 a seguir construyendo lazos con dicho establecimiento.<\/p>\n<p>Cabe se\u00f1alar, que la pr\u00f3xima feria vocacional se llevar\u00e1 a cabo el viernes 19 de octubre en el Colegio Humberstone de Iquique.<\/p>\n","protected":false},"excerpt":{"rendered":"<p>En la actividad vocacional estuvieron presentes todas las casas de estudios superiores de Iquique<\/p>\n","protected":false},"author":3,"featured_media":18463,"comment_status":"open","ping_status":"open","sticky":false,"template":"","format":"standard","meta":[],"categories":[],"tags":[],"_links":{"self":[{"href":"https:\/\/www.uta.cl\/index.php\/wp-json\/wp\/v2\/posts\/18462"}],"collection":[{"href":"https:\/\/www.uta.cl\/index.php\/wp-json\/wp\/v2\/posts"}],"about":[{"href":"https:\/\/www.uta.cl\/index.php\/wp-json\/wp\/v2\/types\/post"}],"author":[{"embeddable":true,"href":"https:\/\/www.uta.cl\/index.php\/wp-json\/wp\/v2\/users\/3"}],"replies":[{"embeddable":true,"href":"https:\/\/www.uta.cl\/index.php\/wp-json\/wp\/v2\/comments?post=18462"}],"version-history":[{"count":0,"href":"https:\/\/www.uta.cl\/index.php\/wp-json\/wp\/v2\/posts\/18462\/revisions"}],"wp:featuredmedia":[{"embeddable":true,"href":"https:\/\/www.uta.cl\/index.php\/wp-json\/wp\/v2\/media\/18463"}],"wp:attachment":[{"href":"https:\/\/www.uta.cl\/index.php\/wp-json\/wp\/v2\/media?parent=18462"}],"wp:term":[{"taxonomy":"category","embeddable":true,"href":"https:\/\/www.uta.cl\/index.php\/wp-json\/wp\/v2\/categories?post=18462"},{"taxonomy":"post_tag","embeddable":true,"href":"https:\/\/www.uta.cl\/index.php\/wp-json\/wp\/v2\/tags?post=18462"}],"curies":[{"name":"wp","href":"https:\/\/api.w.org\/{rel}","templated":true}]}}