{"id":18448,"date":"2012-10-18T18:12:38","date_gmt":"2012-10-18T18:12:38","guid":{"rendered":"https:\/\/www.uta.cl\/s\/axtnoJ"},"modified":"2021-04-22T14:41:32","modified_gmt":"2021-04-22T14:41:32","slug":"inauguracion-del-xxxiii-congreso-nacional-y-xviii-congreso-internacional","status":"publish","type":"post","link":"https:\/\/www.uta.cl\/index.php\/2012\/10\/18\/inauguracion-del-xxxiii-congreso-nacional-y-xviii-congreso-internacional\/","title":{"rendered":"Inauguraci\u00f3n del XXXIII Congreso Nacional y XVIII Congreso Internacional de Geograf\u00eda en los Andes y el Desierto"},"content":{"rendered":"\n<p>\n<table style=\"border: 1px solid black;\" align=\"left\" border=\"0\" cellpadding=\"1\" cellspacing=\"1\">\n<tbody>\n<tr>\n<td style=\"border: 1px solid black; text-align: center;\" width=\"266\">\n<img loading=\"lazy\" src=\"\/web\/site\/artic\/20121018\/imag\/foto_0120121018181238.jpg\" width=\"264\" border=\"0\" height=\"397\">\n<\/td>\n<\/tr>\n<tr>\n<td style=\"border: 1px solid black; text-align: center;\" width=\"266\">\n<span class=\"pieFoto\"> Dr. Pedro Cunill Grau<\/span>\n<\/td>\n<\/tr>\n<\/tbody>\n<\/table>En el Aula Magna del Campus Vel\u00e1squez se llev\u00f3 a cabo la inauguraci\u00f3n del &#8220;XXXIII Congreso Nacional y XVIII Congreso Internacional de Geograf\u00eda en los Andes y el Desierto: Territorio de Integraci\u00f3n&#8221;, evento organizado por la Universidad de Tarapac\u00e1, a trav\u00e9s del Departamento de Ciencias Hist\u00f3ricas y Geogr\u00e1ficas, y la Sociedad Chilena de Ciencias Geogr\u00e1ficas (SOCHIGEO).<\/p>\n<p>En esta versi\u00f3n, la iniciativa pretende impulsar la generaci\u00f3n de conocimiento en el marco de la disciplina, haciendo \u00e9nfasis en el territorio andino y el norte \u00e1rido chileno, abordando las problem\u00e1ticas con una mirada reflexiva. En ese sentido, la ciudad de Arica se perfila como un espacio id\u00f3neo, adecuado para la confluencia de saberes en torno a la macrorregi\u00f3n. <\/p>\n<p>Durante el desarrollo &#8211; desde el 16 hasta el 19 de octubre- se presentar\u00e1n las ponencias de los participantes, se realizar\u00e1n conferencias plenarias y mesas redondas que est\u00e9n vinculadas a la tem\u00e1tica de la convocatoria, junto a sesiones de campo y actividades sociales.<\/p>\n<p>En la inauguraci\u00f3n, el decano de la Facultad de Educaci\u00f3n y Humanidades, Dr. Jorge D\u00edaz, dio la bienvenida a los participantes y valor\u00f3 los esfuerzos de la organizaci\u00f3n por traer a la ciudad &#8220;una instancia dedicada al conocimiento que hoy impone nuevos retos&#8221;. Asimismo, destac\u00f3 la labor del Departamento de Ciencias Hist\u00f3ricas y Geogr\u00e1ficas, &#8220;cuya impronta&nbsp; institucional marcada por el territorio en el que est\u00e1 inserta, contribuye a la formaci\u00f3n de profesionales comprometidos con el desarrollo local&#8221;.<\/p>\n<p>Posteriormente, el presidente de la SOCHIGEO, Basilio Georgudis, en la misma l\u00ednea que el decano, agradecido por la acogida, expres\u00f3 que &#8220;esta semana nos ayudar\u00e1 a pensar y repensar en nuevas posibilidades de acci\u00f3n en torno a los acontecimientos actuales y futuros, para un mejor bienestar de la comunidad. Se reconoce el aporte de profesionales, socios y amigos cient\u00edficos por su asistencia en este coloquio, preocupados de estudiar y mejorar situaciones: con el objetivo de ayudar a enriquecer los procesos de vida en regiones nacionales e internacionales&#8221;.<\/p>\n<p><strong>CLASE MAGISTRAL<\/strong><\/p>\n<p>La ceremonia concluy\u00f3 con la clase magistral de Pedro Cunill. Doctor en Geograf\u00eda (Universidad Laval, Quebec, Canad\u00e1) y Profesor Titular Jubilado desde junio de 1996 de la Escuela de Geograf\u00eda de la Universidad Central de Venezuela. Autor de 182 obras en las disciplinas de su especialidad.<\/p>\n<p>\n<table style=\"width: 95%; border: medium none; margin-left: auto;\" cellpadding=\"1\" cellspacing=\"1\">\n<tbody>\n<tr>\n<td style=\"width: 50%; border: medium none;\">\n<table style=\"border: 1px solid black;\" border=\"0\" cellpadding=\"1\" cellspacing=\"1\">\n<tbody>\n<tr>\n<td style=\"border: 1px solid black; text-align: center;\" width=\"326px\">\n<img style=\"width: 324px; height: 215px;\" src=\"\/web\/site\/artic\/20121018\/imag\/foto_0320121018181238.jpg\" border=\"0\">\n<\/td>\n<\/tr>\n<tr>\n<td style=\"border: 1px solid black; text-align: center;\" width=\"326px\">\n<span class=\"pieFoto\"> Basilio Georgudis <\/span>\n<\/td>\n<\/tr>\n<\/tbody>\n<\/table>\n<\/td>\n<td style=\"width: 50%; border: medium none;\">\n<table style=\"border: 1px solid black;\" border=\"0\" cellpadding=\"1\" cellspacing=\"1\">\n<tbody>\n<tr>\n<td style=\"border: 1px solid black; text-align: center;\" width=\"326px\">\n<img src=\"\/web\/site\/artic\/20121018\/imag\/foto_0220121018181238.jpg\" style=\"width: 324px; height: 215px;\" border=\"0\">\n<\/td>\n<\/tr>\n<tr>\n<td style=\"border: 1px solid black; text-align: center;\" width=\"326px\">\n<span class=\"pieFoto\"> Basilio Georgudis haciendo entrega de los presentes al director de Departamento de Ciencias Hist\u00f3ricas y Geogr\u00e1ficas, Luis Galdames<\/span>\n<\/td>\n<\/tr>\n<\/tbody>\n<\/table>\n<\/td>\n<\/tr>\n<\/tbody>\n<\/table>\n<\/p>\n<p>Adem\u00e1s, es Doctor Honoris Causa de la Universidad de Salamanca, Espa\u00f1a (1998) y Doctor Honoris Causa de la Universidad Central de Venezuela (2005). Ha recibido m\u00faltiples reconocimientos, como el Premio Internacional Geocr\u00edtica que entrega la Universidad de Barcelona (2005). Obtuvo en enero 1996 el Premio Bienal de Humanidades Arturo Uslar Pietri por el Consejo Nacional de la Cultura de la Rep\u00fablica de Venezuela. Ganador del Premio Nacional de Ciencias 1997, menci\u00f3n Ciencias Sociales y Humanas, otorgado por el Consejo Nacional de Investigaciones Cient\u00edficas y Tecnol\u00f3gicas de la Rep\u00fablica de Venezuela. Fue Director del Departamento de Geograf\u00eda de la Universidad de Chile (1970-1972) y profesor del Departamento de Historia y Geograf\u00eda del Instituto Pedag\u00f3gico de la Universidad de Chile (1960 1975).<\/p>\n<p>En la charla, el catedr\u00e1tico record\u00f3 que en sus primeros a\u00f1os como estudiante, en Francia, nace el inter\u00e9s por materias relacionadas con la Am\u00e9rica Andina. &#8220;Ese hecho me oblig\u00f3 a seguir mis estudios en Chile y Venezuela, as\u00ed poco a poco fui conociendo el continente Americano. Fue una incentivaci\u00f3n tremenda el poder hacer una geograf\u00eda integral, sin fronteras&#8221;, recalc\u00f3.<\/p>\n<p>De esta manera, el Dr. Cunill, expuso tem\u00e1ticas enfocadas en los espacios claves para la integraci\u00f3n; el rigor de las traves\u00edas por los desiertos de la Am\u00e9rica Andina; la geograf\u00eda de la percepci\u00f3n y los espacios vac\u00edos y fronteras. Tambi\u00e9n aprovech\u00f3 de hacer una rese\u00f1a sobre los cultivos prehisp\u00e1nicos, se\u00f1alando que &#8220;el mestizaje de sabores, olores y aromas son parte fundamental de la integraci\u00f3n americana&#8221;.<\/p>\n","protected":false},"excerpt":{"rendered":"<p>Con la presencia estelar del Dr. Pedro Cunill Grau, considerado uno de los m\u00e1ximos especialistas en Geograf\u00eda Hist\u00f3rica de Am\u00e9rica Latina, se efectu\u00f3 la inauguraci\u00f3n del Congreso que re\u00fane a estudiantes y acad\u00e9micos de diferentes instituciones universitarias.<\/p>\n","protected":false},"author":3,"featured_media":18449,"comment_status":"open","ping_status":"open","sticky":false,"template":"","format":"standard","meta":[],"categories":[32,100],"tags":[],"_links":{"self":[{"href":"https:\/\/www.uta.cl\/index.php\/wp-json\/wp\/v2\/posts\/18448"}],"collection":[{"href":"https:\/\/www.uta.cl\/index.php\/wp-json\/wp\/v2\/posts"}],"about":[{"href":"https:\/\/www.uta.cl\/index.php\/wp-json\/wp\/v2\/types\/post"}],"author":[{"embeddable":true,"href":"https:\/\/www.uta.cl\/index.php\/wp-json\/wp\/v2\/users\/3"}],"replies":[{"embeddable":true,"href":"https:\/\/www.uta.cl\/index.php\/wp-json\/wp\/v2\/comments?post=18448"}],"version-history":[{"count":2,"href":"https:\/\/www.uta.cl\/index.php\/wp-json\/wp\/v2\/posts\/18448\/revisions"}],"predecessor-version":[{"id":29446,"href":"https:\/\/www.uta.cl\/index.php\/wp-json\/wp\/v2\/posts\/18448\/revisions\/29446"}],"wp:featuredmedia":[{"embeddable":true,"href":"https:\/\/www.uta.cl\/index.php\/wp-json\/wp\/v2\/media\/18449"}],"wp:attachment":[{"href":"https:\/\/www.uta.cl\/index.php\/wp-json\/wp\/v2\/media?parent=18448"}],"wp:term":[{"taxonomy":"category","embeddable":true,"href":"https:\/\/www.uta.cl\/index.php\/wp-json\/wp\/v2\/categories?post=18448"},{"taxonomy":"post_tag","embeddable":true,"href":"https:\/\/www.uta.cl\/index.php\/wp-json\/wp\/v2\/tags?post=18448"}],"curies":[{"name":"wp","href":"https:\/\/api.w.org\/{rel}","templated":true}]}}