{"id":18180,"date":"2013-03-25T17:12:31","date_gmt":"2013-03-25T17:12:31","guid":{"rendered":"https:\/\/www.uta.cl\/s\/aQyPup"},"modified":"2013-03-25T17:12:31","modified_gmt":"2013-03-25T17:12:31","slug":"convenio-uta-con-uc-de-lovaina-para-investigacion-e-intercambio-de","status":"publish","type":"post","link":"https:\/\/www.uta.cl\/index.php\/2013\/03\/25\/convenio-uta-con-uc-de-lovaina-para-investigacion-e-intercambio-de\/","title":{"rendered":"Convenio UTA con UC de Lovaina para investigaci\u00f3n e intercambio de acad\u00e9micos y estudiantes"},"content":{"rendered":"\n<p>\n<img name=\"FOTO_02\" src=\"\/web\/site\/artic\/20130325\/imag\/foto_0220130325171231.jpg\" style=\"width: 436px; margin-right: 10px; height: 287px;\" align=\"left\" border=\"0\">Un convenio para trabajar en investigaci\u00f3n sobre biolog\u00eda del c\u00e1ncer y en otras \u00e1reas de la salud, el cual&nbsp; consulta un programa de intercambio de estudiantes y acad\u00e9micos, firmaron la Universidad&nbsp; de Tarapac\u00e1 de Arica y la Universidad Cat\u00f3lica de Lovaina, B\u00e9lgica, que se prolongar\u00e1 hasta el a\u00f1o 2015.<\/p>\n<p>La ceremonia, con que se protocoliz\u00f3 dicho convenio, se realiz\u00f3 el viernes 15 en la sala de consejo de la Rector\u00eda de la UTA, donde en representaci\u00f3n del rector, Dr. Emilio Rodr\u00edguez Ponce, la presidi\u00f3 la vicerrectora acad\u00e9mica&nbsp; Dra. Victoria Espinosa Santos, junto con la&nbsp; coordinadora de relaciones internacionales de la Facultad de Ciencias de la Salud de la Universidad Cat\u00f3lica de Lovaina, Dra. Claire de Burbure.<\/p>\n<p>La vicerrectora Espinosa Santos,&nbsp; tras los saludos de la Dra. Claire de Burbure, quien alab\u00f3 las bellezas de la ciudad de Arica y su universidad, agradeci\u00f3 sus conceptuosas palabras y destac\u00f3 que para la UTA es muy importante este convenio con la UC de Lovaina, de gran prestigio internacional. &#8220;Para nosotros es un orgullo este acuerdo conjunto que favorecer\u00e1 tanto a acad\u00e9micos de la Facultad de Ciencias de Salud, como para estudiantes, para cursar estudios de doctorado en la Universidad Cat\u00f3lica de Lovaina, y de la misma manera permitir\u00e1 que viajen hasta Arica, profesores de esa universidad para trabajar en la investigaci\u00f3n que aqu\u00ed se realiza&#8221;, precis\u00f3.<\/p>\n<p>Entre los asistentes se destac\u00f3 de manera especial a la Dra. Gloria Calaf, del Instituto de Alta Investigaci\u00f3n (IAI) de la UTA, quien dirige el Laboratorio de Biolog\u00eda del C\u00e1ncer del IAI. Ella desde hace un tiempo ya viene trabajando con la Facultad de Ciencias de la Salud de la Universidad Cat\u00f3lica de Lovaina. Las investigaciones realizadas por la acad\u00e9mica de la UTA se enfocan en entender la biolog\u00eda del c\u00e1ncer de mama, no solamente para prevenirlo sino que para intentar curarlo. A trav\u00e9s del estudio de factores ambientales, sus investigaciones buscan establecer qu\u00e9 combinaciones predisponen a las c\u00e9lulas a volverse cancer\u00edgenas.<\/p>\n<p align=\"center\"><img name=\"FOTO_01\" src=\"\/web\/site\/artic\/20130325\/imag\/foto_0120130325171231.jpg\" style=\"width: 504px; height: 332px;\" border=\"0\">\n<\/p>\n<p>La delegaci\u00f3n universitaria belga la integraba adem\u00e1s el profesor de la Escuela de Medicina y del Hospital Universitario de Lovaina, Jorge Abarca Qui\u00f1ones, a quienes acompa\u00f1aba la representante del gobierno belga en Arica, Mercedes Van Bladel.<\/p>\n<p>Por la Universidad de Tarapac\u00e1 se encontraban tambi\u00e9n presentes el director de Gabinete, \u00c1lvaro Palma; el vicerrector de Administraci\u00f3n y Finanzas (s) Roberto Gamboa; el director de relaciones internacionales, Carlos Herrera; el director general de Docencia, Edgard Estupi\u00f1\u00e1n; la secretaria de la Universidad, Ismelda Lobato; el decano de la Facultad de Salud, Luis \u00c1lvarez y acad\u00e9micos de dicha facultad.<\/p>\n","protected":false},"excerpt":{"rendered":"<p>Un convenio para trabajar en investigaci\u00f3n sobre biolog\u00eda del c\u00e1ncer y en otras \u00e1reas de la salud, el cual&nbsp; consulta un programa de intercambio de estudiantes y acad\u00e9micos, firmaron la Universidad&nbsp; de Tarapac\u00e1 de Arica y la Universidad Cat\u00f3lica de Lovaina, B\u00e9lgica, que se prolongar\u00e1 hasta el a\u00f1o 2015. La ceremonia, con que se protocoliz\u00f3 [&hellip;]<\/p>\n","protected":false},"author":3,"featured_media":18181,"comment_status":"open","ping_status":"open","sticky":false,"template":"","format":"standard","meta":[],"categories":[],"tags":[],"_links":{"self":[{"href":"https:\/\/www.uta.cl\/index.php\/wp-json\/wp\/v2\/posts\/18180"}],"collection":[{"href":"https:\/\/www.uta.cl\/index.php\/wp-json\/wp\/v2\/posts"}],"about":[{"href":"https:\/\/www.uta.cl\/index.php\/wp-json\/wp\/v2\/types\/post"}],"author":[{"embeddable":true,"href":"https:\/\/www.uta.cl\/index.php\/wp-json\/wp\/v2\/users\/3"}],"replies":[{"embeddable":true,"href":"https:\/\/www.uta.cl\/index.php\/wp-json\/wp\/v2\/comments?post=18180"}],"version-history":[{"count":0,"href":"https:\/\/www.uta.cl\/index.php\/wp-json\/wp\/v2\/posts\/18180\/revisions"}],"wp:featuredmedia":[{"embeddable":true,"href":"https:\/\/www.uta.cl\/index.php\/wp-json\/wp\/v2\/media\/18181"}],"wp:attachment":[{"href":"https:\/\/www.uta.cl\/index.php\/wp-json\/wp\/v2\/media?parent=18180"}],"wp:term":[{"taxonomy":"category","embeddable":true,"href":"https:\/\/www.uta.cl\/index.php\/wp-json\/wp\/v2\/categories?post=18180"},{"taxonomy":"post_tag","embeddable":true,"href":"https:\/\/www.uta.cl\/index.php\/wp-json\/wp\/v2\/tags?post=18180"}],"curies":[{"name":"wp","href":"https:\/\/api.w.org\/{rel}","templated":true}]}}