{"id":18176,"date":"2013-03-27T10:14:46","date_gmt":"2013-03-27T10:14:46","guid":{"rendered":"https:\/\/www.uta.cl\/s\/a9y5wV"},"modified":"2013-03-27T10:14:46","modified_gmt":"2013-03-27T10:14:46","slug":"nuevos-vinculos-con-universidad-san-simon-de-cochabamba-bolivia","status":"publish","type":"post","link":"https:\/\/www.uta.cl\/index.php\/2013\/03\/27\/nuevos-vinculos-con-universidad-san-simon-de-cochabamba-bolivia\/","title":{"rendered":"Nuevos v\u00ednculos con Universidad San Sim\u00f3n de Cochabamba, Bolivia"},"content":{"rendered":"\n<p>\n<img name=\"FOTO_02\" src=\"\/web\/site\/artic\/20130327\/imag\/foto_0220130327101446.jpg\" style=\"width: 382px; margin-right: 10px; height: 252px;\" align=\"left\" border=\"0\">Entre el 19 y el 23 de marzo, integrantes de la Unidad de Mediatizaci\u00f3n de la FACSOJUR visitaron la ciudad de Cochabamba &#8211; Bolivia, con el objetivo de fortalecer los v\u00ednculos que se han establecido entre la Universidad de Tarapac\u00e1 y la Universidad Mayor de San Sim\u00f3n y sus carreras de Psicolog\u00eda y Trabajo Social, a trav\u00e9s de la Comunidad Universitaria Virtual Andina (CUVA).<\/p>\n<p>Una intensa agenda de reuniones con directivos, docentes, ayudantes y alumnos de las carreras de Psicolog\u00eda y Trabajo Social de dicha universidad, dieron fruto a una serie de importantes e interesantes acuerdos. As\u00ed, la carrera de Trabajo Social de la instituci\u00f3n boliviana se incorpor\u00f3 este a\u00f1o al trabajo en CUVA a trav\u00e9s de su coordinadora de carrera, Lic. Rosario Luizaga Pati\u00f1o, con quien se acord\u00f3 un cronograma de futuras actividades que comienza este jueves 28 con la capacitaci\u00f3n inicial a su cuerpo docente. <\/p>\n<p>Por otra parte, se firm\u00f3 un importante acuerdo con el director de carrera de Psicolog\u00eda, Mg. Dagiel Vallejo Beltr\u00e1n, afianzando el trabajo colaborativo y conjunto a trav\u00e9s de nuestra comunidad virtual. En ese marco, se acord\u00f3 realizar un ciclo de videoconferencias acad\u00e9micas denominado &#8220;Con-Tacto Psicol\u00f3gico&#8221;, a desarrollarse cada mes durante el a\u00f1o 2013, de manera simult\u00e1nea y sincr\u00f3nica, entre ambos pa\u00edses y que incluye certificaci\u00f3n para sus asistentes. Informaci\u00f3n de lugar, d\u00eda y hora ser\u00e1n oportunamente publicados por nuestro sitio (<a title=\"\" target=\"_blank\" href=\"http:\/\/cuva.uta.cl\">cuva.uta.cl<\/a>).<\/p>\n<p>\n<table style=\"width: 95%; border: medium none; margin-right: auto; margin-left: auto;\" cellpadding=\"1\" cellspacing=\"1\">\n<tbody>\n<tr>\n<td style=\"width: 50%; border: medium none;\">\n<img name=\"FOTO_03\" src=\"\/web\/site\/artic\/20130327\/imag\/foto_0320130327101446.jpg\" style=\"width: 334px; height: 206px;\" border=\"0\">\n<\/td>\n<td style=\"width: 50%; border: medium none;\">\n<img name=\"FOTO_01\" src=\"\/web\/site\/artic\/20130327\/imag\/foto_0120130327101446.jpg\" style=\"width: 334px; height: 206px;\" border=\"0\">\n<\/td>\n<\/tr>\n<\/tbody>\n<\/table>\n<\/p>\n<p>Otra interesante reuni\u00f3n surgi\u00f3 con Sergio Dur\u00e1n, alumno de la carrera de Psicolog\u00eda, que estar\u00e1 a cargo de coordinar en CUVA el espacio de &#8220;Psicultura&#8221;; que informar\u00e1 de eventos culturales y de la &#8220;Revista On-line de Psicolog\u00eda&#8221;, la cual estar\u00e1 virtualizada en CUVA y con la cual se pretenden generar lazos futuros entre los estudiantes de ambas universidades. <\/p>\n","protected":false},"excerpt":{"rendered":"<p>Entre el 19 y el 23 de marzo, integrantes de la Unidad de Mediatizaci\u00f3n de la FACSOJUR visitaron la ciudad de Cochabamba &#8211; Bolivia, con el objetivo de fortalecer los v\u00ednculos que se han establecido entre la Universidad de Tarapac\u00e1 y la Universidad Mayor de San Sim\u00f3n y sus carreras de Psicolog\u00eda y Trabajo Social, [&hellip;]<\/p>\n","protected":false},"author":3,"featured_media":18177,"comment_status":"open","ping_status":"open","sticky":false,"template":"","format":"standard","meta":[],"categories":[],"tags":[],"_links":{"self":[{"href":"https:\/\/www.uta.cl\/index.php\/wp-json\/wp\/v2\/posts\/18176"}],"collection":[{"href":"https:\/\/www.uta.cl\/index.php\/wp-json\/wp\/v2\/posts"}],"about":[{"href":"https:\/\/www.uta.cl\/index.php\/wp-json\/wp\/v2\/types\/post"}],"author":[{"embeddable":true,"href":"https:\/\/www.uta.cl\/index.php\/wp-json\/wp\/v2\/users\/3"}],"replies":[{"embeddable":true,"href":"https:\/\/www.uta.cl\/index.php\/wp-json\/wp\/v2\/comments?post=18176"}],"version-history":[{"count":0,"href":"https:\/\/www.uta.cl\/index.php\/wp-json\/wp\/v2\/posts\/18176\/revisions"}],"wp:featuredmedia":[{"embeddable":true,"href":"https:\/\/www.uta.cl\/index.php\/wp-json\/wp\/v2\/media\/18177"}],"wp:attachment":[{"href":"https:\/\/www.uta.cl\/index.php\/wp-json\/wp\/v2\/media?parent=18176"}],"wp:term":[{"taxonomy":"category","embeddable":true,"href":"https:\/\/www.uta.cl\/index.php\/wp-json\/wp\/v2\/categories?post=18176"},{"taxonomy":"post_tag","embeddable":true,"href":"https:\/\/www.uta.cl\/index.php\/wp-json\/wp\/v2\/tags?post=18176"}],"curies":[{"name":"wp","href":"https:\/\/api.w.org\/{rel}","templated":true}]}}