{"id":17392,"date":"2013-12-20T19:39:33","date_gmt":"2013-12-20T19:39:33","guid":{"rendered":"https:\/\/www.uta.cl\/mas-de-2-000-mil-registros-arqueologicos-de-material-textil-se\/web\/2013-12-20\/193933.html"},"modified":"2013-12-20T19:39:33","modified_gmt":"2013-12-20T19:39:33","slug":"mas-de-2-000-mil-registros-arqueologicos-de-material-textil-se","status":"publish","type":"post","link":"https:\/\/www.uta.cl\/index.php\/2013\/12\/20\/mas-de-2-000-mil-registros-arqueologicos-de-material-textil-se\/","title":{"rendered":"M\u00e1s de 2.000 mil registros arqueol\u00f3gicos de material textil se digitalizan y ser\u00e1n divulgados en cat\u00e1logo web"},"content":{"rendered":"\n<table border=\"0\" cellpadding=\"10\" cellspacing=\"10\" style=\"float: left;\">\n<tbody>\n<tr>\n<td><img loading=\"lazy\" alt=\"Imagen foto_00000003\" border=\"0\" class=\"fotodrag\" height=\"202\" id=\"foto_00000003\" name=\"foto_00000003\" src=\"\/web\/site\/artic\/20131220\/imag\/foto_0000000320131220193933.jpg\" width=\"360\" \/><\/td>\n<\/tr>\n<tr>\n<td style=\"width: 360px; text-align: center;\">Mauricio Lazo (fot\u00f3grafo), Gustavo Espinosa (encargado de registro MASMA), Mariela Santos (encargada de Conservaci\u00f3n MASMA) y Julio Castillo (registrador del material en bases de datos).<\/td>\n<\/tr>\n<\/tbody>\n<\/table>\n<p style=\"text-align: justify;\">Para mediados del 1\u00b0 semestre de 2014, estar\u00e1 a disposici\u00f3n del p\u00fablico especialista y general una base de datos online con informaci\u00f3n y fotograf\u00edas de alta resoluci\u00f3n de m\u00e1s de 2.000 prendas de la colecci\u00f3n de textiles custodiada por el <a href=\"\/masma\/\" target=\"_blank\">Museo San Miguel de Azapa (MASMA)<\/a>.<\/p>\n<p style=\"text-align: justify;\">La muestra incluir\u00e1 registros fotogr\u00e1ficos e informaci\u00f3n cient\u00edfica respecto a diferentes tipos y fragmentos de textiles como: camisas, pa\u00f1os ceremoniales, fajas, gorros (de tipo circular, de cuatro puntas, con penacho, etc.), bolsas chuspas y otros artefactos usados por las sociedades prehisp\u00e1nicas que habitaron nuestra regi\u00f3n.<\/p>\n<p style=\"text-align: justify;\">&#8220;El objetivo del proyecto pretende hacer un registro exhaustivo del dep\u00f3sito textil. Lo hacemos con el fin de facilitar el acceso a su estudio, tanto a investigadores como a la comunidad general, y as\u00ed reconstruir la historia&#8221;, se\u00f1ala Mariela Santos, encargada de Conservaci\u00f3n MASMA..<\/p>\n<p style=\"text-align: justify;\">El equipo a cargo de llevar esta tarea est\u00e1 conformado por: Mariela Santos, Gustavo Espinosa (encargado de Registro MASMA), Julio Castillo (registrador del material en bases de datos) y Mauricio Lazo (fot\u00f3grafo profesional), quienes estiman que para mediados de enero de 2014 terminar\u00e1n tal digitalizaci\u00f3n (que comenz\u00f3 en octubre de 2013), para luego abocarse al dise\u00f1o y confecci\u00f3n de la p\u00e1gina web que contendr\u00e1 la base de datos. La que estar\u00eda lista para el mes de abril de 2014.<\/p>\n<table border=\"0\" cellpadding=\"10\" cellspacing=\"10\">\n<tbody>\n<tr>\n<td><img loading=\"lazy\" alt=\"Imagen foto_00000002\" border=\"0\" class=\"fotodrag\" height=\"202\" id=\"foto_00000002\" name=\"foto_00000002\" src=\"\/web\/site\/artic\/20131220\/imag\/foto_0000000220131220193933.jpg\" width=\"360\" \/><\/td>\n<td><img loading=\"lazy\" alt=\"Imagen foto_00000007\" border=\"0\" class=\"fotodrag\" height=\"202\" id=\"foto_00000007\" name=\"foto_00000007\" src=\"\/web\/site\/artic\/20131220\/imag\/foto_0000000720131220193933.jpg\" width=\"360\" \/><\/td>\n<\/tr>\n<tr>\n<td style=\"text-align: center;\">Equipo de trabajo es asistido por software para comparar y corroborar datos.<\/td>\n<td style=\"text-align: center;\">Maqueta de los textiles a registrar.<\/td>\n<\/tr>\n<\/tbody>\n<\/table>\n<p style=\"text-align: justify;\"><strong>&#8220;Inigualable valor cient\u00edfico&#8221;<\/strong><\/p>\n<p style=\"text-align: justify;\">&#8220;Toda la colecci\u00f3n del dep\u00f3sito textil se colocar\u00e1 en l\u00ednea. Es decir, se pondr\u00e1 a disposici\u00f3n de la comunidad a trav\u00e9s de una p\u00e1gina Web, la que contendr\u00e1 la base de datos. All\u00ed, se podr\u00e1 ver un despliegue de fichas con fotograf\u00edas de cada objeto&#8221;, adelanta Gustavo Espinoza.<\/p>\n<p style=\"text-align: justify;\">Para facilitar esta labor, el equipo de trabajo emplea un software que los asiste en la catalogaci\u00f3n de los tejidos. &#8220;Gracias a este sistema computacional podemos saber qu\u00e9 tejidos pertenecen a qu\u00e9 persona y a qu\u00e9 tumba determinada. Esto nos ayuda mucho, puesto que trabajamos con restos humanos que fueron retirados de las tumbas en excavaciones sistem\u00e1ticas, pero ahora podemos reconstruir esas tumbas y sus cementerios. Eso es muy importante para la investigaci\u00f3n&#8221;, agrega.<\/p>\n<p style=\"text-align: justify;\">Junto con el desarrollo de una p\u00e1gina Web, el proyecto contempla en sus planes un cat\u00e1logo digital que ense\u00f1e el vasto material fotogr\u00e1fico de alta resoluci\u00f3n, con el que ya se est\u00e1 contando.<\/p>\n<p style=\"text-align: justify;\">El equipo gestor advierte la delicadeza y seriedad de su labor. Ya que, tras cada prenda examinada y fotografiada se devuelve de inmediato al dep\u00f3sito, interfiriendo lo menos posible en \u00e9sta, para no perder informaci\u00f3n.<\/p>\n<p style=\"text-align: justify;\">&#8220;Estimamos una cifra superior a los 2.000 registros de textiles, solo de tejidos, descartando otras piezas como l\u00edticos (puntas de flecha y calabazas) u otros materiales pertenecientes a otros dep\u00f3sitos, ya que, con posterioridad haremos un registro mayor que persigue inscribir un total de 60.000 piezas para la base de datos, entre l\u00edticos y textiles&#8221;, manifiesta Espinoza.<\/p>\n<table border=\"0\" cellpadding=\"10\" cellspacing=\"10\">\n<tbody>\n<tr>\n<td><img loading=\"lazy\" alt=\"Imagen foto_00000004\" border=\"0\" class=\"fotodrag\" height=\"320\" id=\"foto_00000004\" name=\"foto_00000004\" src=\"\/web\/site\/artic\/20131220\/imag\/foto_0000000420131220193933.jpg\" width=\"180\" \/><\/td>\n<td><img loading=\"lazy\" alt=\"Imagen foto_00000005\" border=\"0\" class=\"fotodrag\" height=\"321\" id=\"foto_00000005\" name=\"foto_00000005\" src=\"\/web\/site\/artic\/20131220\/imag\/foto_0000000520131220193933.jpg\" width=\"180\" \/><\/td>\n<td><img loading=\"lazy\" alt=\"Imagen foto_00000006\" border=\"0\" class=\"fotodrag\" height=\"321\" id=\"foto_00000006\" name=\"foto_00000006\" src=\"\/web\/site\/artic\/20131220\/imag\/foto_0000000620131220193933.jpg\" width=\"180\" \/><\/td>\n<td><img loading=\"lazy\" alt=\"Imagen foto_00000001\" border=\"0\" class=\"fotodrag\" height=\"320\" id=\"foto_00000001\" name=\"foto_00000001\" src=\"\/web\/site\/artic\/20131220\/imag\/foto_0000000120131220193933.jpg\" width=\"180\" \/><\/td>\n<\/tr>\n<tr>\n<td style=\"text-align: center;\">El registro fotogr\u00e1fico se aprovechar\u00e1 para confeccionar un libro.<\/td>\n<td style=\"text-align: center;\">Cuerpo a punto de ser registrado con la menor intervenci\u00f3n posible.<\/td>\n<td style=\"text-align: center;\">Parte de las prendas registradas poseen colgantes como estos.<\/td>\n<td style=\"text-align: center;\">Algunos tejidos est\u00e1n alojados en estas bandejas (dep\u00f3sito).<\/td>\n<\/tr>\n<\/tbody>\n<\/table>\n","protected":false},"excerpt":{"rendered":"<p>Acci\u00f3n se enmarca en el Convenio de Desempe\u00f1o \u201cDesarrollo Estrat\u00e9gico de las Humanidades, las Ciencias Sociales y las Artes en la Universidad de Tarapac\u00e1\u201d.<\/p>\n","protected":false},"author":3,"featured_media":17393,"comment_status":"open","ping_status":"open","sticky":false,"template":"","format":"standard","meta":[],"categories":[],"tags":[],"_links":{"self":[{"href":"https:\/\/www.uta.cl\/index.php\/wp-json\/wp\/v2\/posts\/17392"}],"collection":[{"href":"https:\/\/www.uta.cl\/index.php\/wp-json\/wp\/v2\/posts"}],"about":[{"href":"https:\/\/www.uta.cl\/index.php\/wp-json\/wp\/v2\/types\/post"}],"author":[{"embeddable":true,"href":"https:\/\/www.uta.cl\/index.php\/wp-json\/wp\/v2\/users\/3"}],"replies":[{"embeddable":true,"href":"https:\/\/www.uta.cl\/index.php\/wp-json\/wp\/v2\/comments?post=17392"}],"version-history":[{"count":0,"href":"https:\/\/www.uta.cl\/index.php\/wp-json\/wp\/v2\/posts\/17392\/revisions"}],"wp:featuredmedia":[{"embeddable":true,"href":"https:\/\/www.uta.cl\/index.php\/wp-json\/wp\/v2\/media\/17393"}],"wp:attachment":[{"href":"https:\/\/www.uta.cl\/index.php\/wp-json\/wp\/v2\/media?parent=17392"}],"wp:term":[{"taxonomy":"category","embeddable":true,"href":"https:\/\/www.uta.cl\/index.php\/wp-json\/wp\/v2\/categories?post=17392"},{"taxonomy":"post_tag","embeddable":true,"href":"https:\/\/www.uta.cl\/index.php\/wp-json\/wp\/v2\/tags?post=17392"}],"curies":[{"name":"wp","href":"https:\/\/api.w.org\/{rel}","templated":true}]}}