{"id":17388,"date":"2013-12-20T20:43:52","date_gmt":"2013-12-20T20:43:52","guid":{"rendered":"https:\/\/www.uta.cl\/s\/Spe"},"modified":"2021-04-19T17:56:29","modified_gmt":"2021-04-19T17:56:29","slug":"pedagogia-en-castellano-y-comunicacion-inicio-proceso-de-autoevaluacion","status":"publish","type":"post","link":"https:\/\/www.uta.cl\/index.php\/2013\/12\/20\/pedagogia-en-castellano-y-comunicacion-inicio-proceso-de-autoevaluacion\/","title":{"rendered":"Pedagog\u00eda en Castellano y Comunicaci\u00f3n inici\u00f3 proceso de autoevaluaci\u00f3n"},"content":{"rendered":"\n<p><p style=\"text-align: justify;\"><img loading=\"lazy\" alt=\"Imagen foto_00000001\" class=\"fotodrag\" id=\"foto_00000001\" name=\"foto_00000001\" src=\"\/web\/site\/artic\/20131220\/imag\/foto_0000000120131220204352.jpg\" style=\"float: left; margin: 5px 10px;\" width=\"360\" height=\"238\">&#8220;Esta nueva etapa de autoevaluaci\u00f3n la iniciamos con esperanza y alegr\u00eda, pues somos depositarios de una tradici\u00f3n de m\u00e1s de cuarenta a\u00f1os en la formaci\u00f3n de profesores de la especialidad&#8221;.  Con estas palabras se refiri\u00f3 la acad\u00e9mica Ana Mar\u00eda Soza Romero, jefa de carrera de Licenciatura en Lenguaje y Comunicaci\u00f3n y Pedagog\u00eda en Castellano y Comunicaci\u00f3n (S), Facultad de Educaci\u00f3n y Humanidades (FEH), de la Universidad de Tarapac\u00e1 (UTA).<\/p>\n<p style=\"text-align: justify;\">Soza Romero, a nombre de la carrera de Pedagog\u00eda en Castellano y Comunicaci\u00f3n, invit\u00f3 \u2013el viernes 06 de diciembre- a un &#8216;desayuno de trabajo&#8217; a profesores y directivos de establecimientos educacionales de Arica.  En la oportunidad se dieron cita Jacqueline Retamal Espinosa, Adela Echeverr\u00eda Montero y Rosal\u00eda Molina Rojas, Jefas de Unidades T\u00e9cnicas Pedag\u00f3gicas de los liceos Pablo Neruda, Antonio Varas de la Barra (B-4) y Jovina Naranjo (A-5), respectivamente; Iv\u00e1n Salas Madrid, Jefe de \u00c1rea de Lenguaje de North American College; Rita Flores Ch\u00e1vez, Asistente T\u00e9cnico Pedag\u00f3gico del Colegio Leonardo Da Vinci; y Luis Santos Vera, Director del Colegio San Marcos de Arica.<\/p>\n<p style=\"text-align: justify;\">Por la Universidad de Tarapac\u00e1 participaron los doctores Miria Luque Arias, directora del Departamento de Espa\u00f1ol; Jorge Lagos Caama\u00f1o, coordinador de estudios de postgrado de la FEH.; y Patricio \u00dabeda \u00dabeda, acad\u00e9mico; Rub\u00e9n Capetillo Vel\u00e1squez, director del Departamento de Educaci\u00f3n (S); Mar\u00eda de los \u00c1ngeles Leiva Tapia, alumna integrante del Comit\u00e9 de Carrera; adem\u00e1s de docentes y las secretarias Liliana Chateau y Margarita Arancibia Leiva.<\/p>\n<table cellspacing=\"10\" cellpadding=\"10\" border=\"0\">\n<tbody>\n<tr>\n<td><img loading=\"lazy\" alt=\"Imagen foto_00000003\" class=\"fotodrag\" id=\"foto_00000003\" name=\"foto_00000003\" src=\"\/web\/site\/artic\/20131220\/imag\/foto_0000000320131220204352.jpg\" width=\"360\" height=\"238\" border=\"0\"><\/td>\n<td><img loading=\"lazy\" alt=\"Imagen foto_00000002\" class=\"fotodrag\" id=\"foto_00000002\" name=\"foto_00000002\" src=\"\/web\/site\/artic\/20131220\/imag\/foto_0000000220131220204352.jpg\" width=\"360\" height=\"238\" border=\"0\"><\/td>\n<\/tr>\n<\/tbody>\n<\/table>\n<p style=\"text-align: justify;\">Bajo un ambiente de camarader\u00eda, las y los profesores invitados expresaron su benepl\u00e1cito y la conformidad con el proceso de autoevaluaci\u00f3n que inicia Pedagog\u00eda en Castellano y Comunicaci\u00f3n de la UTA.  Esta acci\u00f3n fue descrita por los participantes como un &#8220;signo claro de los tiempos que se corren&#8221; y que debe redundar en &#8220;cambios de enfoques y paradigmas en la educaci\u00f3n, eso s\u00ed, sin perder el foco: ayudar a los j\u00f3venes chilenos&#8221;. Asimismo, manifestaron su &#8220;apoyo absoluto al proceso&#8221; y desearon &#8220;\u00e9xito pleno a la carrera que los form\u00f3 como profesores&#8221;.<\/p>\n<p style=\"text-align: justify;\">Para la acad\u00e9mica Ana Mar\u00eda Soza Romero, jefa de la carrera en autoevaluaci\u00f3n, &#8220;instancias como \u00e9stas son importantes ya que nos permiten recoger de primera fuente antecedentes sobre el desempe\u00f1o y las experiencias de aula en las que nuestros egresados, profesores de Castellano y Comunicaci\u00f3n, concretan los aprendizajes pedag\u00f3gicos y disciplinarios logrados durante su formaci\u00f3n universitaria&#8221;. Al cierre, Soza Romero enfatiz\u00f3 que &#8220;el proceso de autoevaluaci\u00f3n consiste en una reflexi\u00f3n a partir de la informaci\u00f3n que nos proporcionan empleadores, egresados, estudiantes y acad\u00e9micos respecto a nuestra gesti\u00f3n educativa, con el fin de determinar sus fortalezas y debilidades y, con ello, comprometer las remediales correspondientes. Finalizar\u00e1 este proceso con la incorporaci\u00f3n de los antecedentes en el informe final que ser\u00e1 presentado para la Acreditaci\u00f3n del pr\u00f3ximo a\u00f1o 2014&#8221;.<\/p><\/p>\n","protected":false},"excerpt":{"rendered":"<p>&#8220;Esta nueva etapa de autoevaluaci\u00f3n la iniciamos con esperanza y alegr\u00eda, pues somos depositarios de una tradici\u00f3n de m\u00e1s de cuarenta a\u00f1os en la formaci\u00f3n de profesores de la especialidad&#8221;. Con estas palabras se refiri\u00f3 la acad\u00e9mica Ana Mar\u00eda Soza Romero, jefa de carrera de Licenciatura en Lenguaje y Comunicaci\u00f3n y Pedagog\u00eda en Castellano y [&hellip;]<\/p>\n","protected":false},"author":3,"featured_media":17389,"comment_status":"open","ping_status":"open","sticky":false,"template":"","format":"standard","meta":[],"categories":[32,99],"tags":[],"_links":{"self":[{"href":"https:\/\/www.uta.cl\/index.php\/wp-json\/wp\/v2\/posts\/17388"}],"collection":[{"href":"https:\/\/www.uta.cl\/index.php\/wp-json\/wp\/v2\/posts"}],"about":[{"href":"https:\/\/www.uta.cl\/index.php\/wp-json\/wp\/v2\/types\/post"}],"author":[{"embeddable":true,"href":"https:\/\/www.uta.cl\/index.php\/wp-json\/wp\/v2\/users\/3"}],"replies":[{"embeddable":true,"href":"https:\/\/www.uta.cl\/index.php\/wp-json\/wp\/v2\/comments?post=17388"}],"version-history":[{"count":1,"href":"https:\/\/www.uta.cl\/index.php\/wp-json\/wp\/v2\/posts\/17388\/revisions"}],"predecessor-version":[{"id":29290,"href":"https:\/\/www.uta.cl\/index.php\/wp-json\/wp\/v2\/posts\/17388\/revisions\/29290"}],"wp:featuredmedia":[{"embeddable":true,"href":"https:\/\/www.uta.cl\/index.php\/wp-json\/wp\/v2\/media\/17389"}],"wp:attachment":[{"href":"https:\/\/www.uta.cl\/index.php\/wp-json\/wp\/v2\/media?parent=17388"}],"wp:term":[{"taxonomy":"category","embeddable":true,"href":"https:\/\/www.uta.cl\/index.php\/wp-json\/wp\/v2\/categories?post=17388"},{"taxonomy":"post_tag","embeddable":true,"href":"https:\/\/www.uta.cl\/index.php\/wp-json\/wp\/v2\/tags?post=17388"}],"curies":[{"name":"wp","href":"https:\/\/api.w.org\/{rel}","templated":true}]}}