{"id":17116,"date":"2014-05-23T13:57:20","date_gmt":"2014-05-23T13:57:20","guid":{"rendered":"https:\/\/www.uta.cl\/s\/Upf"},"modified":"2014-05-23T13:57:20","modified_gmt":"2014-05-23T13:57:20","slug":"dia-del-patrimonio-cultural-la-invitacion-es-amplia-a-participar-este","status":"publish","type":"post","link":"https:\/\/www.uta.cl\/index.php\/2014\/05\/23\/dia-del-patrimonio-cultural-la-invitacion-es-amplia-a-participar-este\/","title":{"rendered":"D\u00eda del Patrimonio Cultural: la invitaci\u00f3n es amplia a participar este domingo 25"},"content":{"rendered":"\n<p style=\"text-align: justify;\"><img loading=\"lazy\" alt=\"Imagen foto_00000001\" class=\"fotodrag\" height=\"270\" id=\"foto_00000001\" name=\"foto_00000001\" src=\"\/web\/site\/artic\/20140523\/imag\/foto_0000000120140523135720.jpg\" style=\"float: left; margin: 5px 10px;\" width=\"360\" \/><\/p>\n<table border=\"0\" cellpadding=\"10\" cellspacing=\"10\" style=\"float: right;\">\n<tbody>\n<tr>\n<td style=\"width: 160px; text-align: center; border-width: 1px; border-style: solid; -moz-border-top-colors: none; -moz-border-right-colors: none; -moz-border-bottom-colors: none; -moz-border-left-colors: none; border-image: none; background-repeat: repeat; background-attachment: scroll; background-position: 0% 0%; background-clip: border-box; background-origin: padding-box; background-size: auto auto; background-color: #fefaa4;\">Traslado Gratuito a circuitos patrimoniales &#8211; <a href=\"\/web\/site\/artic\/20140523\/asocfile\/20140523135720\/traslado.pdf\" target=\"_blank\">mas informaci\u00f3n<\/a><\/td>\n<\/tr>\n<\/tbody>\n<\/table>\n<p style=\"text-align: justify;\">Este domingo 25 de mayo se celebra en Arica y todo el pa\u00eds el D\u00eda del Patrimonio Cultural, actividad a cargo del Consejo de Monumentos Nacionales (CMN), cuyo prop\u00f3sito es desarrollar una jornada festiva y de reflexi\u00f3n en torno al conocimiento de los valores, el rol y el significado de nuestra herencia cultural, con visitas a bienes patrimoniales. En esta actividad la Universidad de Tarapac\u00e1 tiene activa participaci\u00f3n a trav\u00e9s del Convenio de Desempe\u00f1o &#8220;Desarrollo Estrat\u00e9gico de las Humanidades, las Ciencias Sociales y las Artes&#8221;.<\/p>\n<p style=\"text-align: justify;\">El coordinador regional de la Comisi\u00f3n Asesora de Monumentos Nacionales de Arica y Parinacota, Jos\u00e9 Barraza Llerena, junto con recordar al destacado arque\u00f3logo alem\u00e1n Max Ulhe, que dijo: &#8220;Un pueblo que honra a su pasado y lo estudia se honra as\u00ed mismo&#8221;, inform\u00f3 que el programa para celebrar este d\u00eda comenz\u00f3 el pasado mi\u00e9rcoles 14 y jueves 15 con la actividad denominada &#8220;Conociendo espacios culturales de mi regi\u00f3n&#8221; y concluir\u00e1 el d\u00eda 30 con una jornada en el Cerro Sagrado, en la que participaran alumnos de la carrera de Antropolog\u00eda de la UTA.<\/p>\n<p style=\"text-align: justify;\"><strong>PROGRAMA DEL DOMINGO 25<\/strong><\/p>\n<p style=\"text-align: justify;\">Sin embargo, el gran d\u00eda ser\u00e1 este domingo, con la invitaci\u00f3n a la comunidad regional para que visite los edificios patrimoniales, como la Catedral San Marcos, la Casa del Gobernador, el edificio de la Gobernaci\u00f3n Mar\u00edtima y el Regimiento Rancagua, que estar\u00e1n abiertos desde las 10 de la ma\u00f1ana hasta las 3 de la tarde. Tambi\u00e9n ese d\u00eda, de 10 a 16 horas en el Registro Civil, de Chacabuco esquina San Mart\u00edn, se realizaran visitas guiadas para quienes lleguen a conocer esa instituci\u00f3n. Adem\u00e1s habr\u00e1 entrada gratuita para visitar los museos de San Miguel de Azapa y de Col\u00f3n 10, de 10 a 18 horas; Museo del Morro de 10 a 19 horas; y Museo del Mar (en Sotomayor esquina Sangra) de 10 a 14 horas.<\/p>\n<p style=\"text-align: justify;\">Conjuntamente con ello, de 10 A 14 horas, habr\u00e1 actividades art\u00edstico-culturales en el anfiteatro del Parque Ib\u00e1\u00f1ez, organizadas por la Municipalidad, mientras que a las 12 horas, en el mismo anfiteatro la Organizaci\u00f3n de Cocineros de Arica, OCA, presentar\u00e1 una muestra gastron\u00f3mica.<\/p>\n<p style=\"text-align: justify;\">El D\u00eda del Patrimonio Cultural de Chile se instaur\u00f3 en el 1999, a trav\u00e9s de un decreto ley que lo establece para cada \u00faltimo d\u00eda domingo del mes de mayo. La iniciativa desde sus inicios es coordinada por el Consejo de Monumentos Nacionales (CMN) y la Direcci\u00f3n de Bibliotecas, Archivos y Museos (DIBAM), y ha sido posible gracias a la participaci\u00f3n de m\u00faltiples entidades p\u00fablicas, privadas y comunitarias.<\/p>\n<p style=\"text-align: justify;\">En los tres \u00faltimos a\u00f1os, la tem\u00e1tica de conmemoraci\u00f3n ha sido el patrimonio y su relaci\u00f3n con el desarrollo, el territorio y para este 2014 se busca que la reflexi\u00f3n est\u00e9 centrada  en la vinculaci\u00f3n entre el patrimonio y comunidad y sus diversas manifestaciones.<\/p>\n<table border=\"0\" cellpadding=\"10\" cellspacing=\"10\">\n<tbody>\n<tr>\n<td><img loading=\"lazy\" alt=\"Imagen foto_00000004\" border=\"0\" class=\"fotodrag\" height=\"186\" id=\"foto_00000004\" name=\"foto_00000004\" src=\"\/web\/site\/artic\/20140523\/imag\/foto_0000000420140523135720.jpg\" width=\"280\" \/><\/td>\n<td><img loading=\"lazy\" alt=\"Imagen foto_00000003\" border=\"0\" class=\"fotodrag\" height=\"186\" id=\"foto_00000003\" name=\"foto_00000003\" src=\"\/web\/site\/artic\/20140523\/imag\/foto_0000000320140523135720.jpg\" width=\"123\" \/><\/td>\n<td><img loading=\"lazy\" alt=\"Imagen foto_00000002\" border=\"0\" class=\"fotodrag\" height=\"187\" id=\"foto_00000002\" name=\"foto_00000002\" src=\"\/web\/site\/artic\/20140523\/imag\/foto_0000000220140523135720.jpg\" width=\"321\" \/><\/td>\n<\/tr>\n<\/tbody>\n<\/table>\n<p style=\"text-align: justify;\"><strong>DESAF\u00cdOS Y TAREAS PENDIENTES<\/strong><\/p>\n<p style=\"text-align: justify;\">Consultado Barraza sobre los desaf\u00edos y urgencias que hay sobre nuestro patrimonio cultural dijo que est\u00e1 la restauraci\u00f3n de obras relevantes como la Catedral San Marcos, Estaci\u00f3n de FFCC Arica \u2013 La Paz, la Ex Aduana o Casa de la Cultura. Tambi\u00e9n hay trabajos pendientes para el Morro de Arica, la Ex Isla del Alacr\u00e1n y sus fortificaciones, el Mercado Central y el templo de Parinacota. Adem\u00e1s, la puesta en valor de los sitios de la Cultura Chinchorro en Caleta de Camarones y Faldeos del Morro. Junto con ello, mejorar los mecanismos jur\u00eddicos y de gesti\u00f3n para conservaci\u00f3n y protecci\u00f3n de los geoglifos de los valles de Azapa y Lluta.<\/p>\n<p style=\"text-align: justify;\">Tambi\u00e9n destac\u00f3 que es necesaria una mayor preocupaci\u00f3n por la conservaci\u00f3n y puesta en valor del patrimonio arqueol\u00f3gico regional. &#8220;Cada una de estas iniciativas debe ser trabajada con una estrecha participaci\u00f3n de la comunidad regional. Dada la riqueza patrimonial de nuestra regi\u00f3n es urgente incorporar en el curr\u00edculo escolar la tem\u00e1tica patrimonial tanto lo natural como la cultural&#8221;, precis\u00f3.<\/p>\n<p style=\"text-align: justify;\">Junto a la Comisi\u00f3n Asesora de Monumentos Nacionales de Arica y Parinacota del Consejo de Monumentos Nacionales, participan en la organizaci\u00f3n de esta celebraci\u00f3n: Universidad de Tarapac\u00e1, a trav\u00e9s del Departamento de Antropolog\u00eda y del Convenio de Desempe\u00f1o; Consejo Regional de la Cultura y las Artes de Arica y Parinacota; Municipalidad de Arica, a trav\u00e9s del Departamento de Artes y Cultura. Las instituciones que participan a trav\u00e9s de la apertura de sus edificios y con diversas actividades son: Gobernaci\u00f3n Provincial de Arica; Gobernaci\u00f3n Mar\u00edtima de Arica; Coordinaci\u00f3n Regional, DIBAM; Universidad Tecnol\u00f3gica de Chile INACAP, carrera de Servicios Tur\u00edsticos; Estudiantes de Antropolog\u00eda UTA; Regimiento Reforzado N\u00ba 4 &#8220;Rancagua&#8221;; Obispado de Arica; Oficina del Adulto Mayor de la Municipalidad de Arica; Servicio de Salud de Arica; SEREMI MINEDUC Arica y Parinacota; Organizaci\u00f3n de Cocineros de Arica, OCA;REPA, Red de Educadores Patrimoniales Zona Norte Arica y Parinacota; y Asociaci\u00f3n Ind\u00edgena Chacha Warmi Precordillera Marka.<\/p>\n","protected":false},"excerpt":{"rendered":"<p>Ese d\u00eda habr\u00e1 actividades en el Parque Ib\u00e1\u00f1ez y se podr\u00e1 visitar los principales edificios patrimoniales y los museos estar\u00e1n abiertos con entrada gratuita.<\/p>\n","protected":false},"author":3,"featured_media":17117,"comment_status":"open","ping_status":"open","sticky":false,"template":"","format":"standard","meta":[],"categories":[],"tags":[],"_links":{"self":[{"href":"https:\/\/www.uta.cl\/index.php\/wp-json\/wp\/v2\/posts\/17116"}],"collection":[{"href":"https:\/\/www.uta.cl\/index.php\/wp-json\/wp\/v2\/posts"}],"about":[{"href":"https:\/\/www.uta.cl\/index.php\/wp-json\/wp\/v2\/types\/post"}],"author":[{"embeddable":true,"href":"https:\/\/www.uta.cl\/index.php\/wp-json\/wp\/v2\/users\/3"}],"replies":[{"embeddable":true,"href":"https:\/\/www.uta.cl\/index.php\/wp-json\/wp\/v2\/comments?post=17116"}],"version-history":[{"count":0,"href":"https:\/\/www.uta.cl\/index.php\/wp-json\/wp\/v2\/posts\/17116\/revisions"}],"wp:featuredmedia":[{"embeddable":true,"href":"https:\/\/www.uta.cl\/index.php\/wp-json\/wp\/v2\/media\/17117"}],"wp:attachment":[{"href":"https:\/\/www.uta.cl\/index.php\/wp-json\/wp\/v2\/media?parent=17116"}],"wp:term":[{"taxonomy":"category","embeddable":true,"href":"https:\/\/www.uta.cl\/index.php\/wp-json\/wp\/v2\/categories?post=17116"},{"taxonomy":"post_tag","embeddable":true,"href":"https:\/\/www.uta.cl\/index.php\/wp-json\/wp\/v2\/tags?post=17116"}],"curies":[{"name":"wp","href":"https:\/\/api.w.org\/{rel}","templated":true}]}}