{"id":17036,"date":"2014-06-12T12:28:07","date_gmt":"2014-06-12T12:28:07","guid":{"rendered":"https:\/\/www.uta.cl\/s\/xDg"},"modified":"2021-01-14T12:32:58","modified_gmt":"2021-01-14T12:32:58","slug":"alumnas-de-parvularia-vivieron-jornadas-de-renovacion-curricular","status":"publish","type":"post","link":"https:\/\/www.uta.cl\/index.php\/2014\/06\/12\/alumnas-de-parvularia-vivieron-jornadas-de-renovacion-curricular\/","title":{"rendered":"Alumnas de Parvularia vivieron jornadas de renovaci\u00f3n curricular"},"content":{"rendered":"\n<p><table style=\"float: left;\" cellspacing=\"10\" cellpadding=\"10\" border=\"0\">\n<tbody>\n<tr>\n<td><img loading=\"lazy\" alt=\"Imagen foto_00000002\" class=\"fotodrag\" id=\"foto_00000002\" name=\"foto_00000002\" src=\"\/web\/site\/artic\/20140612\/imag\/foto_0000000220140612122807.jpg\" width=\"360\" height=\"202\" border=\"0\"><\/td>\n<\/tr>\n<tr>\n<td style=\"width: 360px; text-align: center; border-width: 1px; border-style: solid; -moz-border-top-colors: none; -moz-border-right-colors: none; -moz-border-bottom-colors: none; -moz-border-left-colors: none; border-image: none;\">Pdta del CCAA, Patricia Parodi en grupo de trabajo analizando el perfil profesional<\/td>\n<\/tr>\n<\/tbody>\n<\/table>\n<p style=\"text-align: justify;\">En grupos de estudio, con cuestionarios y un focus group, las alumnas de la carrera de Parvularia participaron de jornadas de an\u00e1lisis del perfil de egreso. Un proceso de socializaci\u00f3n que parti\u00f3 con uno de los actores principales del proceso de formaci\u00f3n profesional, sus estudiantes.<\/p>\n<p style=\"text-align: justify;\"><a href=\"http:\/\/youtu.be\/3Y-D9cmK5Hw\" target=\"_blank\" rel=\"noopener\">Ver nota audiovisual de la jornada<\/a><\/p>\n<p style=\"text-align: justify;\">La jornada est\u00e1 inscrita como una de las actividades necesarias para que tomen conciencia del aprendizaje que se espera alcanzar. &#8220;Todo ello con el fin de que asuma una responsabilidad personal en el proceso de formaci\u00f3n&#8221;, coment\u00f3 la jefa de carrera Juanita Escobillana.<\/p>\n<p style=\"text-align: justify;\">Las alumnas conocieron las cualidades que tendr\u00e1n cuando egresen de la carrera. Por ejemplo, el alto compromiso social en contextos vulnerables y multiculturales con el cual evidenciar\u00e1n en su labor profesional, como lo declara este perfil.<\/p>\n<p style=\"text-align: justify;\">Otro ejemplo: &#8220;Un liderazgo pedag\u00f3gico que le permite involucrar en su quehacer, a la familia y la comunidad&#8221;, se\u00f1ala el perfil de egreso.<\/p>\n<p style=\"text-align: justify;\">Una de las habilidades de los egresados est\u00e1 en el \u00e9nfasis de la investigaci\u00f3n de acci\u00f3n con estudios de casos. As\u00ed dice el perfil: &#8220;El profesional egresado realiza una labor de investigaci\u00f3n en la acci\u00f3n, que le permite comprender, orientar, replantear e innovar en su labor profesional&#8221;, enfatiz\u00f3 Galia Meneses, asesora del \u00e1rea de dise\u00f1o curricular del Centro de Innovaci\u00f3n y Desarrollo de la Docencia, CIDD.<\/p>\n<p style=\"text-align: justify;\">La jefa de carrera, Juanita Escobillana les coment\u00f3 que el actual perfil es del 2005. &#8220;Los tiempos han cambiado, no es verdad? Por tanto, requerimos un perfil de egreso acorde a estos tiempos&#8221;. Con estas palabras se inici\u00f3 la jornada de trabajo. Luego, Galia Meneses ley\u00f3 y present\u00f3 el perfil, explicando que es el sello y la identidad de las educadoras de p\u00e1rvulos de la Universidad de Tarapac\u00e1.<\/p>\n<p style=\"text-align: justify;\">La actividad fue celebrada el d\u00eda lunes 26 de mayo en el Sal\u00f3n Oviedo Soto Mayor con alrededor de 50 alumnas de la carrera.<\/p>\n<table cellspacing=\"10\" cellpadding=\"10\" border=\"0\">\n<tbody>\n<tr>\n<td><img loading=\"lazy\" alt=\"Imagen foto_00000005\" class=\"fotodrag\" id=\"foto_00000005\" name=\"foto_00000005\" src=\"\/web\/site\/artic\/20140612\/imag\/foto_0000000520140612122807.jpg\" width=\"360\" height=\"202\" border=\"0\"><\/td>\n<td><img loading=\"lazy\" alt=\"Imagen foto_00000001\" class=\"fotodrag\" id=\"foto_00000001\" name=\"foto_00000001\" src=\"\/web\/site\/artic\/20140612\/imag\/foto_0000000120140612122807.jpg\" width=\"360\" height=\"202\" border=\"0\"><\/td>\n<\/tr>\n<tr>\n<td style=\"width: 360px; text-align: center; border-width: 1px; border-style: solid; -moz-border-top-colors: none; -moz-border-right-colors: none; -moz-border-bottom-colors: none; -moz-border-left-colors: none; border-image: none;\">Galia Meneses, asesora curricular del CIDD, present\u00f3 el perfil de egreso a las alumnas<\/td>\n<td style=\"width: 360px; text-align: center; border-width: 1px; border-style: solid; -moz-border-top-colors: none; -moz-border-right-colors: none; -moz-border-bottom-colors: none; -moz-border-left-colors: none; border-image: none;\">Juanita Escobill\u00e1n, jefa de carrera de Parvularia salud\u00f3 a las alumnas en la jornada de trabajo curricular<\/td>\n<\/tr>\n<\/tbody>\n<\/table>\n<p style=\"text-align: justify;\">Tras el t\u00e9rmino de la actividad, la jefa de carrera coment\u00f3 que &#8220;fue una instancia que permiti\u00f3 conocer de qu\u00e9 manera las estudiantes ven el perfil de egreso. Ha existido mucha renovaci\u00f3n en Educaci\u00f3n Parvularia y era necesario actualizarse&#8221;.<\/p>\n<p style=\"text-align: justify;\">La presidenta del centro de alumnos de la carrera, Patricia Parodi critic\u00f3 que no se tomen en cuenta a los alumnos en las decisiones y las sugerencias que realizan nunca se ven plasmadas en el la carrera.<\/p>\n<p style=\"text-align: justify;\">Por su parte, la jefa de carrera, dijo que las puertas siempre han estado abiertas a la participaci\u00f3n de los estudiantes, respondiendo a los dichos de la dirigente estudiantil.<\/p>\n<p style=\"text-align: justify;\">Tambi\u00e9n hubo otras estudiantes de la carrera que reconocieron su participaci\u00f3n en esta actividad: &#8220;Me pareci\u00f3 interesante, y me parece justo que nos hagan part\u00edcipes de este proceso tambi\u00e9n, porque al fin y al cabo, es una la que va a salir al campo laboral y la que nos afecta las competencias necesarias para poder ejercer productivamente&#8221;, opin\u00f3 Rose Marie L\u00f3pez, alumna de primer a\u00f1o.<\/p>\n<p style=\"text-align: justify;\">&#8220;Es importante poder conocer informaci\u00f3n del perfil. Lo de las pr\u00e1cticas que se hagan mucho m\u00e1s. Yo encuentro que estaba todo, porque est\u00e1 como todo lo que tiene que tener al finalizar y es como lo que ellos nos pasan a nosotros en las clases. Entonces est\u00e1 como todo complementado. Lo encuentro s\u00faper bien&#8221;, manifest\u00f3 Marilyn Mercado, alumna de tercer a\u00f1o.<\/p>\n<p style=\"text-align: justify;\">&#8220;Lo que se present\u00f3 fue bastante claro. En realidad es un perfil bueno. Se est\u00e1 mejorando. Fortalecer la lengua aymara e ingl\u00e9s, es una competencia que se debe desarrollar como sugerencias que se deber\u00edan implementar en el perfil&#8221;, opin\u00f3 Mar\u00eda Jos\u00e9 Moreno, de tercer a\u00f1o.<\/p>\n<p style=\"text-align: justify;\">La construcci\u00f3n del perfil fue un trabajo realizado como parte del proceso de renovaci\u00f3n curricular. Cont\u00f3 con la participaci\u00f3n de todos los acad\u00e9micos y profesores del plan de estudios de la carrera, incluyendo esta vez a los alumnos y lo har\u00e1 tambi\u00e9n con egresados.<\/p>\n<p style=\"text-align: justify;\">Una de las innovaciones curriculares del nuevo perfil es que est\u00e1 basado en competencias identificables y evaluables, caso contrario al de los objetivos de aprendizaje que antes exist\u00eda. Una precisi\u00f3n clara y precisa que permite evidenciar con mayor certeza el \u00e9xito de los profesionales que egresar\u00e1n de la carrera.<\/p>\n<table cellspacing=\"10\" cellpadding=\"10\" border=\"0\">\n<tbody>\n<tr>\n<td><img loading=\"lazy\" alt=\"Imagen foto_00000004\" class=\"fotodrag\" id=\"foto_00000004\" name=\"foto_00000004\" src=\"\/web\/site\/artic\/20140612\/imag\/foto_0000000420140612122807.jpg\" width=\"360\" height=\"202\" border=\"0\"><\/td>\n<td><img loading=\"lazy\" alt=\"Imagen foto_00000003\" class=\"fotodrag\" id=\"foto_00000003\" name=\"foto_00000003\" src=\"\/web\/site\/artic\/20140612\/imag\/foto_0000000320140612122807.jpg\" width=\"360\" height=\"202\" border=\"0\"><\/td>\n<\/tr>\n<tr>\n<td style=\"width: 360px; text-align: center; border-width: 1px; border-style: solid; -moz-border-top-colors: none; -moz-border-right-colors: none; -moz-border-bottom-colors: none; -moz-border-left-colors: none; border-image: none;\">Alumnas junto a la jefa de carrera, acad\u00e9micos y asesora curricular de Educaci\u00f3n de P\u00e1rvulos<\/td>\n<td><\/td>\n<\/tr>\n<\/tbody>\n<\/table><\/p>\n","protected":false},"excerpt":{"rendered":"<p>La carrera de la Facultad de Educaci\u00f3n y Humanidades trabaj\u00f3 con sus estudiantes en el proceso de validaci\u00f3n del perfil de egreso, una definici\u00f3n global del conjunto de competencias que ser\u00e1n necesarias a la hora de enfrentarse al campo laboral.<\/p>\n","protected":false},"author":3,"featured_media":17037,"comment_status":"open","ping_status":"open","sticky":false,"template":"","format":"standard","meta":[],"categories":[94,32],"tags":[],"_links":{"self":[{"href":"https:\/\/www.uta.cl\/index.php\/wp-json\/wp\/v2\/posts\/17036"}],"collection":[{"href":"https:\/\/www.uta.cl\/index.php\/wp-json\/wp\/v2\/posts"}],"about":[{"href":"https:\/\/www.uta.cl\/index.php\/wp-json\/wp\/v2\/types\/post"}],"author":[{"embeddable":true,"href":"https:\/\/www.uta.cl\/index.php\/wp-json\/wp\/v2\/users\/3"}],"replies":[{"embeddable":true,"href":"https:\/\/www.uta.cl\/index.php\/wp-json\/wp\/v2\/comments?post=17036"}],"version-history":[{"count":1,"href":"https:\/\/www.uta.cl\/index.php\/wp-json\/wp\/v2\/posts\/17036\/revisions"}],"predecessor-version":[{"id":27826,"href":"https:\/\/www.uta.cl\/index.php\/wp-json\/wp\/v2\/posts\/17036\/revisions\/27826"}],"wp:featuredmedia":[{"embeddable":true,"href":"https:\/\/www.uta.cl\/index.php\/wp-json\/wp\/v2\/media\/17037"}],"wp:attachment":[{"href":"https:\/\/www.uta.cl\/index.php\/wp-json\/wp\/v2\/media?parent=17036"}],"wp:term":[{"taxonomy":"category","embeddable":true,"href":"https:\/\/www.uta.cl\/index.php\/wp-json\/wp\/v2\/categories?post=17036"},{"taxonomy":"post_tag","embeddable":true,"href":"https:\/\/www.uta.cl\/index.php\/wp-json\/wp\/v2\/tags?post=17036"}],"curies":[{"name":"wp","href":"https:\/\/api.w.org\/{rel}","templated":true}]}}