{"id":16518,"date":"2014-10-21T10:48:13","date_gmt":"2014-10-21T10:48:13","guid":{"rendered":"https:\/\/www.uta.cl\/s\/F1k"},"modified":"2014-10-21T10:48:13","modified_gmt":"2014-10-21T10:48:13","slug":"colegio-abraham-lincoln-gano-concurso-delibera-e-ira-a-valparaiso-para","status":"publish","type":"post","link":"https:\/\/www.uta.cl\/index.php\/2014\/10\/21\/colegio-abraham-lincoln-gano-concurso-delibera-e-ira-a-valparaiso-para\/","title":{"rendered":"Colegio Abraham Lincoln gan\u00f3 concurso Delibera e ir\u00e1 a Valpara\u00edso para la final nacional"},"content":{"rendered":"\n<table border=\"0\" cellpadding=\"10\" cellspacing=\"10\" style=\"float: left;\">\n<tbody>\n<tr>\n<td><img loading=\"lazy\" alt=\"Imagen foto_00000001\" border=\"0\" class=\"fotodrag\" height=\"238\" id=\"foto_00000001\" name=\"foto_00000001\" src=\"\/web\/site\/artic\/20141021\/imag\/foto_0000000120141021104813.jpg\" width=\"360\" \/><\/td>\n<\/tr>\n<tr>\n<td style=\"width: 360px; text-align: center; border-width: 1px; border-style: solid; -moz-border-top-colors: none; -moz-border-right-colors: none; -moz-border-bottom-colors: none; -moz-border-left-colors: none; border-image: none;\">Primer lugar, Colegio Abraham Lincoln<\/td>\n<\/tr>\n<\/tbody>\n<\/table>\n<p style=\"text-align: justify;\">El representativo del Colegio Abraham Lincoln fue el ganador regional del Concurso Delibera, etapa que se realiz\u00f3 este lunes 20 en el hall central del Campus Saucache de la Universidad de Tarapac\u00e1 y cuya final nacional se efectuar\u00e1 en noviembre en el Congreso Nacional en Valpara\u00edso.<\/p>\n<p style=\"text-align: justify;\">Delibera es un torneo interescolar de deliberaci\u00f3n y formaci\u00f3n c\u00edvica en el que participan estudiantes de Ense\u00f1anza Media de todo el pa\u00eds. El juego consiste en elaborar Iniciativas Juveniles de Ley, que equivalen a una etapa pre-legislativa en el proceso de gestaci\u00f3n de la Ley. En este ejercicio los estudiantes se organizan en equipos y trabajan creando y difundiendo sus Iniciativas Juveniles de Ley a trav\u00e9s de las redes sociales y su comunidad.<\/p>\n<p style=\"text-align: justify;\">Concurso que organiza a nivel pa\u00eds la Biblioteca del Congreso y en esta regi\u00f3n en conjunto con la Universidad de Tarapac\u00e1, a trav\u00e9s de la Direcci\u00f3n General de Extensi\u00f3n y Vinculaci\u00f3n.<\/p>\n<p style=\"text-align: justify;\">El segundo lugar lo obtuvo el Liceo A-1 Octavio Palma P\u00e9rez y el tercero fue para el Colegio Centenario. Los otros establecimientos que llegaron a esta final regional son el Ford College, San Jorge, Liceo Bicentenario Jovina Naranjo y North American College.<\/p>\n<p style=\"text-align: justify;\">En la competencia, que se extendi\u00f3 durante toda la ma\u00f1ana y concluy\u00f3 a las 16.30 horas, cada uno de los equipos, integrado por cinco alumnos y un profesor gu\u00eda, present\u00f3 un video, expuso su proyecto en cinco minutos y luego se someti\u00f3 a preguntas de los otros grupos, interviniendo al final de cada equipo el jurado para hacer alcances y recomendar como mejorar el proyecto.<\/p>\n<table border=\"0\" cellpadding=\"10\" cellspacing=\"10\">\n<tbody>\n<tr>\n<td><img loading=\"lazy\" alt=\"Imagen foto_00000004\" border=\"0\" class=\"fotodrag\" height=\"238\" id=\"foto_00000004\" name=\"foto_00000004\" src=\"\/web\/site\/artic\/20141021\/imag\/foto_0000000420141021104813.jpg\" width=\"360\" \/><\/td>\n<td><img loading=\"lazy\" alt=\"Imagen foto_00000002\" border=\"0\" class=\"fotodrag\" height=\"238\" id=\"foto_00000002\" name=\"foto_00000002\" src=\"\/web\/site\/artic\/20141021\/imag\/foto_0000000220141021104813.jpg\" width=\"360\" \/><\/td>\n<\/tr>\n<tr>\n<td style=\"width: 360px; text-align: center; border-width: 1px; border-style: solid; -moz-border-top-colors: none; -moz-border-right-colors: none; -moz-border-bottom-colors: none; -moz-border-left-colors: none; border-image: none;\">Segundo Lugar, Liceo A-1 Octavio Palma P\u00e9rez<\/td>\n<td style=\"width: 360px; text-align: center; border-width: 1px; border-style: solid; -moz-border-top-colors: none; -moz-border-right-colors: none; -moz-border-bottom-colors: none; -moz-border-left-colors: none; border-image: none;\">Tercer Lugar, Colegio Centenario<\/td>\n<\/tr>\n<\/tbody>\n<\/table>\n<p style=\"text-align: justify;\">En la inauguraci\u00f3n de la jornada salud\u00f3 a los estudiantes participantes el director adjunto de la Biblioteca del Congreso, Felipe Vicencio Eyzaguirre; y a nombre del rector de la UTA lo hizo la directora general de Extensi\u00f3n y Vinculaci\u00f3n, Dra. Pilar Mazuela \u00c1guila.<\/p>\n<p style=\"text-align: justify;\">El jurado estuvo integrado por el abogado Sergio P\u00e9rez, por el sector Legal; el bi\u00f3logo de la UTA Pablo Valladares, por el sector Ciencias; y el profesor de la UTA Ra\u00fal Bustos, por el sector Educaci\u00f3n.<\/p>\n<p style=\"text-align: justify;\"><strong>PROYECTO Y EQUIPO GANADOR<\/strong><\/p>\n<table border=\"0\" cellpadding=\"10\" cellspacing=\"10\" style=\"float: left;\">\n<tbody>\n<tr>\n<td><img loading=\"lazy\" alt=\"Imagen foto_00000005\" border=\"0\" class=\"fotodrag\" height=\"238\" id=\"foto_00000005\" name=\"foto_00000005\" src=\"\/web\/site\/artic\/20141021\/imag\/foto_0000000520141021104813.jpg\" width=\"360\" \/><\/td>\n<\/tr>\n<tr>\n<td style=\"width: 360px; text-align: center; border-width: 1px; border-style: solid; -moz-border-top-colors: none; -moz-border-right-colors: none; -moz-border-bottom-colors: none; -moz-border-left-colors: none; border-image: none;\">Jurado: Ra\u00fal Bustos, Sergio P\u00e9rez y Pablo Valladares<\/td>\n<\/tr>\n<\/tbody>\n<\/table>\n<p style=\"text-align: justify;\">El equipo ganador expuso un proyecto de ley para combatir el endeudamiento que actualmente tienen los j\u00f3venes con los bancos y el comercio a trav\u00e9s de las tarjetas de cr\u00e9dito. Para ello proponen un proyecto de ley para que sean obligatorias las clases de &#8220;Educaci\u00f3n financiera&#8221; en los colegios, donde a los estudiantes les ense\u00f1en a no endeudarse, aprendan operan los cr\u00e9ditos de los bancos y el retail, y que el mejor negocio de cada persona est\u00e1 en saber ahorrar.<\/p>\n<p style=\"text-align: justify;\">El equipo ganador lo integran Daylin Villalobos Ram\u00edrez, Vanesa Ram\u00edrez Espinoza, Francisca Berr\u00edos Tapia, Javier Rivera Zavala e Ignacio Gallardo Ferrada, todos de cuarto a\u00f1o medio, quienes estuvieron acompa\u00f1ados de su profesora gu\u00eda, Rosa Jarpa Zamorano. Todos se manifestaron sorprendidos del primer lugar, lo ve\u00edan muy dif\u00edcil, por lo mismo estaban m\u00e1s que felices por ganar y porque viajaran en noviembre a Valpara\u00edso a representar a la regi\u00f3n.<\/p>\n<table border=\"0\" cellpadding=\"10\" cellspacing=\"10\" style=\"float: right;\">\n<tbody>\n<tr>\n<td><img loading=\"lazy\" alt=\"Imagen foto_00000006\" border=\"0\" class=\"fotodrag\" height=\"274\" id=\"foto_00000006\" name=\"foto_00000006\" src=\"\/web\/site\/artic\/20141021\/imag\/foto_0000000620141021104813.jpg\" width=\"360\" \/><\/td>\n<\/tr>\n<tr>\n<td style=\"width: 360px; text-align: center; border-width: 1px; border-style: solid; -moz-border-top-colors: none; -moz-border-right-colors: none; -moz-border-bottom-colors: none; -moz-border-left-colors: none; border-image: none;\">El diputado Luis Rocafull se hizo presente en la competencia y felicit\u00f3 a los participantes<\/td>\n<\/tr>\n<\/tbody>\n<\/table>\n<p style=\"text-align: justify;\">El diputado Luis Rocafull L\u00f3pez, que estuvo presente durante toda la ma\u00f1ana en la competencia, se manifest\u00f3 gratamente sorprendido por la participaci\u00f3n de los siete colegios que llegaron a esta final regional. Por lo mismo los felicit\u00f3 y los llam\u00f3 a seguir persistiendo, porque Arica necesita ciudadanos como ellos: informados, preocupados de la vida en sociedad y que aportan con iniciativas al bien com\u00fan.<\/p>\n<p style=\"text-align: justify;\">El director adjunto de la Biblioteca del Congreso Felipe Vicencio Eyzaguirre y el director del Departamento de Extensi\u00f3n y Vinculaci\u00f3n de la UTA, Iv\u00e1n Guzm\u00e1n Navarro, hicieron entrega de los premios y medallas a los tres primeros lugares.<\/p>\n<p style=\"text-align: justify;\">La conducci\u00f3n y coordinaci\u00f3n de las diferentes etapas del concurso en Arica y Parinacota, que comenz\u00f3 en agosto pasado, estuvo a cargo de Felipe Moreno Rivera.<\/p>\n<p style=\"text-align: justify;\">El 2012, porque el a\u00f1o pasado no se realiz\u00f3 en la regi\u00f3n, el ganador regional fue el Liceo A-1 Octavio Palma P\u00e9rez, que en la final nacional obtuvo el segundo lugar.<\/p>\n","protected":false},"excerpt":{"rendered":"<p>En la final regional realizada en la UTA compitieron siete colegios. Concurso lo organiza en todo el pa\u00eds la Biblioteca del Congreso Nacional para incentivar participaci\u00f3n de j\u00f3venes en la pol\u00edtica y las pr\u00e1cticas democr\u00e1ticas<\/p>\n","protected":false},"author":3,"featured_media":16519,"comment_status":"open","ping_status":"open","sticky":false,"template":"","format":"standard","meta":[],"categories":[],"tags":[],"_links":{"self":[{"href":"https:\/\/www.uta.cl\/index.php\/wp-json\/wp\/v2\/posts\/16518"}],"collection":[{"href":"https:\/\/www.uta.cl\/index.php\/wp-json\/wp\/v2\/posts"}],"about":[{"href":"https:\/\/www.uta.cl\/index.php\/wp-json\/wp\/v2\/types\/post"}],"author":[{"embeddable":true,"href":"https:\/\/www.uta.cl\/index.php\/wp-json\/wp\/v2\/users\/3"}],"replies":[{"embeddable":true,"href":"https:\/\/www.uta.cl\/index.php\/wp-json\/wp\/v2\/comments?post=16518"}],"version-history":[{"count":0,"href":"https:\/\/www.uta.cl\/index.php\/wp-json\/wp\/v2\/posts\/16518\/revisions"}],"wp:featuredmedia":[{"embeddable":true,"href":"https:\/\/www.uta.cl\/index.php\/wp-json\/wp\/v2\/media\/16519"}],"wp:attachment":[{"href":"https:\/\/www.uta.cl\/index.php\/wp-json\/wp\/v2\/media?parent=16518"}],"wp:term":[{"taxonomy":"category","embeddable":true,"href":"https:\/\/www.uta.cl\/index.php\/wp-json\/wp\/v2\/categories?post=16518"},{"taxonomy":"post_tag","embeddable":true,"href":"https:\/\/www.uta.cl\/index.php\/wp-json\/wp\/v2\/tags?post=16518"}],"curies":[{"name":"wp","href":"https:\/\/api.w.org\/{rel}","templated":true}]}}